{"id":8697,"date":"2019-02-04T13:31:00","date_gmt":"2019-02-04T12:31:00","guid":{"rendered":"http:\/\/bisbalpenedes.com\/web\/?p=8697"},"modified":"2019-02-04T13:31:20","modified_gmt":"2019-02-04T12:31:20","slug":"lajuntament-de-la-bisbal-del-penedes-ha-aprovat-la-concessio-de-la-subvencio-per-a-entitats-culturals","status":"publish","type":"post","link":"https:\/\/bisbalpenedes.com\/web\/2019\/02\/04\/lajuntament-de-la-bisbal-del-penedes-ha-aprovat-la-concessio-de-la-subvencio-per-a-entitats-culturals\/","title":{"rendered":"L\u2019Ajuntament de la Bisbal del Pened\u00e8s ha aprovat la concessi\u00f3 de la subvenci\u00f3 per a entitats culturals"},"content":{"rendered":"<p style=\"text-align: justify;\"><span style=\"color: #000000;\">L\u2019Ajuntament de la Bisbal del Pened\u00e8s ha aprovat, per Junta de Govern, la concessi\u00f3 de la subvenci\u00f3 per a entitats culturals de l\u2019any 2018 a l\u2019Associaci\u00f3 de Cors Antistiana per 901,51\u20ac i a la Societat Cultural i Recreativa Bisbalenca per 6.995,64\u20ac.<\/span><\/p>\n<p style=\"text-align: justify;\"><span style=\"color: #000000;\">Es tracta d\u2019una subvenci\u00f3 a la qual poden optar totes les entitats i associacions sense \u00e0nim de lucre legalment constitu\u00efdes, amb seu al municipi i que estiguin inscrites al Registre d\u2019Entitats, que estiguin al corrent de pagament amb l\u2019Ag\u00e8ncia Estatal d\u2019Administraci\u00f3 Tribut\u00e0ria, la Tresoreria General de la Seguretat Social, l\u2019Ag\u00e8ncia Tribut\u00e0ria Catalana, la Hisenda Municipal de l\u2019Ajuntament de la Bisbal del Pened\u00e8s i altres Administracions p\u00fabliques.<\/span><\/p>\n<p style=\"text-align: justify;\"><span style=\"color: #000000;\">Aquestes subvencions s\u00f3n una part del suport que ofereix la Regidoria de Cultura a les entitats del municipi, ja que totes les entitats culturals inscrites al Registre d\u2019entitats de l\u2019Ajuntament, sol\u00b7licitin o no subvenci\u00f3, poden optar a:<\/span><\/p>\n<ul style=\"text-align: justify;\">\n<li><span style=\"color: #000000;\">La cessi\u00f3 d\u2019espais municipals per realitzar les seves activitats i reunions.<\/span><\/li>\n<li><span style=\"color: #000000;\">Al servei de fotoc\u00f2pies de documents necessaris per a les seves activitats.<\/span><\/li>\n<li><span style=\"color: #000000;\">Al disseny de cartells anunciant activitats de l\u2019entitat.<\/span><\/li>\n<li><span style=\"color: #000000;\">A la difusi\u00f3 de les activitats a les xarxes socials municipals.<\/span><\/li>\n<li><span style=\"color: #000000;\">Al servei d\u2019ambul\u00e0ncies en cas que sigui necessari per a l\u2019activitat que realitzen.<\/span><\/li>\n<li><span style=\"color: #000000;\">Al suport log\u00edstic amb material municipal.<\/span><\/li>\n<li><span style=\"color: #000000;\">A participar en el servei de venda d\u2019entrades del cicle Gaud\u00ed de cinema en catal\u00e0, on l\u2019entitat es queda la recaptaci\u00f3.<\/span><\/li>\n<\/ul>\n<p style=\"text-align: justify;\"><span style=\"color: #000000;\">L\u2019Ajuntament de la Bisbal del Pened\u00e8s va obrir el termini per sol\u00b7licitar subvencions d\u2019activitats culturals per a l\u2019exercici 2018 del 3 de setembre a l\u20191 d\u2019octubre de 2018. Entre els mesos d\u2019octubre i novembre es va requerir documentaci\u00f3 i informaci\u00f3 a les entitats sol\u00b7licitants i el passat 31 de gener es va aprovar per Junta de Govern la concessi\u00f3 de la subvenci\u00f3 a dues de les quatre entitats que s\u2019havien presentat, ja que les altres dues no complien els requisits de les bases.<\/span><\/p>\n<hr \/>\n<p style=\"text-align: justify;\"><span style=\"color: #000000;\"><strong>CASTELLANO |<\/strong> El Ayuntamiento de la Bisbal del Pened\u00e8s ha aprobado, por Junta de Gobierno, la concesi\u00f3n de la subvenci\u00f3n para entidades culturales del a\u00f1o 2018 a la Associaci\u00f3 de Cors Antistiana por 901,51\u20ac y a la Societat Cultural i Recreativa Bisbalenca por 6.995,64\u20ac.<\/span><\/p>\n<p style=\"text-align: justify;\"><span style=\"color: #000000;\">Se trata de una subvenci\u00f3n a la cual pueden optar todas las entidades y asociaciones sin \u00e1nimo de lucro legalmente constituidas, con sede en el municipio y que est\u00e9n inscritas en el Registro de Entidades, que est\u00e9n al corriente de pago con la Agencia Estatal de la Administraci\u00f3n Tributaria, la Tesorer\u00eda General de la Seguridad Social, la Agencia Tributaria Catalana, la Hacienda Municipal del Ayuntamiento de la Bisbal del Pened\u00e8s y otras Administraciones p\u00fablicas.<\/span><\/p>\n<p style=\"text-align: justify;\"><span style=\"color: #000000;\">Estas subvenciones son una parte del soporte que ofrece la Regidoria de Cultura a las entidades del municipio, ya que todas las entidades culturales inscritas en el Registro de entidades del Ayuntamiento, soliciten o no subvenci\u00f3n pueden optar a:<\/span><\/p>\n<ul style=\"text-align: justify;\">\n<li style=\"text-align: justify;\"><span style=\"color: #000000;\">La cesi\u00f3n de espacios municipales para realizar sus actividades y reuniones.<\/span><\/li>\n<li style=\"text-align: justify;\"><span style=\"color: #000000;\">Al servicio de fotocopias de documentos necesarios para sus actividades.<\/span><\/li>\n<li style=\"text-align: justify;\"><span style=\"color: #000000;\">Al dise\u00f1o de carteles anunciando actividades de la entidad.<\/span><\/li>\n<li style=\"text-align: justify;\"><span style=\"color: #000000;\">A la difusi\u00f3n de las actividades en las redes sociales municipales.<\/span><\/li>\n<li style=\"text-align: justify;\"><span style=\"color: #000000;\">Al servicio de ambulancias en caso que sea necesario para la actividad que realizan.<\/span><\/li>\n<li style=\"text-align: justify;\"><span style=\"color: #000000;\">Al soporte log\u00edstico con material municipal.<\/span><\/li>\n<li style=\"text-align: justify;\"><span style=\"color: #000000;\">A participar en el servicio de venta de entradas del Cicle Gaud\u00ed de Cinema en Catal\u00e0, donde la entidad se queda la recaudaci\u00f3n.<\/span><\/li>\n<\/ul>\n<p style=\"text-align: justify;\"><span style=\"color: #000000;\">El Ayuntamiento de la Bisbal del Pened\u00e8s abri\u00f3 el plazo para solicitar subvenciones de actividades culturales para el ejercicio 2018 del 3 de septiembre al 1 de octubre del 2018. Entre los meses de octubre y noviembre se requiri\u00f3 documentaci\u00f3n e informaci\u00f3n a las entidades solicitantes y el pasado 31 de enero se aprob\u00f3 por Junta de Gobierno la concesi\u00f3n de la subvenci\u00f3n a dos de las cuatro entidades que se hab\u00edan presentado, ya que las otras dos no cumpl\u00edan los requisitos de las bases.<\/span><\/p>\n<p style=\"text-align: justify;\"><span style=\"color: #000000;\">\u00a0<\/span><\/p>\n","protected":false},"excerpt":{"rendered":"<p>L\u2019Ajuntament de la Bisbal del Pened\u00e8s ha aprovat, per Junta de Govern, la concessi\u00f3 de la subvenci\u00f3 per a entitats culturals de l\u2019any 2018 a l\u2019Associaci\u00f3 de Cors Antistiana per &hellip; <a href=\"https:\/\/bisbalpenedes.com\/web\/2019\/02\/04\/lajuntament-de-la-bisbal-del-penedes-ha-aprovat-la-concessio-de-la-subvencio-per-a-entitats-culturals\/\" class=\"more-link\">Read More<\/a><\/p>\n","protected":false},"author":4,"featured_media":6737,"comment_status":"closed","ping_status":"closed","sticky":false,"template":"","format":"standard","meta":[],"categories":[13,2809],"tags":[2455,2810,225,2290,300,102],"_links":{"self":[{"href":"https:\/\/bisbalpenedes.com\/web\/wp-json\/wp\/v2\/posts\/8697"}],"collection":[{"href":"https:\/\/bisbalpenedes.com\/web\/wp-json\/wp\/v2\/posts"}],"about":[{"href":"https:\/\/bisbalpenedes.com\/web\/wp-json\/wp\/v2\/types\/post"}],"author":[{"embeddable":true,"href":"https:\/\/bisbalpenedes.com\/web\/wp-json\/wp\/v2\/users\/4"}],"replies":[{"embeddable":true,"href":"https:\/\/bisbalpenedes.com\/web\/wp-json\/wp\/v2\/comments?post=8697"}],"version-history":[{"count":2,"href":"https:\/\/bisbalpenedes.com\/web\/wp-json\/wp\/v2\/posts\/8697\/revisions"}],"predecessor-version":[{"id":8700,"href":"https:\/\/bisbalpenedes.com\/web\/wp-json\/wp\/v2\/posts\/8697\/revisions\/8700"}],"wp:featuredmedia":[{"embeddable":true,"href":"https:\/\/bisbalpenedes.com\/web\/wp-json\/wp\/v2\/media\/6737"}],"wp:attachment":[{"href":"https:\/\/bisbalpenedes.com\/web\/wp-json\/wp\/v2\/media?parent=8697"}],"wp:term":[{"taxonomy":"category","embeddable":true,"href":"https:\/\/bisbalpenedes.com\/web\/wp-json\/wp\/v2\/categories?post=8697"},{"taxonomy":"post_tag","embeddable":true,"href":"https:\/\/bisbalpenedes.com\/web\/wp-json\/wp\/v2\/tags?post=8697"}],"curies":[{"name":"wp","href":"https:\/\/api.w.org\/{rel}","templated":true}]}}