{"id":8665,"date":"2019-02-04T12:24:09","date_gmt":"2019-02-04T11:24:09","guid":{"rendered":"http:\/\/bisbalpenedes.com\/web\/?p=8665"},"modified":"2019-02-04T12:24:29","modified_gmt":"2019-02-04T11:24:29","slug":"aquesta-setmana-ja-podeu-gaudir-de-totes-les-activitats-del-raco-de-la-gent-gran","status":"publish","type":"post","link":"https:\/\/bisbalpenedes.com\/web\/2019\/02\/04\/aquesta-setmana-ja-podeu-gaudir-de-totes-les-activitats-del-raco-de-la-gent-gran\/","title":{"rendered":"Aquesta setmana ja podeu gaudir de totes les activitats del Rac\u00f3 de la Gent Gran"},"content":{"rendered":"<p><span style=\"color: #000000;\">La Regidoria de la Gent Gran us informa que, aquesta setmana, ja podeu gaudir de totes les activitats del Rac\u00f3 de la Gent Gran.\u00a0<\/span><\/p>\n<p><span style=\"color: #000000;\">Aquest dimarts es reprenen les activitats de Benestar Emocional, per a les persones que hi esteu inscrites.<\/span><\/p>\n<p><span style=\"color: #000000;\">A m\u00e9s podreu seguir gaudint d&#8217;aquestes activitats gratu\u00eftes:<\/span><\/p>\n<p>&nbsp;<\/p>\n<p><a href=\"http:\/\/bisbalpenedes.com\/web\/wp-content\/uploads\/2018\/10\/RACO_GENT_GRAN_18_ACTIVITATS_CARTELL3.jpg\"><img loading=\"lazy\" class=\"aligncenter size-large wp-image-7276\" src=\"http:\/\/bisbalpenedes.com\/web\/wp-content\/uploads\/2018\/10\/RACO_GENT_GRAN_18_ACTIVITATS_CARTELL3-724x1024.jpg\" alt=\"RACO_GENT_GRAN_18_ACTIVITATS_CARTELL3\" width=\"630\" height=\"891\" srcset=\"https:\/\/bisbalpenedes.com\/web\/wp-content\/uploads\/2018\/10\/RACO_GENT_GRAN_18_ACTIVITATS_CARTELL3-724x1024.jpg 724w, https:\/\/bisbalpenedes.com\/web\/wp-content\/uploads\/2018\/10\/RACO_GENT_GRAN_18_ACTIVITATS_CARTELL3-600x849.jpg 600w, https:\/\/bisbalpenedes.com\/web\/wp-content\/uploads\/2018\/10\/RACO_GENT_GRAN_18_ACTIVITATS_CARTELL3-212x300.jpg 212w, https:\/\/bisbalpenedes.com\/web\/wp-content\/uploads\/2018\/10\/RACO_GENT_GRAN_18_ACTIVITATS_CARTELL3-768x1086.jpg 768w, https:\/\/bisbalpenedes.com\/web\/wp-content\/uploads\/2018\/10\/RACO_GENT_GRAN_18_ACTIVITATS_CARTELL3-scaled.jpg 1810w\" sizes=\"(max-width: 630px) 100vw, 630px\" \/><\/a><\/p>\n<hr \/>\n<p><strong>CASTELLANO |<\/strong> La Regidoria de la Gent Gran os informa que, esta semana, ya pod\u00e9is disfrutar de todas las actividades del Rac\u00f3 de la Gent Gran. Este martes se retoman las actividades de Bienestar Emocional, para las personas que est\u00e1is inscritas.<\/p>\n<p>Adem\u00e1s podr\u00e9is seguir disfrutando de estas actividades gratuitas:<\/p>\n<p><a href=\"http:\/\/bisbalpenedes.com\/web\/wp-content\/uploads\/2018\/10\/RACO_GENT_GRAN_18_ACTIVITATS_CARTELL3.jpg\"><img loading=\"lazy\" class=\"aligncenter size-large wp-image-7276\" src=\"http:\/\/bisbalpenedes.com\/web\/wp-content\/uploads\/2018\/10\/RACO_GENT_GRAN_18_ACTIVITATS_CARTELL3-724x1024.jpg\" alt=\"RACO_GENT_GRAN_18_ACTIVITATS_CARTELL3\" width=\"630\" height=\"891\" srcset=\"https:\/\/bisbalpenedes.com\/web\/wp-content\/uploads\/2018\/10\/RACO_GENT_GRAN_18_ACTIVITATS_CARTELL3-724x1024.jpg 724w, https:\/\/bisbalpenedes.com\/web\/wp-content\/uploads\/2018\/10\/RACO_GENT_GRAN_18_ACTIVITATS_CARTELL3-600x849.jpg 600w, https:\/\/bisbalpenedes.com\/web\/wp-content\/uploads\/2018\/10\/RACO_GENT_GRAN_18_ACTIVITATS_CARTELL3-212x300.jpg 212w, https:\/\/bisbalpenedes.com\/web\/wp-content\/uploads\/2018\/10\/RACO_GENT_GRAN_18_ACTIVITATS_CARTELL3-768x1086.jpg 768w, https:\/\/bisbalpenedes.com\/web\/wp-content\/uploads\/2018\/10\/RACO_GENT_GRAN_18_ACTIVITATS_CARTELL3-scaled.jpg 1810w\" sizes=\"(max-width: 630px) 100vw, 630px\" \/><\/a>gen<\/p>\n<p>&nbsp;<\/p>\n","protected":false},"excerpt":{"rendered":"<p>La Regidoria de la Gent Gran us informa que, aquesta setmana, ja podeu gaudir de totes les activitats del Rac\u00f3 de la Gent Gran.\u00a0 Aquest dimarts es reprenen les activitats &hellip; <a href=\"https:\/\/bisbalpenedes.com\/web\/2019\/02\/04\/aquesta-setmana-ja-podeu-gaudir-de-totes-les-activitats-del-raco-de-la-gent-gran\/\" class=\"more-link\">Read More<\/a><\/p>\n","protected":false},"author":4,"featured_media":7276,"comment_status":"closed","ping_status":"closed","sticky":false,"template":"","format":"standard","meta":[],"categories":[464],"tags":[230,305,2115,999],"_links":{"self":[{"href":"https:\/\/bisbalpenedes.com\/web\/wp-json\/wp\/v2\/posts\/8665"}],"collection":[{"href":"https:\/\/bisbalpenedes.com\/web\/wp-json\/wp\/v2\/posts"}],"about":[{"href":"https:\/\/bisbalpenedes.com\/web\/wp-json\/wp\/v2\/types\/post"}],"author":[{"embeddable":true,"href":"https:\/\/bisbalpenedes.com\/web\/wp-json\/wp\/v2\/users\/4"}],"replies":[{"embeddable":true,"href":"https:\/\/bisbalpenedes.com\/web\/wp-json\/wp\/v2\/comments?post=8665"}],"version-history":[{"count":2,"href":"https:\/\/bisbalpenedes.com\/web\/wp-json\/wp\/v2\/posts\/8665\/revisions"}],"predecessor-version":[{"id":8680,"href":"https:\/\/bisbalpenedes.com\/web\/wp-json\/wp\/v2\/posts\/8665\/revisions\/8680"}],"wp:featuredmedia":[{"embeddable":true,"href":"https:\/\/bisbalpenedes.com\/web\/wp-json\/wp\/v2\/media\/7276"}],"wp:attachment":[{"href":"https:\/\/bisbalpenedes.com\/web\/wp-json\/wp\/v2\/media?parent=8665"}],"wp:term":[{"taxonomy":"category","embeddable":true,"href":"https:\/\/bisbalpenedes.com\/web\/wp-json\/wp\/v2\/categories?post=8665"},{"taxonomy":"post_tag","embeddable":true,"href":"https:\/\/bisbalpenedes.com\/web\/wp-json\/wp\/v2\/tags?post=8665"}],"curies":[{"name":"wp","href":"https:\/\/api.w.org\/{rel}","templated":true}]}}