{"id":862,"date":"2014-05-07T23:18:02","date_gmt":"2014-05-07T17:18:02","guid":{"rendered":"http:\/\/bisbalpenedes.com\/web\/?p=862"},"modified":"2014-05-08T16:55:22","modified_gmt":"2014-05-08T10:55:22","slug":"ofertes-de-feina-6","status":"publish","type":"post","link":"https:\/\/bisbalpenedes.com\/web\/2014\/05\/07\/ofertes-de-feina-6\/","title":{"rendered":"Ofertes de feina"},"content":{"rendered":"<p><strong>Operari\/a montador\/a mobles d\u2019alumini<\/strong><br \/>\nPer a importante empresa ubicada al Baix Pened\u00e8s<br \/>\nEs requereix\tS\u2019ofereix<br \/>\n\u2022\tExperi\u00e8ncia en interpretaci\u00f3 de planells,  en tall d&#8217;alumini amb serra d&#8217;un cap\u00e7al, en muntatge de mobles d&#8217;alumini.\t\u2022\tContracte amb Adecco<\/p>\n<p><strong>Mec\u00e0nic\/a coneixements de fotografia<\/strong><br \/>\nPer a important empresa ubicada al Baix Pened\u00e8s<br \/>\nEs requereix\tS\u2019ofereix<br \/>\n\u2022\tBusquem una persona met\u00f2dica, ordenada i meticulosa i amb bona predisposici\u00f3 a treballar en equip i tenir cura dels equips fotogr\u00e0fics.<br \/>\n\u2022\tBusquem una persona que tingui inter\u00e8s per la fotografia i preferiblement sigui usu\u00e0ria. Valorarem positivament formaci\u00f3 en aquest camp.<br \/>\n\u2022\tEs valorar\u00e0 l&#8217;angl\u00e8s.<br \/>\n\u2022\tIndispensable vehicle propi i carnet.<br \/>\n\u2022\tDisponibilitat per fer torns i pot ser de treballar de Dimarts a Dissabte.<br \/>\n\t\u2022\tContracte amb Adecco<\/p>\n<p><strong>Auxiliar administratiu\/va Banca<\/strong><br \/>\nPer a important empresa del sector Atenci\u00f3 al Client ubicada al Baix Pened\u00e8s<br \/>\nEs requereix\tS\u2019ofereix<br \/>\n\u2022\tExperi\u00e8ncia m\u00ednima d\u2019un any a banca.\t\u2022\tContracte laboral amb Adecco d\u2019uns 6 mesos<\/p>\n<p><strong>T\u00e8cnic\/a medici\u00f3<\/strong><br \/>\nPer a important empresa ubicada al Vendrell<br \/>\nEs requereix\tS\u2019ofereix<br \/>\n\u2022\tCicle Grau Superior Topografia o similar.<br \/>\n\u2022\tConeixements de mesurament 3D.<br \/>\n\u2022\tConeixements de Mec\u00e0nic\/a b\u00e0sic.<br \/>\n\u2022\tConeixements del programa de CAD.<br \/>\n\u2022\tDisponibilitat a treballar a torns i de dimarts a dissabte.<br \/>\n\u2022\tVehicle propi i carnet.\t\u2022\tContracte amb Adecco<\/p>\n<p><strong>Electr\u00f2nic\/a<\/strong><br \/>\nPer a important empresa ubicada al Vendrell<br \/>\nEs Requereix\tS\u2019Ofereix<br \/>\n\u2022\tCicle formatiu Grau Superior Electr\u00f2nic\/a o similar.<br \/>\n\u2022\tImprescindible dos anys d&#8217;experi\u00e8ncia en laboratori d&#8217;Electr\u00f2nic\/a.<br \/>\n\u2022\tNivell intermedi d&#8217;angl\u00e8s.<br \/>\n\u2022\tExperi\u00e8ncia en reparaci\u00f3 de sensors i equips Electr\u00f2nics\/as del departament.<br \/>\n\u2022\tExperi\u00e8ncia en manteniment de la base de dades de sensors del laboratori.<br \/>\n\t\u2022\tContracte laboral Adecco<\/p>\n<p><strong>Auxiliar de Tr\u00e0fic Angl\u00e8s nivell advanced<\/strong><br \/>\nPer a important empresa del sector de log\u00edstica ubicada al Baix Pened\u00e8s<br \/>\nEs Requereix\tS\u2019ofereix<br \/>\n\u2022\tNivell d\u2019angl\u00e8s d\u2019Advanced.<br \/>\n\u2022\tDomini d\u2019ofim\u00e0tica.<br \/>\n\u2022\tHabilitats comunicatives,  alta toler\u00e0ncia a l&#8217;estr\u00e8s, resolutiva, polivalent i implicaci\u00f3.\t\u2022\tContracte inicial amb Adecco i possibilitats d\u2019incorporaci\u00f3 a empresa<\/p>\n<p>m\u00e9s informaci\u00f3<\/p>\n<p>Sandra de Lamo<br \/>\nConsultora de Servicio<\/p>\n<p>Adecco, El Vendrell<br \/>\nC\/ Rambla, 10-14 (Pasaje interior)<br \/>\n43700 El Vendrell (Tarragona)<br \/>\n977667100<\/p>\n","protected":false},"excerpt":{"rendered":"<p>Operari\/a montador\/a mobles d\u2019alumini Per a importante empresa ubicada al Baix Pened\u00e8s Es requereix S\u2019ofereix \u2022 Experi\u00e8ncia en interpretaci\u00f3 de planells, en tall d&#8217;alumini amb serra d&#8217;un cap\u00e7al, en muntatge &hellip; <a href=\"https:\/\/bisbalpenedes.com\/web\/2014\/05\/07\/ofertes-de-feina-6\/\" class=\"more-link\">Read More<\/a><\/p>\n","protected":false},"author":1,"featured_media":867,"comment_status":"closed","ping_status":"open","sticky":false,"template":"","format":"standard","meta":[],"categories":[9],"tags":[41,40],"_links":{"self":[{"href":"https:\/\/bisbalpenedes.com\/web\/wp-json\/wp\/v2\/posts\/862"}],"collection":[{"href":"https:\/\/bisbalpenedes.com\/web\/wp-json\/wp\/v2\/posts"}],"about":[{"href":"https:\/\/bisbalpenedes.com\/web\/wp-json\/wp\/v2\/types\/post"}],"author":[{"embeddable":true,"href":"https:\/\/bisbalpenedes.com\/web\/wp-json\/wp\/v2\/users\/1"}],"replies":[{"embeddable":true,"href":"https:\/\/bisbalpenedes.com\/web\/wp-json\/wp\/v2\/comments?post=862"}],"version-history":[{"count":3,"href":"https:\/\/bisbalpenedes.com\/web\/wp-json\/wp\/v2\/posts\/862\/revisions"}],"predecessor-version":[{"id":880,"href":"https:\/\/bisbalpenedes.com\/web\/wp-json\/wp\/v2\/posts\/862\/revisions\/880"}],"wp:featuredmedia":[{"embeddable":true,"href":"https:\/\/bisbalpenedes.com\/web\/wp-json\/wp\/v2\/media\/867"}],"wp:attachment":[{"href":"https:\/\/bisbalpenedes.com\/web\/wp-json\/wp\/v2\/media?parent=862"}],"wp:term":[{"taxonomy":"category","embeddable":true,"href":"https:\/\/bisbalpenedes.com\/web\/wp-json\/wp\/v2\/categories?post=862"},{"taxonomy":"post_tag","embeddable":true,"href":"https:\/\/bisbalpenedes.com\/web\/wp-json\/wp\/v2\/tags?post=862"}],"curies":[{"name":"wp","href":"https:\/\/api.w.org\/{rel}","templated":true}]}}