{"id":8542,"date":"2019-01-31T16:47:23","date_gmt":"2019-01-31T15:47:23","guid":{"rendered":"http:\/\/bisbalpenedes.com\/web\/?p=8542"},"modified":"2019-01-31T16:53:59","modified_gmt":"2019-01-31T15:53:59","slug":"lajuntament-ha-installat-dues-barbacoes-al-priorat-a-peticio-dels-veins-que-van-participar-en-el-pressupost-participatiu","status":"publish","type":"post","link":"https:\/\/bisbalpenedes.com\/web\/2019\/01\/31\/lajuntament-ha-installat-dues-barbacoes-al-priorat-a-peticio-dels-veins-que-van-participar-en-el-pressupost-participatiu\/","title":{"rendered":"L&#8217;Ajuntament ha instal\u00b7lat dues barbacoes al Priorat a petici\u00f3 dels ve\u00efns que van participar en el Pressupost Participatiu"},"content":{"rendered":"<p><span style=\"color: #000000;\">L\u2019Ajuntament de la Bisbal del Pened\u00e8s ha instal\u00b7lat dues barbacoes al costat del local social del Priorat. Es tracta d\u2019una proposta que els ve\u00efns van fer durant el proc\u00e9s del Pressupost Participatiu de 2018. En el marc dels pressupostos participatius tamb\u00e9 es van instal\u00b7lar aparells per fer gimn\u00e0stica al costat del local social.<\/span><\/p>\n<p><span style=\"color: #000000;\">M\u00e9s enll\u00e0 de les actuacions del Pressupost Participatiu, la Regidoria de Territori ha treballat, en els darrers mesos, en la creaci\u00f3 d\u2019un parc d\u2019esbarjo amb camins, arbrat, papereres i bancs just al darrere del local social.<\/span><\/p>\n<p><span style=\"color: #000000;\">Quant a les noves barbacoes, poden sol\u00b7licitar-ne l\u2019\u00fas totes aquelles persones que estiguin empadronades a la Bisbal o que disposin d\u2019una propietat al municipi (podran convidar amics, familiars, etc.). La sol\u00b7licitud s\u2019ha de fer a l\u2019Ajuntament de la Bisbal del Pened\u00e8s i l\u2019\u00fas \u00e9s gratu\u00eft. Trobareu m\u00e9s informaci\u00f3 en la imatge que s\u2019adjunta (feu clic al damunt per ampliar-la).<\/span><\/p>\n<p><a href=\"http:\/\/bisbalpenedes.com\/web\/wp-content\/uploads\/2019\/01\/flyer-barbacoas-priorat.jpg\"><img loading=\"lazy\" class=\"aligncenter size-medium wp-image-8547\" src=\"http:\/\/bisbalpenedes.com\/web\/wp-content\/uploads\/2019\/01\/flyer-barbacoas-priorat-212x300.jpg\" alt=\"flyer-barbacoes-priorat\" width=\"212\" height=\"300\" srcset=\"https:\/\/bisbalpenedes.com\/web\/wp-content\/uploads\/2019\/01\/flyer-barbacoas-priorat-212x300.jpg 212w, https:\/\/bisbalpenedes.com\/web\/wp-content\/uploads\/2019\/01\/flyer-barbacoas-priorat.jpg 595w\" sizes=\"(max-width: 212px) 100vw, 212px\" \/><\/a><\/p>\n<hr \/>\n<p><span style=\"color: #000000;\"><strong>CASTELLANO |<\/strong> El Ayuntamiento de la Bisbal del Pened\u00e8s ha instalado dos barbacoas al lado del local social del Priorat. Se trata de una propuesta que los vecinos hicieron durante el proceso del Presupuesto Participativo del 2018. En el marco de los presupuestos participativos tambi\u00e9n se instalaron aparatos para hacer ejercicio al lado del local social.<\/span><\/p>\n<p><span style=\"color: #000000;\">M\u00e1s all\u00e1 de las actuaciones del Presupuesto Participativo, la Regidoria de Territorio ha trabajado, en los \u00faltimos meses, en la creaci\u00f3n de un parque de recreo con caminos, \u00e1rboles, papeleras y bancos justo detr\u00e1s del local social.<\/span><\/p>\n<p><span style=\"color: #000000;\">En cuanto a las nuevas barbacoas, puede solicitarse el uso a todas aquellas personas que est\u00e9n empadronadas en la Bisbal o que dispongan de una propiedad en el municipio (podr\u00e1n invitar a amigos, familiares, etc.). la solicitud se debe hacer en el Ayuntamiento de la Bisbal del Pened\u00e8s y el uso es gratuito. Encontrar\u00e9is m\u00e1s informaci\u00f3n en la imagen adjunta (haga clic encima para ampliarla).<\/span><\/p>\n<p><a href=\"http:\/\/bisbalpenedes.com\/web\/wp-content\/uploads\/2019\/01\/flyer-barbacoas-priorat.jpg\"><img loading=\"lazy\" class=\"aligncenter size-medium wp-image-8547\" src=\"http:\/\/bisbalpenedes.com\/web\/wp-content\/uploads\/2019\/01\/flyer-barbacoas-priorat-212x300.jpg\" alt=\"flyer-barbacoes-priorat\" width=\"212\" height=\"300\" srcset=\"https:\/\/bisbalpenedes.com\/web\/wp-content\/uploads\/2019\/01\/flyer-barbacoas-priorat-212x300.jpg 212w, https:\/\/bisbalpenedes.com\/web\/wp-content\/uploads\/2019\/01\/flyer-barbacoas-priorat.jpg 595w\" sizes=\"(max-width: 212px) 100vw, 212px\" \/><\/a><\/p>\n","protected":false},"excerpt":{"rendered":"<p>L\u2019Ajuntament de la Bisbal del Pened\u00e8s ha instal\u00b7lat dues barbacoes al costat del local social del Priorat. Es tracta d\u2019una proposta que els ve\u00efns van fer durant el proc\u00e9s del &hellip; <a href=\"https:\/\/bisbalpenedes.com\/web\/2019\/01\/31\/lajuntament-ha-installat-dues-barbacoes-al-priorat-a-peticio-dels-veins-que-van-participar-en-el-pressupost-participatiu\/\" class=\"more-link\">Read More<\/a><\/p>\n","protected":false},"author":4,"featured_media":8545,"comment_status":"closed","ping_status":"closed","sticky":false,"template":"","format":"standard","meta":[],"categories":[1047,8,1377],"tags":[133,2808,1048,424,520],"_links":{"self":[{"href":"https:\/\/bisbalpenedes.com\/web\/wp-json\/wp\/v2\/posts\/8542"}],"collection":[{"href":"https:\/\/bisbalpenedes.com\/web\/wp-json\/wp\/v2\/posts"}],"about":[{"href":"https:\/\/bisbalpenedes.com\/web\/wp-json\/wp\/v2\/types\/post"}],"author":[{"embeddable":true,"href":"https:\/\/bisbalpenedes.com\/web\/wp-json\/wp\/v2\/users\/4"}],"replies":[{"embeddable":true,"href":"https:\/\/bisbalpenedes.com\/web\/wp-json\/wp\/v2\/comments?post=8542"}],"version-history":[{"count":5,"href":"https:\/\/bisbalpenedes.com\/web\/wp-json\/wp\/v2\/posts\/8542\/revisions"}],"predecessor-version":[{"id":8549,"href":"https:\/\/bisbalpenedes.com\/web\/wp-json\/wp\/v2\/posts\/8542\/revisions\/8549"}],"wp:featuredmedia":[{"embeddable":true,"href":"https:\/\/bisbalpenedes.com\/web\/wp-json\/wp\/v2\/media\/8545"}],"wp:attachment":[{"href":"https:\/\/bisbalpenedes.com\/web\/wp-json\/wp\/v2\/media?parent=8542"}],"wp:term":[{"taxonomy":"category","embeddable":true,"href":"https:\/\/bisbalpenedes.com\/web\/wp-json\/wp\/v2\/categories?post=8542"},{"taxonomy":"post_tag","embeddable":true,"href":"https:\/\/bisbalpenedes.com\/web\/wp-json\/wp\/v2\/tags?post=8542"}],"curies":[{"name":"wp","href":"https:\/\/api.w.org\/{rel}","templated":true}]}}