{"id":8532,"date":"2019-01-31T12:08:58","date_gmt":"2019-01-31T11:08:58","guid":{"rendered":"http:\/\/bisbalpenedes.com\/web\/?p=8532"},"modified":"2019-01-31T12:15:46","modified_gmt":"2019-01-31T11:15:46","slug":"la-regidoria-de-cultura-i-lassociacio-de-dones-la-roca-foradada-han-organitzat-una-visita-als-espais-de-la-batalla-de-lebre","status":"publish","type":"post","link":"https:\/\/bisbalpenedes.com\/web\/2019\/01\/31\/la-regidoria-de-cultura-i-lassociacio-de-dones-la-roca-foradada-han-organitzat-una-visita-als-espais-de-la-batalla-de-lebre\/","title":{"rendered":"La Regidoria de Cultura i l&#8217;Associaci\u00f3 de Dones la Roca Foradada han organitzat una visita als espais de la Batalla de l&#8217;Ebre"},"content":{"rendered":"<p><a href=\"http:\/\/bisbalpenedes.com\/web\/wp-content\/uploads\/2019\/01\/SORTIDA-EBRE-19-b_def.jpg\"><img loading=\"lazy\" class=\"aligncenter size-medium wp-image-8533\" src=\"http:\/\/bisbalpenedes.com\/web\/wp-content\/uploads\/2019\/01\/SORTIDA-EBRE-19-b_def-209x300.jpg\" alt=\"SORTIDA-EBRE-19-b_def\" width=\"209\" height=\"300\" srcset=\"https:\/\/bisbalpenedes.com\/web\/wp-content\/uploads\/2019\/01\/SORTIDA-EBRE-19-b_def-209x300.jpg 209w, https:\/\/bisbalpenedes.com\/web\/wp-content\/uploads\/2019\/01\/SORTIDA-EBRE-19-b_def-600x861.jpg 600w, https:\/\/bisbalpenedes.com\/web\/wp-content\/uploads\/2019\/01\/SORTIDA-EBRE-19-b_def-768x1102.jpg 768w, https:\/\/bisbalpenedes.com\/web\/wp-content\/uploads\/2019\/01\/SORTIDA-EBRE-19-b_def-714x1024.jpg 714w, https:\/\/bisbalpenedes.com\/web\/wp-content\/uploads\/2019\/01\/SORTIDA-EBRE-19-b_def.jpg 1078w\" sizes=\"(max-width: 209px) 100vw, 209px\" \/><\/a><\/p>\n<p style=\"text-align: justify;\"><span style=\"color: #000000;\">Amb motiu de la commemoraci\u00f3 dels 80 anys de la fi de la Guerra Civil, que tingu\u00e9 lloc l&#8217;abril de 1939, la Regidoria de Cultura i l&#8217;Associaci\u00f3 de Dones la Roca Foradada han organitzat una sortida per visitar els espais de la Batalla de l&#8217;Ebre amb l&#8217;acompanyament de dos experts\u00a0en l&#8217;esmentada batalla i el patrimoni immaterial.<\/span><\/p>\n<p style=\"text-align: justify;\"><span style=\"color: #000000;\">Es visitar\u00e0: Miravet i el pas de l&#8217;Ebre i el Poble Vell de Corbera d&#8217;Ebre, farem una visita i un tast al celler Her\u00e8ncia Alt\u00e9s (amb vistes a les serres de P\u00e0ndols i Cavalls) i per dinar degustarem un men\u00fa inspirat en la Batalla de l&#8217;Ebre.<\/span><\/p>\n<p style=\"text-align: justify;\"><span style=\"color: #000000;\">La sortida tindr\u00e0 lloc el diumenge 7 d&#8217;abril.\u00a0La sortida est\u00e0 prevista a les 8 del mat\u00ed\u00a0i la tornada ser\u00e0 a la tarda, aquell mateix dia.<\/span><\/p>\n<p style=\"text-align: justify;\"><span style=\"color: #000000;\">Les inscripcions es poden fer a l&#8217;Associaci\u00f3 de Dones la Roca Foradada, els dimecres d&#8217;11 a 12h del mat\u00ed, i les places s\u00f3n limitades. El preu s\u00f3n 35\u20ac que inclou: bus, entrades, guiatge i dinar. Aquesta sortida \u00e9s oberta a tota la poblaci\u00f3 per\u00f2, per les condicions del terreny, no \u00e9s apta per persones amb mobilitat redu\u00efda.<\/span><\/p>\n<hr \/>\n<p style=\"text-align: justify;\"><span style=\"color: #000000;\"><strong>CASTELLANO |<\/strong> Con motivo de la conmemoraci\u00f3n de los 80 a\u00f1os del final de la Guerra Civil, que tuvo lugar en abril de 1939, la Regidoria de Cultura y la Associaci\u00f3 de Dones la Roca Foradada han organizado una salida para visitar los espacios de la Batalla\u00a0del Ebro con el acompa\u00f1amiento de dos expertos en dicha batalla y el patrimonio inmaterial.<\/span><\/p>\n<p style=\"text-align: justify;\"><span style=\"color: #000000;\">Se visitar\u00e1: Miravet y el paso por el Ebro y el Poble Vell de Corbera d&#8217;Ebre, se har\u00e1 una visita y una cata en la bodega Her\u00e8ncia Atl\u00e9s (con vistas a las sierras de P\u00e0ndols y Cavalls) y para comer degustaremos un men\u00fa inspirado ne la Batalla del Ebro.<\/span><\/p>\n<p style=\"text-align: justify;\"><span style=\"color: #000000;\">La salida tendr\u00e1 lugar el domingo 7 de abril.\u00a0La salida est\u00e1 prevista a las 8 de la ma\u00f1ana y la vuelta ser\u00e1 por la tarde, ese mismo d\u00eda.<\/span><\/p>\n<p style=\"text-align: justify;\"><span style=\"color: #000000;\">Las inscripciones se pueden hacer en la Associaci\u00f3 de Dones la Roca Foradada, los mi\u00e9rcoles, de 11 a 12h de\u00a0la ma\u00f1ana, y las plazas son limitadas. El precio son 35\u20ac que incluye: bus, entradas, guiamiento y comida. Esta salida es abierta a toda la poblaci\u00f3n pero, por las condiciones del terreno,\u00a0 no es apta para personas con movilidad reducida.<\/span><\/p>\n","protected":false},"excerpt":{"rendered":"<p>Amb motiu de la commemoraci\u00f3 dels 80 anys de la fi de la Guerra Civil, que tingu\u00e9 lloc l&#8217;abril de 1939, la Regidoria de Cultura i l&#8217;Associaci\u00f3 de Dones la &hellip; <a href=\"https:\/\/bisbalpenedes.com\/web\/2019\/01\/31\/la-regidoria-de-cultura-i-lassociacio-de-dones-la-roca-foradada-han-organitzat-una-visita-als-espais-de-la-batalla-de-lebre\/\" class=\"more-link\">Read More<\/a><\/p>\n","protected":false},"author":4,"featured_media":8533,"comment_status":"closed","ping_status":"closed","sticky":false,"template":"","format":"standard","meta":[],"categories":[8],"tags":[1624,2799,2804,2800,2801,427,852,2802,2803,175],"_links":{"self":[{"href":"https:\/\/bisbalpenedes.com\/web\/wp-json\/wp\/v2\/posts\/8532"}],"collection":[{"href":"https:\/\/bisbalpenedes.com\/web\/wp-json\/wp\/v2\/posts"}],"about":[{"href":"https:\/\/bisbalpenedes.com\/web\/wp-json\/wp\/v2\/types\/post"}],"author":[{"embeddable":true,"href":"https:\/\/bisbalpenedes.com\/web\/wp-json\/wp\/v2\/users\/4"}],"replies":[{"embeddable":true,"href":"https:\/\/bisbalpenedes.com\/web\/wp-json\/wp\/v2\/comments?post=8532"}],"version-history":[{"count":4,"href":"https:\/\/bisbalpenedes.com\/web\/wp-json\/wp\/v2\/posts\/8532\/revisions"}],"predecessor-version":[{"id":8537,"href":"https:\/\/bisbalpenedes.com\/web\/wp-json\/wp\/v2\/posts\/8532\/revisions\/8537"}],"wp:featuredmedia":[{"embeddable":true,"href":"https:\/\/bisbalpenedes.com\/web\/wp-json\/wp\/v2\/media\/8533"}],"wp:attachment":[{"href":"https:\/\/bisbalpenedes.com\/web\/wp-json\/wp\/v2\/media?parent=8532"}],"wp:term":[{"taxonomy":"category","embeddable":true,"href":"https:\/\/bisbalpenedes.com\/web\/wp-json\/wp\/v2\/categories?post=8532"},{"taxonomy":"post_tag","embeddable":true,"href":"https:\/\/bisbalpenedes.com\/web\/wp-json\/wp\/v2\/tags?post=8532"}],"curies":[{"name":"wp","href":"https:\/\/api.w.org\/{rel}","templated":true}]}}