{"id":8520,"date":"2019-01-30T18:51:11","date_gmt":"2019-01-30T17:51:11","guid":{"rendered":"http:\/\/bisbalpenedes.com\/web\/?p=8520"},"modified":"2019-01-30T18:56:41","modified_gmt":"2019-01-30T17:56:41","slug":"la-regidoria-de-medi-ambient-ha-comencat-a-installar-els-fixadors-dels-contenidors-per-a-la-materia-organica-a-les-urbanitzacions","status":"publish","type":"post","link":"https:\/\/bisbalpenedes.com\/web\/2019\/01\/30\/la-regidoria-de-medi-ambient-ha-comencat-a-installar-els-fixadors-dels-contenidors-per-a-la-materia-organica-a-les-urbanitzacions\/","title":{"rendered":"La Regidoria de Medi Ambient ha comen\u00e7at a instal\u00b7lar els fixadors dels contenidors per a la mat\u00e8ria org\u00e0nica a les urbanitzacions"},"content":{"rendered":"<p style=\"text-align: justify;\"><span style=\"color: #000000;\">La Regidoria de Medi Ambient informa que aquesta setmana s&#8217;han comen\u00e7at a instal\u00b7lar els fixadors\u00a0per als contenidors\u00a0de la mat\u00e8ria org\u00e0nica que pr\u00f2ximament s&#8217;ubicaran en diverses urbanitzacions del municipi. En les properes setmanes us donarem informaci\u00f3 m\u00e9s detallada sobre el funcionament d&#8217;aquest tipus de recollida i realitzarem una campanya informativa adre\u00e7ada a la ciutadania.<\/span><\/p>\n<p style=\"text-align: justify;\"><span style=\"color: #000000;\">D&#8217;altra banda tamb\u00e9 us fem saber que, despr\u00e9s d&#8217;escoltar les aportacions que han fet alguns ve\u00efns i d&#8217;estudiar la seva viabilitat, s&#8217;han reubicat diverses illes de contenidors per millorar la visibilitat en algunes cru\u00eflles o d&#8217;acumulaci\u00f3 d&#8217;escombraries en alguns punts. Des de la Regidoria de Medi Ambient seguim treballant per tenir cada vegada un municipi m\u00e9s conscienciat amb el reciclatge i m\u00e9s net, esperem comptar amb la vostra ajuda perqu\u00e8, mantenir neta la Bisbal, \u00e9s cosa de tots.<\/span><\/p>\n<hr \/>\n<p style=\"text-align: justify;\"><span style=\"color: #000000;\"><strong>CASTELLANO |<\/strong> La\u00a0Concejal\u00eda de Medio Ambiente informa que esta semana se han empezado a instalar los fijadores\u00a0para los\u00a0 contenedores de la materia org\u00e1nica que pr\u00f3ximamente se ubicar\u00e1n en varias urbanizaciones del municipio. En las pr\u00f3ximas semanas os daremos informaci\u00f3n m\u00e1s detallada sobre el funcionamiento de este tipo de recogida y reAlizaremos una campa\u00f1a informativa dirigida a la ciudadan\u00eda.\u00a0<\/span><\/p>\n<p style=\"text-align: justify;\"><span style=\"color: #000000;\">Por otro lado tambi\u00e9n os hacemos saber que, despu\u00e9s de escuchar las aportaciones que han hecho algunos vecinos y estudiar su viabilidad, se han reubicado varias islas de contenedores para mejorar la visibilidad en algunos cruces o la acumulaci\u00f3n de basura en algunos puntos. Desde la Regidoria de Medi Ambient seguimos trabajando para tener cada vez un municipio m\u00e1s consciente con el reciclaje y m\u00e1s limpio, esperamos contar con vuestra ayuda porqu\u00e9, mantener limpia la Bisbal, es cosa de todos.<\/span><\/p>\n","protected":false},"excerpt":{"rendered":"<p>La Regidoria de Medi Ambient informa que aquesta setmana s&#8217;han comen\u00e7at a instal\u00b7lar els fixadors\u00a0per als contenidors\u00a0de la mat\u00e8ria org\u00e0nica que pr\u00f2ximament s&#8217;ubicaran en diverses urbanitzacions del municipi. En les &hellip; <a href=\"https:\/\/bisbalpenedes.com\/web\/2019\/01\/30\/la-regidoria-de-medi-ambient-ha-comencat-a-installar-els-fixadors-dels-contenidors-per-a-la-materia-organica-a-les-urbanitzacions\/\" class=\"more-link\">Read More<\/a><\/p>\n","protected":false},"author":4,"featured_media":5930,"comment_status":"closed","ping_status":"closed","sticky":false,"template":"","format":"standard","meta":[],"categories":[32,8],"tags":[625,1907,220,2446,452],"_links":{"self":[{"href":"https:\/\/bisbalpenedes.com\/web\/wp-json\/wp\/v2\/posts\/8520"}],"collection":[{"href":"https:\/\/bisbalpenedes.com\/web\/wp-json\/wp\/v2\/posts"}],"about":[{"href":"https:\/\/bisbalpenedes.com\/web\/wp-json\/wp\/v2\/types\/post"}],"author":[{"embeddable":true,"href":"https:\/\/bisbalpenedes.com\/web\/wp-json\/wp\/v2\/users\/4"}],"replies":[{"embeddable":true,"href":"https:\/\/bisbalpenedes.com\/web\/wp-json\/wp\/v2\/comments?post=8520"}],"version-history":[{"count":5,"href":"https:\/\/bisbalpenedes.com\/web\/wp-json\/wp\/v2\/posts\/8520\/revisions"}],"predecessor-version":[{"id":8525,"href":"https:\/\/bisbalpenedes.com\/web\/wp-json\/wp\/v2\/posts\/8520\/revisions\/8525"}],"wp:featuredmedia":[{"embeddable":true,"href":"https:\/\/bisbalpenedes.com\/web\/wp-json\/wp\/v2\/media\/5930"}],"wp:attachment":[{"href":"https:\/\/bisbalpenedes.com\/web\/wp-json\/wp\/v2\/media?parent=8520"}],"wp:term":[{"taxonomy":"category","embeddable":true,"href":"https:\/\/bisbalpenedes.com\/web\/wp-json\/wp\/v2\/categories?post=8520"},{"taxonomy":"post_tag","embeddable":true,"href":"https:\/\/bisbalpenedes.com\/web\/wp-json\/wp\/v2\/tags?post=8520"}],"curies":[{"name":"wp","href":"https:\/\/api.w.org\/{rel}","templated":true}]}}