{"id":8515,"date":"2019-01-31T11:12:42","date_gmt":"2019-01-31T10:12:42","guid":{"rendered":"http:\/\/bisbalpenedes.com\/web\/?p=8515"},"modified":"2019-01-31T11:12:42","modified_gmt":"2019-01-31T10:12:42","slug":"aquest-dimecres-30-de-gener-sha-presentat-el-pla-daccio-2019-del-consorci-de-promocio-turistica-del-penedes","status":"publish","type":"post","link":"https:\/\/bisbalpenedes.com\/web\/2019\/01\/31\/aquest-dimecres-30-de-gener-sha-presentat-el-pla-daccio-2019-del-consorci-de-promocio-turistica-del-penedes\/","title":{"rendered":"Aquest dimecres 30 de gener s&#8217;ha presentat el Pla d&#8217;Acci\u00f3 2019 del Consorci de Promoci\u00f3 Tur\u00edstica del Pened\u00e8s"},"content":{"rendered":"<div id='gallery-1' class='gallery galleryid-8515 gallery-columns-4 gallery-size-thumbnail'><figure class='gallery-item'>\n\t\t\t<div class='gallery-icon landscape'>\n\t\t\t\t<a href='https:\/\/bisbalpenedes.com\/web\/2019\/01\/31\/aquest-dimecres-30-de-gener-sha-presentat-el-pla-daccio-2019-del-consorci-de-promocio-turistica-del-penedes\/photo-2019-01-30-10-09-02\/'><img width=\"150\" height=\"150\" src=\"https:\/\/bisbalpenedes.com\/web\/wp-content\/uploads\/2019\/01\/PHOTO-2019-01-30-10-09-02-150x150.jpg\" class=\"attachment-thumbnail size-thumbnail\" alt=\"\" loading=\"lazy\" srcset=\"https:\/\/bisbalpenedes.com\/web\/wp-content\/uploads\/2019\/01\/PHOTO-2019-01-30-10-09-02-150x150.jpg 150w, https:\/\/bisbalpenedes.com\/web\/wp-content\/uploads\/2019\/01\/PHOTO-2019-01-30-10-09-02-300x300.jpg 300w, https:\/\/bisbalpenedes.com\/web\/wp-content\/uploads\/2019\/01\/PHOTO-2019-01-30-10-09-02-100x100.jpg 100w\" sizes=\"(max-width: 150px) 100vw, 150px\" \/><\/a>\n\t\t\t<\/div><\/figure><figure class='gallery-item'>\n\t\t\t<div class='gallery-icon landscape'>\n\t\t\t\t<a href='https:\/\/bisbalpenedes.com\/web\/2019\/01\/31\/aquest-dimecres-30-de-gener-sha-presentat-el-pla-daccio-2019-del-consorci-de-promocio-turistica-del-penedes\/photo-2019-01-30-10-09-03\/'><img width=\"150\" height=\"150\" src=\"https:\/\/bisbalpenedes.com\/web\/wp-content\/uploads\/2019\/01\/PHOTO-2019-01-30-10-09-03-150x150.jpg\" class=\"attachment-thumbnail size-thumbnail\" alt=\"\" loading=\"lazy\" srcset=\"https:\/\/bisbalpenedes.com\/web\/wp-content\/uploads\/2019\/01\/PHOTO-2019-01-30-10-09-03-150x150.jpg 150w, https:\/\/bisbalpenedes.com\/web\/wp-content\/uploads\/2019\/01\/PHOTO-2019-01-30-10-09-03-300x300.jpg 300w, https:\/\/bisbalpenedes.com\/web\/wp-content\/uploads\/2019\/01\/PHOTO-2019-01-30-10-09-03-100x100.jpg 100w\" sizes=\"(max-width: 150px) 100vw, 150px\" \/><\/a>\n\t\t\t<\/div><\/figure><figure class='gallery-item'>\n\t\t\t<div class='gallery-icon landscape'>\n\t\t\t\t<a href='https:\/\/bisbalpenedes.com\/web\/2019\/01\/31\/aquest-dimecres-30-de-gener-sha-presentat-el-pla-daccio-2019-del-consorci-de-promocio-turistica-del-penedes\/photo-2019-01-30-12-03-34-2\/'><img width=\"150\" height=\"150\" src=\"https:\/\/bisbalpenedes.com\/web\/wp-content\/uploads\/2019\/01\/PHOTO-2019-01-30-12-03-34-1-150x150.jpg\" class=\"attachment-thumbnail size-thumbnail\" alt=\"\" loading=\"lazy\" srcset=\"https:\/\/bisbalpenedes.com\/web\/wp-content\/uploads\/2019\/01\/PHOTO-2019-01-30-12-03-34-1-150x150.jpg 150w, https:\/\/bisbalpenedes.com\/web\/wp-content\/uploads\/2019\/01\/PHOTO-2019-01-30-12-03-34-1-300x300.jpg 300w, https:\/\/bisbalpenedes.com\/web\/wp-content\/uploads\/2019\/01\/PHOTO-2019-01-30-12-03-34-1-100x100.jpg 100w\" sizes=\"(max-width: 150px) 100vw, 150px\" \/><\/a>\n\t\t\t<\/div><\/figure><figure class='gallery-item'>\n\t\t\t<div class='gallery-icon portrait'>\n\t\t\t\t<a href='https:\/\/bisbalpenedes.com\/web\/2019\/01\/31\/aquest-dimecres-30-de-gener-sha-presentat-el-pla-daccio-2019-del-consorci-de-promocio-turistica-del-penedes\/photo-2019-01-30-14-18-33\/'><img width=\"150\" height=\"150\" src=\"https:\/\/bisbalpenedes.com\/web\/wp-content\/uploads\/2019\/01\/PHOTO-2019-01-30-14-18-33-150x150.jpg\" class=\"attachment-thumbnail size-thumbnail\" alt=\"\" loading=\"lazy\" srcset=\"https:\/\/bisbalpenedes.com\/web\/wp-content\/uploads\/2019\/01\/PHOTO-2019-01-30-14-18-33-150x150.jpg 150w, https:\/\/bisbalpenedes.com\/web\/wp-content\/uploads\/2019\/01\/PHOTO-2019-01-30-14-18-33-300x300.jpg 300w, https:\/\/bisbalpenedes.com\/web\/wp-content\/uploads\/2019\/01\/PHOTO-2019-01-30-14-18-33-100x100.jpg 100w\" sizes=\"(max-width: 150px) 100vw, 150px\" \/><\/a>\n\t\t\t<\/div><\/figure>\n\t\t<\/div>\n\n<p style=\"text-align: justify;\"><span style=\"color: #000000;\">L\u2019alcaldessa de la Bisbal del Pened\u00e8s, Agn\u00e8s Ferr\u00e9, i la regidora de Turisme, Judit Vidal, han assistit aquest dimecres al mat\u00ed a la presentaci\u00f3 del\u00a0Pla d&#8217;Acci\u00f3 2019\u00a0del Consorci de Promoci\u00f3 Tur\u00edstica del Pened\u00e8s.<\/span><\/p>\n<p style=\"text-align: justify;\"><span style=\"color: #000000;\">El\u00a0<strong>Consorci de Promoci\u00f3 Tur\u00edstica del Pened\u00e8s<\/strong>\u00a0\u00e9s un organisme format per entitats p\u00fabliques i privades, creat amb l\u2019objectiu de promoure i impulsar pol\u00edtiques tur\u00edstiques coordinades en l\u2019\u00e0mbit de la Denominaci\u00f3 d\u2019Origen Pened\u00e8s. L\u2019Ajuntament de la Bisbal del Pened\u00e8s en forma part des de l\u2019any 2017.<\/span><\/p>\n<p style=\"text-align: justify;\"><span style=\"color: #000000;\">En la presentaci\u00f3 d\u2019aquest mat\u00ed s\u2019ha comptat amb una benvinguda a c\u00e0rrec del President del Consorci de Promoci\u00f3 Tur\u00edstica del Pened\u00e8s, Servi Vall\u00e8s; del Diputat de Turisme de la Diputaci\u00f3 de Barcelona, Miquel S\u00e0mper; i del director de l\u2019Ag\u00e8ncia Catalana de Turisme, David Font. Tot seguit la directora del Consorci, N\u00faria Sala, ha presentat els resultats del 2018 i ha tingut lloc el lliurament de distintius Biosphere amb una presentaci\u00f3 a c\u00e0rrec del gerent de turisme de la Diputaci\u00f3 de Barcelona, Francesc Vila. Aquests distintius s\u00f3n una certificaci\u00f3 que es basa en els principis de sostenibilitat i millora continua que reben les empreses del sector que compleixen una s\u00e8rie de requisits relacionats amb el model de turisme no agressiu i basat en els principis de sostenibilitat i de millora continuada.<\/span><\/p>\n<p style=\"text-align: justify;\"><span style=\"color: #000000;\">A continuaci\u00f3 s\u2019ha presentat el Pla accions i estrat\u00e8gia 2019, tamb\u00e9 s\u2019han donat a con\u00e8ixer les noves empreses adherides al club enoturismepened\u00e8s i s\u2019ha fet una taula rodona sobre turisme, marca destinaci\u00f3 i noves oportunitats que ha moderat el periodista Sergi Fern\u00e1ndez.<\/span><\/p>\n<p style=\"text-align: justify;\"><span style=\"color: #000000;\">La cloenda ha anat a c\u00e0rrec de l\u2019alcalde de Vilafranca del Pened\u00e8s, Pere Regull. Tot seguit, els assistents han pogut gaudir d\u2019una visita al nou espai d\u2019inter\u00e8s tur\u00edstic dels Castellers de Vilafranca a Cal Figarot.<\/span><\/p>\n<p style=\"text-align: justify;\"><span style=\"color: #000000;\">L\u2019alcaldessa de la Bisbal del Pened\u00e8s, Agn\u00e8s Ferr\u00e9, ha explicat que \u201cformar part del Consorci permet situar la Bisbal del Pened\u00e8s i els seus atractius al mapa perqu\u00e8 persones que\u00a0 no coneguin el municipi puguin venir a con\u00e8ixer els seus encants. Per a nosaltres \u00e9s important participar en actes com el d\u2019avui per agafar idees i crear xarxa o intercanviar inquietuds amb altres municipis amb caracter\u00edstiques similars\u201d. Per la seva banda, la regidora de Turisme, Judith Vidal, ha afegit que \u201cl\u2019entorn, els allotjaments rurals del municipi, els punts hist\u00f2rics d\u2019inter\u00e8s, les rutes que es poden fer a la vila i a les rodalies, els nostres productes de proximitat, la nostra gastronomia&#8230; tenim molts atributs positius o molts atractius perqu\u00e8 les persones que ens visiten en puguin gaudir, com van fer la cinquantena de persones que el cap de setmana passat van visitar la Bisbal del Pened\u00e8s per fotografiar-la, i con\u00e8ixer els nostres productes de proximitat i les nostres tradicions. Des de l\u2019Ajuntament estem treballant per promocionar i fer valdre tot all\u00f2 que tenim\u201d<\/span><\/p>\n<hr \/>\n<div id='gallery-2' class='gallery galleryid-8515 gallery-columns-4 gallery-size-thumbnail'><figure class='gallery-item'>\n\t\t\t<div class='gallery-icon landscape'>\n\t\t\t\t<a href='https:\/\/bisbalpenedes.com\/web\/2019\/01\/31\/aquest-dimecres-30-de-gener-sha-presentat-el-pla-daccio-2019-del-consorci-de-promocio-turistica-del-penedes\/photo-2019-01-30-10-09-02\/'><img width=\"150\" height=\"150\" src=\"https:\/\/bisbalpenedes.com\/web\/wp-content\/uploads\/2019\/01\/PHOTO-2019-01-30-10-09-02-150x150.jpg\" class=\"attachment-thumbnail size-thumbnail\" alt=\"\" loading=\"lazy\" srcset=\"https:\/\/bisbalpenedes.com\/web\/wp-content\/uploads\/2019\/01\/PHOTO-2019-01-30-10-09-02-150x150.jpg 150w, https:\/\/bisbalpenedes.com\/web\/wp-content\/uploads\/2019\/01\/PHOTO-2019-01-30-10-09-02-300x300.jpg 300w, https:\/\/bisbalpenedes.com\/web\/wp-content\/uploads\/2019\/01\/PHOTO-2019-01-30-10-09-02-100x100.jpg 100w\" sizes=\"(max-width: 150px) 100vw, 150px\" \/><\/a>\n\t\t\t<\/div><\/figure><figure class='gallery-item'>\n\t\t\t<div class='gallery-icon landscape'>\n\t\t\t\t<a href='https:\/\/bisbalpenedes.com\/web\/2019\/01\/31\/aquest-dimecres-30-de-gener-sha-presentat-el-pla-daccio-2019-del-consorci-de-promocio-turistica-del-penedes\/photo-2019-01-30-10-09-03\/'><img width=\"150\" height=\"150\" src=\"https:\/\/bisbalpenedes.com\/web\/wp-content\/uploads\/2019\/01\/PHOTO-2019-01-30-10-09-03-150x150.jpg\" class=\"attachment-thumbnail size-thumbnail\" alt=\"\" loading=\"lazy\" srcset=\"https:\/\/bisbalpenedes.com\/web\/wp-content\/uploads\/2019\/01\/PHOTO-2019-01-30-10-09-03-150x150.jpg 150w, https:\/\/bisbalpenedes.com\/web\/wp-content\/uploads\/2019\/01\/PHOTO-2019-01-30-10-09-03-300x300.jpg 300w, https:\/\/bisbalpenedes.com\/web\/wp-content\/uploads\/2019\/01\/PHOTO-2019-01-30-10-09-03-100x100.jpg 100w\" sizes=\"(max-width: 150px) 100vw, 150px\" \/><\/a>\n\t\t\t<\/div><\/figure><figure class='gallery-item'>\n\t\t\t<div class='gallery-icon landscape'>\n\t\t\t\t<a href='https:\/\/bisbalpenedes.com\/web\/2019\/01\/31\/aquest-dimecres-30-de-gener-sha-presentat-el-pla-daccio-2019-del-consorci-de-promocio-turistica-del-penedes\/photo-2019-01-30-12-03-34-2\/'><img width=\"150\" height=\"150\" src=\"https:\/\/bisbalpenedes.com\/web\/wp-content\/uploads\/2019\/01\/PHOTO-2019-01-30-12-03-34-1-150x150.jpg\" class=\"attachment-thumbnail size-thumbnail\" alt=\"\" loading=\"lazy\" srcset=\"https:\/\/bisbalpenedes.com\/web\/wp-content\/uploads\/2019\/01\/PHOTO-2019-01-30-12-03-34-1-150x150.jpg 150w, https:\/\/bisbalpenedes.com\/web\/wp-content\/uploads\/2019\/01\/PHOTO-2019-01-30-12-03-34-1-300x300.jpg 300w, https:\/\/bisbalpenedes.com\/web\/wp-content\/uploads\/2019\/01\/PHOTO-2019-01-30-12-03-34-1-100x100.jpg 100w\" sizes=\"(max-width: 150px) 100vw, 150px\" \/><\/a>\n\t\t\t<\/div><\/figure><figure class='gallery-item'>\n\t\t\t<div class='gallery-icon portrait'>\n\t\t\t\t<a href='https:\/\/bisbalpenedes.com\/web\/2019\/01\/31\/aquest-dimecres-30-de-gener-sha-presentat-el-pla-daccio-2019-del-consorci-de-promocio-turistica-del-penedes\/photo-2019-01-30-14-18-33\/'><img width=\"150\" height=\"150\" src=\"https:\/\/bisbalpenedes.com\/web\/wp-content\/uploads\/2019\/01\/PHOTO-2019-01-30-14-18-33-150x150.jpg\" class=\"attachment-thumbnail size-thumbnail\" alt=\"\" loading=\"lazy\" srcset=\"https:\/\/bisbalpenedes.com\/web\/wp-content\/uploads\/2019\/01\/PHOTO-2019-01-30-14-18-33-150x150.jpg 150w, https:\/\/bisbalpenedes.com\/web\/wp-content\/uploads\/2019\/01\/PHOTO-2019-01-30-14-18-33-300x300.jpg 300w, https:\/\/bisbalpenedes.com\/web\/wp-content\/uploads\/2019\/01\/PHOTO-2019-01-30-14-18-33-100x100.jpg 100w\" sizes=\"(max-width: 150px) 100vw, 150px\" \/><\/a>\n\t\t\t<\/div><\/figure>\n\t\t<\/div>\n\n<p style=\"text-align: justify;\"><span style=\"color: #000000;\"><strong>CASTELLANO |<\/strong> La alcaldesa de la Bisbal del Pened\u00e8s, Agn\u00e8s Ferr\u00e9, y la regidora de Turismo, Judit Vidal, han asistido este mi\u00e9rcoles por la ma\u00f1ana a la presentaci\u00f3n del Pla d&#8217;Acci\u00f3 2019 del Consorci de Promoci\u00f3 Tur\u00edstica del Pened\u00e8s.<\/span><\/p>\n<p style=\"text-align: justify;\"><span style=\"color: #000000;\">El Consorci de Promoci\u00f3 Tur\u00edstica del Pened\u00e8s es un organismo formado por entidades p\u00fablicas y privadas, creado con el objetivo de promover e impulsar pol\u00edticas tur\u00edsticas coordinadas en el \u00e1mbito de la Denominaci\u00f3n de Origen Pened\u00e8s. El Ayuntamiento de la Bisbal del Pened\u00e8s forma parte del Consorci desde el a\u00f1o 2017.<\/span><\/p>\n<p style=\"text-align: justify;\"><span style=\"color: #000000;\">En la presentaci\u00f3n de esta ma\u00f1ana se ha contado con una bienvenida a cargo del Presidente del Consorci de Promoci\u00f3 Tur\u00edstica del Pened\u00e8s, Sergi Vall\u00e8s; del Diputado de Turismo de la Diputaci\u00f3n de Barcelona, Miquel S\u00e0mper; y del director de la Ag\u00e8ncia Catalana de Turisme, David Font. A continuaci\u00f3n la directora del Consorci, N\u00faria Sala, ha presentado los resultados el 2018 y ha tenido lugar la entrega de distintivos Biosphere con una presentaci\u00f3n a cargo del gerente de turismo de la Diputaci\u00f3n de Barcelona, Francesc Vila. Estos distintivos son una certificaci\u00f3n que se basa en los principios de sostenibilidad y mejora continua que reciben las empresas del sector que cumplen una serie de requisitos relacionados con el modelo de turismo no agresivo y basado en los principios de sostenibilidad y de mejora continua.<\/span><\/p>\n<p style=\"text-align: justify;\"><span style=\"color: #000000;\">A continuaci\u00f3n se ha presentado el Pla accions i estrat\u00e8gia 2019, tambi\u00e9n se han dado a conocer las nuevas empresas adheridas al Club enoturismepened\u00e8s y se ha\u00a0realizado una mesa redonda sobre turismo, marca destinaci\u00f3n y nuevas oportunidades que ha moderado el periodista Sergi Fern\u00e1ndez.<\/span><\/p>\n<p style=\"text-align: justify;\"><span style=\"color: #000000;\">La clausura ha ido a cargo del alcalde de Vilafranca del Pened\u00e8s, Pere Regull. A continuaci\u00f3n, los asistentes han podido disfrutar de una visita al espacio de inter\u00e9s tur\u00edstico de los Castellers de Vilafranca en Cal Figarot.<\/span><\/p>\n<p style=\"text-align: justify;\"><span style=\"color: #000000;\">La alcaldesa de la Bisbal del Pened\u00e8s, Agn\u00e8s Ferr\u00e9, ha explicado que &#8220;formar parte del Consorci permite situar la Bisbal del Pened\u00e8s y sus atractivos en el mapa para qu\u00e9 personas que no conozcan el municipio puedan venir a conocer sus encantos. Para nosotros es muy importante participar en actos como el de hoy para coger ideas y crear red o intercambiar inquietudes con otros municipios de caracter\u00edsticas similares&#8221;. Por su parte, la regidora de Turismo, Judith Vidal, ha a\u00f1adido que &#8220;el entorno, los alojamientos rurales del municipio, los puntos hist\u00f3ricos de inter\u00e9s, las rutas que se pueden hacer en el pueblo y su entorno, los productos de proximidad, nuestra gastronom\u00eda&#8230; Tenemos muchos atributos positivos o muchos atractivos para que las personas que nos visiten puedan disfrutar de ellos, como hicieron la cincuentena de personas que el fin de semana pasado visitaron la Bisbal para fotografiarla, y conocer nuestros productos de proximidad y nuestras tradiciones. Desde el Ayuntamiento estamos trabajando para promocionar y poner en valor todo lo que tenemos&#8221;.<\/span><\/p>\n<p>&nbsp;<\/p>\n<p>&nbsp;<\/p>\n<p>&nbsp;<\/p>\n<p>&nbsp;<\/p>\n<p>&nbsp;<\/p>\n<p>&nbsp;<\/p>\n<p>&nbsp;<\/p>\n","protected":false},"excerpt":{"rendered":"<p>L\u2019alcaldessa de la Bisbal del Pened\u00e8s, Agn\u00e8s Ferr\u00e9, i la regidora de Turisme, Judit Vidal, han assistit aquest dimecres al mat\u00ed a la presentaci\u00f3 del\u00a0Pla d&#8217;Acci\u00f3 2019\u00a0del Consorci de Promoci\u00f3 &hellip; <a href=\"https:\/\/bisbalpenedes.com\/web\/2019\/01\/31\/aquest-dimecres-30-de-gener-sha-presentat-el-pla-daccio-2019-del-consorci-de-promocio-turistica-del-penedes\/\" class=\"more-link\">Read More<\/a><\/p>\n","protected":false},"author":4,"featured_media":8526,"comment_status":"closed","ping_status":"closed","sticky":false,"template":"","format":"standard","meta":[],"categories":[8,2511],"tags":[1151,2798,2118,1041,2512,328],"_links":{"self":[{"href":"https:\/\/bisbalpenedes.com\/web\/wp-json\/wp\/v2\/posts\/8515"}],"collection":[{"href":"https:\/\/bisbalpenedes.com\/web\/wp-json\/wp\/v2\/posts"}],"about":[{"href":"https:\/\/bisbalpenedes.com\/web\/wp-json\/wp\/v2\/types\/post"}],"author":[{"embeddable":true,"href":"https:\/\/bisbalpenedes.com\/web\/wp-json\/wp\/v2\/users\/4"}],"replies":[{"embeddable":true,"href":"https:\/\/bisbalpenedes.com\/web\/wp-json\/wp\/v2\/comments?post=8515"}],"version-history":[{"count":5,"href":"https:\/\/bisbalpenedes.com\/web\/wp-json\/wp\/v2\/posts\/8515\/revisions"}],"predecessor-version":[{"id":8531,"href":"https:\/\/bisbalpenedes.com\/web\/wp-json\/wp\/v2\/posts\/8515\/revisions\/8531"}],"wp:featuredmedia":[{"embeddable":true,"href":"https:\/\/bisbalpenedes.com\/web\/wp-json\/wp\/v2\/media\/8526"}],"wp:attachment":[{"href":"https:\/\/bisbalpenedes.com\/web\/wp-json\/wp\/v2\/media?parent=8515"}],"wp:term":[{"taxonomy":"category","embeddable":true,"href":"https:\/\/bisbalpenedes.com\/web\/wp-json\/wp\/v2\/categories?post=8515"},{"taxonomy":"post_tag","embeddable":true,"href":"https:\/\/bisbalpenedes.com\/web\/wp-json\/wp\/v2\/tags?post=8515"}],"curies":[{"name":"wp","href":"https:\/\/api.w.org\/{rel}","templated":true}]}}