{"id":8510,"date":"2019-01-30T11:52:07","date_gmt":"2019-01-30T10:52:07","guid":{"rendered":"http:\/\/bisbalpenedes.com\/web\/?p=8510"},"modified":"2019-01-30T11:52:07","modified_gmt":"2019-01-30T10:52:07","slug":"aquest-dissabte-2-de-febrer-a-les-11h-tindra-lloc-una-xerrada-sobre-habits-dalimentacio-saludables","status":"publish","type":"post","link":"https:\/\/bisbalpenedes.com\/web\/2019\/01\/30\/aquest-dissabte-2-de-febrer-a-les-11h-tindra-lloc-una-xerrada-sobre-habits-dalimentacio-saludables\/","title":{"rendered":"Aquest dissabte 2 de febrer a les 11h tindr\u00e0 lloc una xerrada sobre h\u00e0bits d&#8217;alimentaci\u00f3 saludables"},"content":{"rendered":"<p><a href=\"http:\/\/bisbalpenedes.com\/web\/wp-content\/uploads\/2019\/01\/menjar_be.jpg\"><img loading=\"lazy\" class=\"aligncenter size-medium wp-image-8511\" src=\"http:\/\/bisbalpenedes.com\/web\/wp-content\/uploads\/2019\/01\/menjar_be-212x300.jpg\" alt=\"menjar_be\" width=\"212\" height=\"300\" srcset=\"https:\/\/bisbalpenedes.com\/web\/wp-content\/uploads\/2019\/01\/menjar_be-212x300.jpg 212w, https:\/\/bisbalpenedes.com\/web\/wp-content\/uploads\/2019\/01\/menjar_be-600x849.jpg 600w, https:\/\/bisbalpenedes.com\/web\/wp-content\/uploads\/2019\/01\/menjar_be-768x1086.jpg 768w, https:\/\/bisbalpenedes.com\/web\/wp-content\/uploads\/2019\/01\/menjar_be-724x1024.jpg 724w, https:\/\/bisbalpenedes.com\/web\/wp-content\/uploads\/2019\/01\/menjar_be.jpg 1240w\" sizes=\"(max-width: 212px) 100vw, 212px\" \/><\/a><\/p>\n<p style=\"text-align: justify;\"><span style=\"color: #000000;\">Aquest dissabte 2 de febrer, a les 11h, el CMC acollir\u00e0 una xerrada sobre h\u00e0bits d&#8217;alimentaci\u00f3 saludable amb recomanacions per menjar de forma equilibrada i consells per combinar b\u00e9 els aliments. L&#8217;activitat \u00e9s gratu\u00efta, les places s\u00f3n limitades i per confirmar assist\u00e8ncia podeu trucar al 671918974 (M\u00f2nica L\u00f3pez).<\/span><\/p>\n<hr \/>\n<p style=\"text-align: justify;\"><span style=\"color: #000000;\">CASTELLANO | Este s\u00e1bado 2 de febrero, a las 11h, el CMC acoger\u00e1 una charla sobre h\u00e1bitos de alimentaci\u00f3n saludable con recomendaciones para comer de forma equilibrada y consejos para combinar bien los alimentos. La actividad es gratuita, las plazas son limitadas y para confirmar asistencia pod\u00e9is llamar al\u00a0671918974 (M\u00f2nica L\u00f3pez).<\/span><\/p>\n","protected":false},"excerpt":{"rendered":"<p>Aquest dissabte 2 de febrer, a les 11h, el CMC acollir\u00e0 una xerrada sobre h\u00e0bits d&#8217;alimentaci\u00f3 saludable amb recomanacions per menjar de forma equilibrada i consells per combinar b\u00e9 els &hellip; <a href=\"https:\/\/bisbalpenedes.com\/web\/2019\/01\/30\/aquest-dissabte-2-de-febrer-a-les-11h-tindra-lloc-una-xerrada-sobre-habits-dalimentacio-saludables\/\" class=\"more-link\">Read More<\/a><\/p>\n","protected":false},"author":4,"featured_media":8511,"comment_status":"closed","ping_status":"closed","sticky":false,"template":"","format":"standard","meta":[],"categories":[14,2797],"tags":[152,1186,45],"_links":{"self":[{"href":"https:\/\/bisbalpenedes.com\/web\/wp-json\/wp\/v2\/posts\/8510"}],"collection":[{"href":"https:\/\/bisbalpenedes.com\/web\/wp-json\/wp\/v2\/posts"}],"about":[{"href":"https:\/\/bisbalpenedes.com\/web\/wp-json\/wp\/v2\/types\/post"}],"author":[{"embeddable":true,"href":"https:\/\/bisbalpenedes.com\/web\/wp-json\/wp\/v2\/users\/4"}],"replies":[{"embeddable":true,"href":"https:\/\/bisbalpenedes.com\/web\/wp-json\/wp\/v2\/comments?post=8510"}],"version-history":[{"count":1,"href":"https:\/\/bisbalpenedes.com\/web\/wp-json\/wp\/v2\/posts\/8510\/revisions"}],"predecessor-version":[{"id":8512,"href":"https:\/\/bisbalpenedes.com\/web\/wp-json\/wp\/v2\/posts\/8510\/revisions\/8512"}],"wp:featuredmedia":[{"embeddable":true,"href":"https:\/\/bisbalpenedes.com\/web\/wp-json\/wp\/v2\/media\/8511"}],"wp:attachment":[{"href":"https:\/\/bisbalpenedes.com\/web\/wp-json\/wp\/v2\/media?parent=8510"}],"wp:term":[{"taxonomy":"category","embeddable":true,"href":"https:\/\/bisbalpenedes.com\/web\/wp-json\/wp\/v2\/categories?post=8510"},{"taxonomy":"post_tag","embeddable":true,"href":"https:\/\/bisbalpenedes.com\/web\/wp-json\/wp\/v2\/tags?post=8510"}],"curies":[{"name":"wp","href":"https:\/\/api.w.org\/{rel}","templated":true}]}}