{"id":8504,"date":"2019-01-29T13:21:14","date_gmt":"2019-01-29T12:21:14","guid":{"rendered":"http:\/\/bisbalpenedes.com\/web\/?p=8504"},"modified":"2019-01-29T13:21:14","modified_gmt":"2019-01-29T12:21:14","slug":"el-dissabte-2-de-febrer-comenca-el-22e-cicle-de-conferencies-de-tematica-castellera","status":"publish","type":"post","link":"https:\/\/bisbalpenedes.com\/web\/2019\/01\/29\/el-dissabte-2-de-febrer-comenca-el-22e-cicle-de-conferencies-de-tematica-castellera\/","title":{"rendered":"El dissabte 2 de febrer comen\u00e7a el 22\u00e8 Cicle de Confer\u00e8ncies de Tem\u00e0tica Castellera"},"content":{"rendered":"<p><span style=\"color: #000000;\"><strong>El proper dissabte 2 de febrer, a les 19h,<\/strong> comen\u00e7ar\u00e0 el 22\u00e8 Cicle de Confer\u00e8ncies de Tem\u00e0tica Castellera organitzat per la Societat Cultural i Recreativa Bisbalenca amb una xerrada titulada &#8220;An\u00e0lisis i propostes de les actuacions castelleres&#8221; que anir\u00e0 a c\u00e0rrec de Joan Sala i Giner, expresident i excap de colla dels Xiquets de Tarragona.<\/span><\/p>\n<p><span style=\"color: #000000;\"><strong>El dissabte 9 de mar\u00e7, tamb\u00e9 a les 19h<\/strong>, tindr\u00e0 lloc la projecci\u00f3 de les filmacions castelleres d&#8217;en Jaume Domingo Mulet que corresponen als anys 1969, 1970 i 1972. Tamb\u00e9 es projectar\u00e0 la pel\u00b7l\u00edcula &#8220;Jan Julivert. Tota una vida pels castells&#8221;, dedicada a qui va ser cap de colla dels Nens del Vendrell durant 21 anys (1944-1972) i un gran innovador en les construccions castelleres folrades. La presentaci\u00f3 anir\u00e0 a c\u00e0rrec de l&#8217;historiador casteller Salvador Arroyo Julivert.<\/span><\/p>\n<p><span style=\"color: #000000;\"><strong>El dissabte 16 de mar\u00e7, a les 19h,<\/strong> David Lobo, cap de colla de la Colla Castellera de Sant Pere i Sant Pau, pronunciar\u00e0 la confer\u00e8ncia &#8220;Canvi de percepci\u00f3 i funcionament, mantenint la singularitat de l&#8217;entitat&#8221;.<\/span><\/p>\n<p><span style=\"color: #000000;\">Totes les activitats es duran a terme a la Societat Cultural i Recreativa Bisbalenca.<\/span><\/p>\n<hr \/>\n<p><span style=\"color: #000000;\"><strong>CASTELLANO | El pr\u00f3ximo s\u00e1bado 2 de febrero, a las 19h,<\/strong> empezar\u00e1 el 22\u00ba Cicle de Confer\u00e8ncies de Tem\u00e0tica Castellera organizado por la Societat Cultural i Recreativa Bisbalenca con una charla titulada &#8220;An\u00e0lisis i propostes de les actuacions castelleres&#8221; que ir\u00e1 a cargo de Joan Sala i Giner, expresidente y excap de colla de los Xiquets de Tarragona.<\/span><\/p>\n<p><span style=\"color: #000000;\"><strong>El s\u00e1bado 9 de marzo, tambi\u00e9n a las 19h,<\/strong> tendr\u00e1 lugar la proyecci\u00f3n de las filmaciones <em>castelleres<\/em> de Jaume Domingo Mulet que corresponden a los a\u00f1os 1969, 1970 y 1972. Tambi\u00e9n se proyectar\u00e1 la pel\u00edcula &#8220;Jan Julivert. Tota una vida pels castells&#8221;, dedicada a quien fue cap de colla de los Nens del Vendrell durante 21 a\u00f1os (1944-1972) y un gran innovador en las construcciones <em>castelleres folrades<\/em>. La presentaci\u00f3n ira a cargo del historiador <em>casteller<\/em> Salvador Arroyo Julivert.<\/span><\/p>\n<p><span style=\"color: #000000;\"><strong>El s\u00e1bado 16 de marzo, a las 19h<\/strong>, David Lobo, cap de colla de la Colla Castellera de Sant Pere i Sant Pau, pronunciar\u00e1 la conferencia &#8220;Canvi de percepci\u00f3 i funcionament, mantenint la singularitat de l&#8217;entitat&#8221;.\u00a0<\/span><\/p>\n<p><span style=\"color: #000000;\">Todas las actividades se llevar\u00e1n a cabo en la Societat Cultural i Recreativa Bisbalenca.<\/span><\/p>\n<p>&nbsp;<\/p>\n<p>&nbsp;<\/p>\n<p>&nbsp;<\/p>\n","protected":false},"excerpt":{"rendered":"<p>El proper dissabte 2 de febrer, a les 19h, comen\u00e7ar\u00e0 el 22\u00e8 Cicle de Confer\u00e8ncies de Tem\u00e0tica Castellera organitzat per la Societat Cultural i Recreativa Bisbalenca amb una xerrada titulada &hellip; <a href=\"https:\/\/bisbalpenedes.com\/web\/2019\/01\/29\/el-dissabte-2-de-febrer-comenca-el-22e-cicle-de-conferencies-de-tematica-castellera\/\" class=\"more-link\">Read More<\/a><\/p>\n","protected":false},"author":4,"featured_media":5701,"comment_status":"closed","ping_status":"closed","sticky":false,"template":"","format":"standard","meta":[],"categories":[20,8],"tags":[2794,2793,667,2792,300,2776],"_links":{"self":[{"href":"https:\/\/bisbalpenedes.com\/web\/wp-json\/wp\/v2\/posts\/8504"}],"collection":[{"href":"https:\/\/bisbalpenedes.com\/web\/wp-json\/wp\/v2\/posts"}],"about":[{"href":"https:\/\/bisbalpenedes.com\/web\/wp-json\/wp\/v2\/types\/post"}],"author":[{"embeddable":true,"href":"https:\/\/bisbalpenedes.com\/web\/wp-json\/wp\/v2\/users\/4"}],"replies":[{"embeddable":true,"href":"https:\/\/bisbalpenedes.com\/web\/wp-json\/wp\/v2\/comments?post=8504"}],"version-history":[{"count":2,"href":"https:\/\/bisbalpenedes.com\/web\/wp-json\/wp\/v2\/posts\/8504\/revisions"}],"predecessor-version":[{"id":8507,"href":"https:\/\/bisbalpenedes.com\/web\/wp-json\/wp\/v2\/posts\/8504\/revisions\/8507"}],"wp:featuredmedia":[{"embeddable":true,"href":"https:\/\/bisbalpenedes.com\/web\/wp-json\/wp\/v2\/media\/5701"}],"wp:attachment":[{"href":"https:\/\/bisbalpenedes.com\/web\/wp-json\/wp\/v2\/media?parent=8504"}],"wp:term":[{"taxonomy":"category","embeddable":true,"href":"https:\/\/bisbalpenedes.com\/web\/wp-json\/wp\/v2\/categories?post=8504"},{"taxonomy":"post_tag","embeddable":true,"href":"https:\/\/bisbalpenedes.com\/web\/wp-json\/wp\/v2\/tags?post=8504"}],"curies":[{"name":"wp","href":"https:\/\/api.w.org\/{rel}","templated":true}]}}