{"id":8499,"date":"2019-01-30T11:04:18","date_gmt":"2019-01-30T10:04:18","guid":{"rendered":"http:\/\/bisbalpenedes.com\/web\/?p=8499"},"modified":"2019-01-30T11:17:28","modified_gmt":"2019-01-30T10:17:28","slug":"el-pressupost-prorrogat-per-al-2019-compleix-lobjectiu-destabilitat-pressupostaria-la-regla-de-la-despesa-i-lobjectiu-de-deute-public","status":"publish","type":"post","link":"https:\/\/bisbalpenedes.com\/web\/2019\/01\/30\/el-pressupost-prorrogat-per-al-2019-compleix-lobjectiu-destabilitat-pressupostaria-la-regla-de-la-despesa-i-lobjectiu-de-deute-public\/","title":{"rendered":"El pressupost prorrogat per al 2019 compleix l\u2019objectiu d\u2019estabilitat pressupost\u00e0ria, la regla de la despesa i l\u2019objectiu de deute p\u00fablic"},"content":{"rendered":"<p style=\"text-align: justify;\"><span style=\"color: #000000;\">El passat 23 de gener l\u2019alcaldessa de la Bisbal del Pened\u00e8s, Agn\u00e8s Ferr\u00e9, va signar un decret d\u2019alcaldia per a la pr\u00f2rroga dels pressupostos de 2018 per al 2019 amb els ajustaments que contempla la normativa.<\/span><\/p>\n<p style=\"text-align: justify;\"><span style=\"color: #000000;\">Com que no es va aprovar el pressupost de 2019 per ple, l\u2019Ajuntament de la Bisbal del Pened\u00e8s haur\u00e0 de prorrogar el pressupost de 2018 quant a despesa corrent per\u00f2 no podr\u00e0 fer nova inversi\u00f3. La pr\u00f2rroga del pressupost tamb\u00e9 ha de complir l\u2019objectiu d\u2019estabilitat pressupost\u00e0ria, la regla de la despesa i l\u2019objectiu de deute p\u00fablic. En el cas del pressupost de 2018 prorrogat per al 2019:<\/span><\/p>\n<ul style=\"text-align: justify;\">\n<li><span style=\"color: #000000;\">Compleix amb l\u2019objectiu d\u2019estabilitat pressupost\u00e0ria, amb un super\u00e0vit no financer de 620.060,58\u20ac, amb una capacitat de finan\u00e7ament de 702.382,83\u20ac i super\u00e0vit pressupostari (ja que la suma dels cap\u00edtols 1 a 7 dels pressupostos d\u2019ingressos \u00e9s superior a la suma dels cap\u00edtols 1 a 7 dels pressupostos de despeses).<\/span><\/li>\n<li><span style=\"color: #000000;\">Compleix amb la regla de la despesa amb un marge de compliment d\u20191.645.416,04\u20ac (la variaci\u00f3 de la despesa computable \u00e9s del 0,64 que \u00e9s inferior a la taxa de refer\u00e8ncia del creixement del PIB a mig termini de l\u2019economia espanyola).<\/span><\/li>\n<li><span style=\"color: #000000;\">Compleix amb l\u2019objectiu de deute p\u00fablic amb un deute viu d\u20191.206.000\u20ac que suposa un 31,10% d\u2019endeutament, molt inferior al 110% que \u00e9s el m\u00e0xim perm\u00e8s.<\/span><\/li>\n<\/ul>\n<p style=\"text-align: justify;\"><span style=\"color: #000000;\">Quant a la despesa del pressupost prorrogat, per a l\u2019exercici 2019 es pot fer despesa per un import de 3.906.277,32\u20ac, \u00e9s a dir, 514.827,95\u20ac menys que al pressupost proposat al Ple extraordinari del 24 de desembre de 2018 corresponents al cap\u00edtol d\u2019inversions (al pressupost proposat per al 2019 el cap\u00edtol de despeses ascendia a 4.421.105,27\u20ac). Tot i que les inversions proposades al Ple per al pressupost de 2019 ascendien a 543.658\u20ac, el pressupost prorrogat contempla 514.827,95\u20ac menys i, per tant, hi ha una difer\u00e8ncia de 28.830,05\u20ac. Aix\u00f2 es deu al fet que aquesta quantitat correspon a inversions de 2018 que estan aprovades perqu\u00e8 es faran o acabaran el 2019 i, per aquest motiu, s\u2019incorpora aquesta quantitat.<\/span><\/p>\n<hr \/>\n<p style=\"text-align: justify;\"><span style=\"color: #000000;\"><strong>CASTELLANO |<\/strong> El pasado 23 de enero la alcaldesa de la Bisbal del Pened\u00e8s, Agn\u00e8s Ferr\u00e9, firm\u00f3 un decreto de alcald\u00eda para la pr\u00f3rroga de los presupuesto del 2018 para el 2019 con los ajustes que contempla la normativa.<\/span><\/p>\n<p style=\"text-align: justify;\"><span style=\"color: #000000;\">Como que no se aprob\u00f3 el presupuesto del 2019 por pleno, el Ayuntamiento de la Bisbal del Pened\u00e8s deber\u00e1 prorrogar el presupuesto del 2018 en cuanto al gasto corriente pero no podr\u00e1 hacer nueva inversi\u00f3n. La prorroga del presupuesto tambi\u00e9n debe cumplir el objetivo de estabilidad presupuestaria, la regla del gasto y el objetivo de deuda p\u00fablica. En el caso del presupuesto del 2018 prorrogado para el 2019:<\/span><\/p>\n<ul style=\"text-align: justify;\">\n<li><span style=\"color: #000000;\">Cumple el objetivo de estabilidad presupuestaria, con un super\u00e1vit no financiero de 620.060,58\u20ac, con una capacidad de financiamiento de 702.382,83\u20ac y super\u00e1vit presupuestario (ya que la suma de los cap\u00edtulos 1 a 7 de los presupuestos de ingresos de superior a la suma de los cap\u00edtulos 1 a 7 de los presupuestos de gastos).<\/span><\/li>\n<li><span style=\"color: #000000;\">Cumple con la regla del gasto con un margen de cumplimiento de 1.645.416,04\u20ac (la variaci\u00f3n del gasto computable es del 0,64 que es inferior a la tasa de referencia del crecimiento del PIB a medio plazo de la econom\u00eda espa\u00f1ola).<\/span><\/li>\n<li><span style=\"color: #000000;\">Cumple con el objetivo de la deuda p\u00fablica con una deuda viva de 1.206.000\u20ac que supone un 31,10% de endeudamiento, muy inferior al 110% que es el m\u00e1ximo permitido.<\/span><\/li>\n<\/ul>\n<p style=\"text-align: justify;\"><span style=\"color: #000000;\">En cuanto al gasto del presupuesto prorrogado, para el ejercicio del 2019 se puede hacer gasto por un importe de 3.906.277,32\u20ac, es decir, 514.827,95\u20ac menos que el presupuesto propuesto en el Pleno extraordinario del 24 de diciembre del 2018 correspondientes al cap\u00edtulo de inversiones (en el presupuesto propuesto para el 2019 el cap\u00edtulo de gastos ascend\u00eda a 4.421.105,27\u20ac). Aunque las inversiones propuestas en el Pleno para el presupuesto del 2019 ascend\u00edan a 543.658\u20ac, el presupuesto prorrogado contempla 514.827,95\u20ac menos y, por lo tanto, hay una diferencia de 28.830,05\u20ac. Esto se debe al hecho que esta cantidad corresponde a inversiones del 2018 que est\u00e1n aprobadas porqu\u00e9 se har\u00e1n o terminaran en el 2019 y, por este motivo, se incorpora esta cantidad.<\/span><\/p>\n<p>&nbsp;<\/p>\n","protected":false},"excerpt":{"rendered":"<p>El passat 23 de gener l\u2019alcaldessa de la Bisbal del Pened\u00e8s, Agn\u00e8s Ferr\u00e9, va signar un decret d\u2019alcaldia per a la pr\u00f2rroga dels pressupostos de 2018 per al 2019 amb &hellip; <a href=\"https:\/\/bisbalpenedes.com\/web\/2019\/01\/30\/el-pressupost-prorrogat-per-al-2019-compleix-lobjectiu-destabilitat-pressupostaria-la-regla-de-la-despesa-i-lobjectiu-de-deute-public\/\" class=\"more-link\">Read More<\/a><\/p>\n","protected":false},"author":4,"featured_media":6737,"comment_status":"closed","ping_status":"closed","sticky":false,"template":"","format":"standard","meta":[],"categories":[2057,8],"tags":[2796,2795,515,2159],"_links":{"self":[{"href":"https:\/\/bisbalpenedes.com\/web\/wp-json\/wp\/v2\/posts\/8499"}],"collection":[{"href":"https:\/\/bisbalpenedes.com\/web\/wp-json\/wp\/v2\/posts"}],"about":[{"href":"https:\/\/bisbalpenedes.com\/web\/wp-json\/wp\/v2\/types\/post"}],"author":[{"embeddable":true,"href":"https:\/\/bisbalpenedes.com\/web\/wp-json\/wp\/v2\/users\/4"}],"replies":[{"embeddable":true,"href":"https:\/\/bisbalpenedes.com\/web\/wp-json\/wp\/v2\/comments?post=8499"}],"version-history":[{"count":3,"href":"https:\/\/bisbalpenedes.com\/web\/wp-json\/wp\/v2\/posts\/8499\/revisions"}],"predecessor-version":[{"id":8503,"href":"https:\/\/bisbalpenedes.com\/web\/wp-json\/wp\/v2\/posts\/8499\/revisions\/8503"}],"wp:featuredmedia":[{"embeddable":true,"href":"https:\/\/bisbalpenedes.com\/web\/wp-json\/wp\/v2\/media\/6737"}],"wp:attachment":[{"href":"https:\/\/bisbalpenedes.com\/web\/wp-json\/wp\/v2\/media?parent=8499"}],"wp:term":[{"taxonomy":"category","embeddable":true,"href":"https:\/\/bisbalpenedes.com\/web\/wp-json\/wp\/v2\/categories?post=8499"},{"taxonomy":"post_tag","embeddable":true,"href":"https:\/\/bisbalpenedes.com\/web\/wp-json\/wp\/v2\/tags?post=8499"}],"curies":[{"name":"wp","href":"https:\/\/api.w.org\/{rel}","templated":true}]}}