{"id":8490,"date":"2019-01-29T10:45:09","date_gmt":"2019-01-29T09:45:09","guid":{"rendered":"http:\/\/bisbalpenedes.com\/web\/?p=8490"},"modified":"2019-01-29T11:03:57","modified_gmt":"2019-01-29T10:03:57","slug":"humana-fundacion-pueblo-para-pueblo-ha-recuperat-8-807-kg-de-textil-usat-a-la-bisbal-durant-el-2018","status":"publish","type":"post","link":"https:\/\/bisbalpenedes.com\/web\/2019\/01\/29\/humana-fundacion-pueblo-para-pueblo-ha-recuperat-8-807-kg-de-textil-usat-a-la-bisbal-durant-el-2018\/","title":{"rendered":"Humana Fundaci\u00f3n Pueblo para Pueblo ha recuperat 8.807 kg de t\u00e8xtil usat a la Bisbal durant el 2018"},"content":{"rendered":"<p><a href=\"http:\/\/bisbalpenedes.com\/web\/wp-content\/uploads\/2019\/01\/Humana_classificacio.jpg\"><img loading=\"lazy\" class=\"alignleft size-medium wp-image-8495\" src=\"http:\/\/bisbalpenedes.com\/web\/wp-content\/uploads\/2019\/01\/Humana_classificacio-300x200.jpg\" alt=\"Humana_classificacio\" width=\"300\" height=\"200\" srcset=\"https:\/\/bisbalpenedes.com\/web\/wp-content\/uploads\/2019\/01\/Humana_classificacio-300x200.jpg 300w, https:\/\/bisbalpenedes.com\/web\/wp-content\/uploads\/2019\/01\/Humana_classificacio-600x400.jpg 600w, https:\/\/bisbalpenedes.com\/web\/wp-content\/uploads\/2019\/01\/Humana_classificacio.jpg 640w\" sizes=\"(max-width: 300px) 100vw, 300px\" \/><\/a><\/p>\n<p><span style=\"color: #000000;\">Humana Fundaci\u00f3n Pueblo para Pueblo ha recuperat 8.807 kg de t\u00e8xtil usat a la Bisbal del Pened\u00e8s l\u2019any 2018. Segons Humana, aix\u00f2 representa un estalvi de 28 tones de CO2 a l\u2019atmosfera.<\/span><\/p>\n<p><span style=\"color: #000000;\">En l\u2019actualitat a la Bisbal hi ha quatre contenidors d\u2019Humana on es diposita la roba, el cal\u00e7at, els complements i el t\u00e8xtil de la llar que ja no s\u2019utilitzen i als quals Humana dona una segona vida. El servei de recollida de t\u00e8xtil \u00e9s gratu\u00eft i representa un estalvi important en les despeses de recollida i eliminaci\u00f3 de residus s\u00f2lids urbans.<\/span><\/p>\n<p><span style=\"color: #000000;\">L\u2019objectiu de la Fundaci\u00f3 \u00e9s que la recollida selectiva de roba usada i la seva preparaci\u00f3 per a la reutilitzaci\u00f3 es consolidin com a part fonamental de la gesti\u00f3 de residus. \u00c0gata Soler-Roig, responsable de l\u2019\u00e0rea de Recollida d\u2019Humana a Catalunya, explica que \u201cdes d\u2019Humana aplaudim la feina dels municipis que promouen la recollida selectiva del t\u00e8xtil i insistim en la import\u00e0ncia d\u2019impulsar un model de gesti\u00f3 sostenible que prioritzi el factor social davant del mercantil&#8221; i afegeix que &#8220;tots els agents implicats ens hem d\u2019esfor\u00e7ar m\u00e9s per augmentar les xifres de recollida selectiva, no nom\u00e9s per respectar l\u2019objectiu imposat per Brussel\u00b7les, sin\u00f3 tamb\u00e9 per fer m\u00e9s evident el benefici ambiental i social de la roba usada\u201d.<\/span><\/p>\n<p><span style=\"color: #000000;\">Humana Fundaci\u00f3n Pueblo para Pueblo, promou la protecci\u00f3 del medi ambient mitjan\u00e7ant la reutilitzaci\u00f3 del t\u00e8xtil, du a terme programes de cooperaci\u00f3 a l\u2019\u00c0frica, Am\u00e8rica Llatina i l\u2019\u00c0sia, i tamb\u00e9 d\u2019ajuda local al territori m\u00e9s proper. La roba dipositada als contenidors d\u2019Humana t\u00e9 dues destinacions: el 69% es tracta a la planta de preparaci\u00f3 per a la reutilitzaci\u00f3 de l\u2019Ametlla del Vall\u00e8s (Vall\u00e8s Oriental) i la resta es ven a empreses de reutilitzaci\u00f3 i reciclatge. La destinaci\u00f3 de les peces tractades, segons Humana, \u00e9s:<\/span><\/p>\n<ul>\n<li><span style=\"color: #000000;\">El 63% es prepara per a la reutilitzaci\u00f3: el 15% es destina a les botigues de moda sostenible d\u2019Humana a Catalunya i el 48% s\u2019exporta, principalment a l\u2019\u00c0frica, on \u00e9s venut a preus de mercat per a generar-hi recursos per a la cooperaci\u00f3 al desenvolupament.<\/span><\/li>\n<li><span style=\"color: #000000;\">El 28% es troba en un estat que no en permet la reutilitzaci\u00f3 i es ven a empreses de reciclatge perqu\u00e8 elaborin altres productes (mantes, a\u00efllants o draps per a la ind\u00fastria de l\u2019automoci\u00f3).<\/span><\/li>\n<li><span style=\"color: #000000;\">L\u20191% s\u00f3n residus impropis (pl\u00e0stics, cartrons, altres) que es posen en mans dels gestors autoritzats corresponents.<\/span><\/li>\n<li><span style=\"color: #000000;\">El 8% s\u2019envia a un centre de tractament de residus per a la disposici\u00f3 final: s\u00f3n productes que no es poden reutilitzar, ni reciclar, ni valoritzar energ\u00e8ticament.<\/span><\/li>\n<\/ul>\n<p><span style=\"color: #000000;\">Segons Humana, la gesti\u00f3 sostenible del residu t\u00e8xtil comporta dos grans beneficis socials: el primer \u00e9s la generaci\u00f3 d\u2019ocupaci\u00f3 verda i la contribuci\u00f3 a l\u2019economia social, ja que fomenta la creaci\u00f3 de llocs de treball inclusius, estables i de qualitat. El segon \u00e9s l\u2019aportaci\u00f3 de recursos a iniciatives socials. Despr\u00e9s de tres d\u00e8cades d\u2019activitat, 2,4 milions de persones s\u2019han beneficiat dels programes de desenvolupament que Humana du a terme als pa\u00efsos del Sud de la m\u00e0 de les seves contraparts o socis locals.<\/span><\/p>\n<hr \/>\n<p><span style=\"color: #000000;\"><strong>CASTELLANO |<\/strong> Humana Fundaci\u00f3n Pueblo para Pueblo ha recuperado 8.807 kg de textil usado en la Bisbal del Pened\u00e8s el a\u00f1o 2018. Seg\u00fan Humana, esto representa un ahorro de 28 toneladas de C02 a la atm\u00f3sfera.<\/span><\/p>\n<p><span style=\"color: #000000;\">En la actualidad en la Bisbal hay cuatro contenedores de Humana donde se deposita la ropa, el calzado, los complementos y el textil del hogar que ya no se utilizan y a los que Humana da una segunda vida. El servicio de recogida de textil es gratuita y representa un ahorro importante en los gastos de recogida y eliminaci\u00f3n de residuos s\u00f3lidos urbanos.<\/span><\/p>\n<p><span style=\"color: #000000;\">El objetivo de la Fundaci\u00f3n es que la recogida selectiva de ropa usada y su preparaci\u00f3n para la reutilizaci\u00f3n se consoliden como parte fundamental de la gesti\u00f3n de residuos. \u00c0gata Soler-Roig, responsable del \u00e1rea de Recogida de Humana de Catalunya, explica que &#8220;desde Humana aplaudimos el trabajo de los municipios que promueven la recogida selectiva del textil e insistimos en la importancia de impulsar un modelo de gesti\u00f3n sostenible que priorice el factor social delante del mercantil&#8221; y a\u00f1ade que &#8220;todos los agentes implicados nos debemos de esforzar por aumentar las cifras de recogida selectiva, no solo por respetar el objetivo impuesto por Bruselas, sino tambi\u00e9n para hacer m\u00e1s evidente el beneficio ambiental y social de la ropa usada&#8221;.<\/span><\/p>\n<p><span style=\"color: #000000;\">Humana Fundaci\u00f3n Pueblo para Pueblo, promueve la protecci\u00f3n del medio ambiente mediante la reutilizaci\u00f3n del textil, lleva a cabo programas de cooperaci\u00f3n en \u00c1frica, Am\u00e9rica Latina y Asia, y tambi\u00e9n de ayuda local al territorio m\u00e1s cercano. La ropa depositada en los contenedores de Humana tiene dos destinaciones: el 69% se trata en la planta de preparaci\u00f3n para la reutilizaci\u00f3n de la Ametlla del Vall\u00e8s (Vall\u00e8s Oriental) y el resto se vende en empresas de reutilizaci\u00f3n y reciclaje. La destinaci\u00f3n de las piezas tratadas, seg\u00fan Humana, es:<\/span><\/p>\n<ul>\n<li><span style=\"color: #000000;\">El 63% se prepara para la reutilizaci\u00f3n: el 15% se destina a las tiendas de moda sostenible de Humana en Catalunya y el 48% se exporta, principalmente en \u00c1frica, donde es vendido a precios de mercado para generar recursos para la cooperaci\u00f3n al desarrollo.<\/span><\/li>\n<li><span style=\"color: #000000;\">El 28% se encuentra en un estado que no permite la reutilizaci\u00f3n y se vende a empresas de reciclaje para que elaboren otros productos (mantas, aislantes o trapos para la industria de la automoci\u00f3n).<\/span><\/li>\n<li><span style=\"color: #000000;\">El 1% son residuos impropios (pl\u00e1sticos, cartones, otros) que se ponen en manos de los gestores autorizados correspondientes.<\/span><\/li>\n<li><span style=\"color: #000000;\">El 8% se env\u00eda a un centro de tratamiento de residuos para la disposici\u00f3n final: son productos que no se pueden reutilizar, ni reciclar, ni valorizar energ\u00e9ticamente.<\/span><\/li>\n<\/ul>\n<p><span style=\"color: #000000;\">Seg\u00fan Humana, la gesti\u00f3n sostenible del residuo textil comporta dos grandes beneficios sociales: el primero es la generaci\u00f3n de ocupaci\u00f3n verde y la contribuci\u00f3n a la econom\u00eda social, ya que fomenta la creaci\u00f3n de puestos de trabajos inclusivos, estables y de calidad. El segundo es la aportaci\u00f3n de recursos a iniciativas sociales. Despu\u00e9s de tres d\u00e9cadas de actividad, 2,4 millones de personas se han beneficiado de los programas de desarrollo que Humana lleva a cabo en los pa\u00edses del Sur de la mano de sus contrapartes o socios locales.<\/span><\/p>\n<p>&nbsp;<\/p>\n","protected":false},"excerpt":{"rendered":"<p>Humana Fundaci\u00f3n Pueblo para Pueblo ha recuperat 8.807 kg de t\u00e8xtil usat a la Bisbal del Pened\u00e8s l\u2019any 2018. Segons Humana, aix\u00f2 representa un estalvi de 28 tones de CO2 &hellip; <a href=\"https:\/\/bisbalpenedes.com\/web\/2019\/01\/29\/humana-fundacion-pueblo-para-pueblo-ha-recuperat-8-807-kg-de-textil-usat-a-la-bisbal-durant-el-2018\/\" class=\"more-link\">Read More<\/a><\/p>\n","protected":false},"author":4,"featured_media":8492,"comment_status":"closed","ping_status":"closed","sticky":false,"template":"","format":"standard","meta":[],"categories":[8,1043],"tags":[463,94,255,627,1192,257,373,1257],"_links":{"self":[{"href":"https:\/\/bisbalpenedes.com\/web\/wp-json\/wp\/v2\/posts\/8490"}],"collection":[{"href":"https:\/\/bisbalpenedes.com\/web\/wp-json\/wp\/v2\/posts"}],"about":[{"href":"https:\/\/bisbalpenedes.com\/web\/wp-json\/wp\/v2\/types\/post"}],"author":[{"embeddable":true,"href":"https:\/\/bisbalpenedes.com\/web\/wp-json\/wp\/v2\/users\/4"}],"replies":[{"embeddable":true,"href":"https:\/\/bisbalpenedes.com\/web\/wp-json\/wp\/v2\/comments?post=8490"}],"version-history":[{"count":5,"href":"https:\/\/bisbalpenedes.com\/web\/wp-json\/wp\/v2\/posts\/8490\/revisions"}],"predecessor-version":[{"id":8498,"href":"https:\/\/bisbalpenedes.com\/web\/wp-json\/wp\/v2\/posts\/8490\/revisions\/8498"}],"wp:featuredmedia":[{"embeddable":true,"href":"https:\/\/bisbalpenedes.com\/web\/wp-json\/wp\/v2\/media\/8492"}],"wp:attachment":[{"href":"https:\/\/bisbalpenedes.com\/web\/wp-json\/wp\/v2\/media?parent=8490"}],"wp:term":[{"taxonomy":"category","embeddable":true,"href":"https:\/\/bisbalpenedes.com\/web\/wp-json\/wp\/v2\/categories?post=8490"},{"taxonomy":"post_tag","embeddable":true,"href":"https:\/\/bisbalpenedes.com\/web\/wp-json\/wp\/v2\/tags?post=8490"}],"curies":[{"name":"wp","href":"https:\/\/api.w.org\/{rel}","templated":true}]}}