{"id":8480,"date":"2019-01-25T14:27:13","date_gmt":"2019-01-25T13:27:13","guid":{"rendered":"http:\/\/bisbalpenedes.com\/web\/?p=8480"},"modified":"2019-01-25T15:53:22","modified_gmt":"2019-01-25T14:53:22","slug":"la-biblioteca-publica-de-la-bisbal-acollira-una-exposicio-sobre-el-comic-a-partir-del-dimars-29-de-gener","status":"publish","type":"post","link":"https:\/\/bisbalpenedes.com\/web\/2019\/01\/25\/la-biblioteca-publica-de-la-bisbal-acollira-una-exposicio-sobre-el-comic-a-partir-del-dimars-29-de-gener\/","title":{"rendered":"La Biblioteca p\u00fablica de la Bisbal acollir\u00e0 una exposici\u00f3 sobre el c\u00f2mic a partir del dimarts 29 de gener"},"content":{"rendered":"<p><a href=\"http:\/\/bisbalpenedes.com\/web\/wp-content\/uploads\/2019\/01\/cartell-expo-histOria-comic-001.jpg\"><img loading=\"lazy\" class=\"alignleft size-large wp-image-8481\" src=\"http:\/\/bisbalpenedes.com\/web\/wp-content\/uploads\/2019\/01\/cartell-expo-histOria-comic-001-724x1024.jpg\" alt=\"cartell expo histOria comic-001\" width=\"630\" height=\"891\" srcset=\"https:\/\/bisbalpenedes.com\/web\/wp-content\/uploads\/2019\/01\/cartell-expo-histOria-comic-001-724x1024.jpg 724w, https:\/\/bisbalpenedes.com\/web\/wp-content\/uploads\/2019\/01\/cartell-expo-histOria-comic-001-600x848.jpg 600w, https:\/\/bisbalpenedes.com\/web\/wp-content\/uploads\/2019\/01\/cartell-expo-histOria-comic-001-212x300.jpg 212w, https:\/\/bisbalpenedes.com\/web\/wp-content\/uploads\/2019\/01\/cartell-expo-histOria-comic-001-768x1086.jpg 768w, https:\/\/bisbalpenedes.com\/web\/wp-content\/uploads\/2019\/01\/cartell-expo-histOria-comic-001.jpg 1191w\" sizes=\"(max-width: 630px) 100vw, 630px\" \/><\/a><\/p>\n<p style=\"text-align: justify;\"><span style=\"color: #000000;\">Si t&#8217;agrada el m\u00f3n del c\u00f2mic, el manga, els tbos, les vinyetes, els herois cl\u00e0ssics i els moderns&#8230; La Biblioteca p\u00fablica de la Bisbal del Pened\u00e8s ha preparat una exposici\u00f3 per a tu!<\/span><\/p>\n<p style=\"text-align: justify;\"><span style=\"color: #000000;\">A partir del dimarts 29 de gener vine a la Biblioteca i descobreix l&#8217;exposici\u00f3 VINYETES, un breu recorregut per la hist\u00f2ria del c\u00f2mic en catal\u00e0. L&#8217;exposici\u00f3 es podr\u00e0 visitar fins al dia 11 de febrer.<\/span><\/p>\n<p style=\"text-align: justify;\"><span style=\"color: #000000;\">Aquesta exposici\u00f3 \u00e9s una mostra itinerant que compta amb la implicaci\u00f3 del Consorci per a la Normalitzaci\u00f3 Ling\u00fc\u00edstica, l&#8217;Ajuntament de Reus, Reus 2017 Capital de la Cultura Catalana, el Departament de Cultura de la Generalitat de Catalunya i l&#8217;Ajuntament de Barcelona.<\/span><\/p>\n<p style=\"text-align: justify;\"><span style=\"color: #000000;\">Organiza: Regidoria de Cultura del Ayuntamiento de la Bisbal del Pened\u00e8s.<\/span><\/p>\n<hr \/>\n<p style=\"text-align: justify;\"><span style=\"color: #000000;\"><strong>CASTELLANO |<\/strong> Si te gusta el mundo del c\u00f3mic, el manga, los tbeos, las vi\u00f1etas, los h\u00e9roes cl\u00e1sicos y los modernos&#8230; \u00a1La Biblioteca p\u00fablica de la Bisbal del Pened\u00e8s ha preparado una exposici\u00f3n para t\u00ed!<\/span><\/p>\n<p style=\"text-align: justify;\"><span style=\"color: #000000;\">A partir del martes 29 de enero ven a la Biblioteca y descubre la exposici\u00f3n VINYETES, un breve recorrido por la historia del c\u00f3mic den catal\u00e1n. La exposici\u00f3n se podr\u00e1 visitar hasta el d\u00eda 11 de febrero.<\/span><\/p>\n<p style=\"text-align: justify;\"><span style=\"color: #000000;\">Esta exposici\u00f3n es una muestra itinerante que cuenta con la implicaci\u00f3n de el\u00a0Consorci per a la Normalitzaci\u00f3 Ling\u00fc\u00edstica, el\u00a0Ayuntamiento de Reus, Reus 2017 Capital de la Cultura Catalana, el Departament de Cultura de la Generalitat de Catalunya y el Ayuntamiento de Barcelona.<\/span><\/p>\n<p style=\"text-align: justify;\"><span style=\"color: #000000;\">Organiza: Regidoria de Cultura de l&#8217;Ajuntament de la Bisbal del Pened\u00e8s.<\/span><\/p>\n<p>&nbsp;<\/p>\n","protected":false},"excerpt":{"rendered":"<p>Si t&#8217;agrada el m\u00f3n del c\u00f2mic, el manga, els tbos, les vinyetes, els herois cl\u00e0ssics i els moderns&#8230; La Biblioteca p\u00fablica de la Bisbal del Pened\u00e8s ha preparat una exposici\u00f3 &hellip; <a href=\"https:\/\/bisbalpenedes.com\/web\/2019\/01\/25\/la-biblioteca-publica-de-la-bisbal-acollira-una-exposicio-sobre-el-comic-a-partir-del-dimars-29-de-gener\/\" class=\"more-link\">Read More<\/a><\/p>\n","protected":false},"author":4,"featured_media":8481,"comment_status":"closed","ping_status":"closed","sticky":false,"template":"","format":"standard","meta":[],"categories":[13],"tags":[180,1784,2786,86,2789,2787,2788],"_links":{"self":[{"href":"https:\/\/bisbalpenedes.com\/web\/wp-json\/wp\/v2\/posts\/8480"}],"collection":[{"href":"https:\/\/bisbalpenedes.com\/web\/wp-json\/wp\/v2\/posts"}],"about":[{"href":"https:\/\/bisbalpenedes.com\/web\/wp-json\/wp\/v2\/types\/post"}],"author":[{"embeddable":true,"href":"https:\/\/bisbalpenedes.com\/web\/wp-json\/wp\/v2\/users\/4"}],"replies":[{"embeddable":true,"href":"https:\/\/bisbalpenedes.com\/web\/wp-json\/wp\/v2\/comments?post=8480"}],"version-history":[{"count":2,"href":"https:\/\/bisbalpenedes.com\/web\/wp-json\/wp\/v2\/posts\/8480\/revisions"}],"predecessor-version":[{"id":8488,"href":"https:\/\/bisbalpenedes.com\/web\/wp-json\/wp\/v2\/posts\/8480\/revisions\/8488"}],"wp:featuredmedia":[{"embeddable":true,"href":"https:\/\/bisbalpenedes.com\/web\/wp-json\/wp\/v2\/media\/8481"}],"wp:attachment":[{"href":"https:\/\/bisbalpenedes.com\/web\/wp-json\/wp\/v2\/media?parent=8480"}],"wp:term":[{"taxonomy":"category","embeddable":true,"href":"https:\/\/bisbalpenedes.com\/web\/wp-json\/wp\/v2\/categories?post=8480"},{"taxonomy":"post_tag","embeddable":true,"href":"https:\/\/bisbalpenedes.com\/web\/wp-json\/wp\/v2\/tags?post=8480"}],"curies":[{"name":"wp","href":"https:\/\/api.w.org\/{rel}","templated":true}]}}