{"id":8477,"date":"2019-01-25T14:07:19","date_gmt":"2019-01-25T13:07:19","guid":{"rendered":"http:\/\/bisbalpenedes.com\/web\/?p=8477"},"modified":"2019-01-25T14:08:24","modified_gmt":"2019-01-25T13:08:24","slug":"la-regidoria-densenyament-redueix-el-preu-del-servei-de-menjador-de-la-llar-dinfants","status":"publish","type":"post","link":"https:\/\/bisbalpenedes.com\/web\/2019\/01\/25\/la-regidoria-densenyament-redueix-el-preu-del-servei-de-menjador-de-la-llar-dinfants\/","title":{"rendered":"La Regidoria d&#8217;Ensenyament redueix el preu del servei de menjador de la Llar d&#8217;infants"},"content":{"rendered":"<p style=\"text-align: justify;\"><a href=\"http:\/\/bisbalpenedes.com\/web\/wp-content\/uploads\/2019\/01\/LLAR-DINFANTS-2.jpg\"><img loading=\"lazy\" class=\"size-medium wp-image-8478 aligncenter\" src=\"http:\/\/bisbalpenedes.com\/web\/wp-content\/uploads\/2019\/01\/LLAR-DINFANTS-2-300x225.jpg\" alt=\"LLAR D'INFANTS 2\" width=\"300\" height=\"225\" srcset=\"https:\/\/bisbalpenedes.com\/web\/wp-content\/uploads\/2019\/01\/LLAR-DINFANTS-2-300x225.jpg 300w, https:\/\/bisbalpenedes.com\/web\/wp-content\/uploads\/2019\/01\/LLAR-DINFANTS-2-600x450.jpg 600w, https:\/\/bisbalpenedes.com\/web\/wp-content\/uploads\/2019\/01\/LLAR-DINFANTS-2-768x576.jpg 768w, https:\/\/bisbalpenedes.com\/web\/wp-content\/uploads\/2019\/01\/LLAR-DINFANTS-2-1024x768.jpg 1024w, https:\/\/bisbalpenedes.com\/web\/wp-content\/uploads\/2019\/01\/LLAR-DINFANTS-2.jpg 1600w\" sizes=\"(max-width: 300px) 100vw, 300px\" \/><\/a><\/p>\n<p style=\"text-align: justify;\"><span style=\"color: #000000;\">La Regidoria d\u2019Ensenyament informa que, a partir d\u2019aquest gener, el preu del servei de menjador de la Llar d\u2019infants es redueix fins a 6,20\u20ac (preu \u00fanic) i que, aquest servei, ser\u00e0 cobrat directament per l\u2019Ajuntament de la Bisbal del Pened\u00e8s.<\/span><\/p>\n<p style=\"text-align: justify;\"><span style=\"color: #000000;\">Fins al mes de desembre de 2018, el menjar i el monitoratge estaven contractats a l\u2019empresa 7 i tria (la mateixa empresa que gestiona el servei de cuina i menjador a l\u2019Escola Ull de Vent). A partir d\u2019aquest gener, l\u2019empresa 7 i tria nom\u00e9s portar\u00e0 el menjar i l\u2019Ajuntament de la Bisbal del Pened\u00e8s es far\u00e0 c\u00e0rrec del servei de monitoratge per, d\u2019aquesta manera, poder reduir l\u2019import del rebut en 4,14\u20ac.<\/span><\/p>\n<p style=\"text-align: justify;\"><span style=\"color: #000000;\">La Regidora d\u2019Ensenyament, Leo Uceda, ha explicat que \u201cel cost del menjador l\u2019assumien directament les fam\u00edlies, que havien traslladat a la Regidoria d\u2019Ensenyament, en nombroses ocasions, el seu desacord amb el preu. Per aquest motiu, quan vaig assumir el c\u00e0rrec de regidora d\u2019Ensenyament, el passat mes d\u2019agost, vaig comen\u00e7ar a estudiar les f\u00f3rmules a les quals podr\u00edem optar amb la finalitat de reduir el cost per a les fam\u00edlies fins que, finalment, hem trobat la manera de fer-ho\u201d.<\/span><\/p>\n<hr \/>\n<p style=\"text-align: justify;\"><span style=\"color: #000000;\"><strong>CASTELLANO |<\/strong> La Regidoria d&#8217;Ensenyament informa que a partir de este enero, el precio del servicio de comedor de la Llar d&#8217;infants se reduce hasta 6,20\u20ac (precio \u00fanico) y que, este servicio, ser\u00e1 cobrado directamente por el Ayuntamiento de la Bisbal del Pened\u00e8s.<\/span><\/p>\n<p style=\"text-align: justify;\"><span style=\"color: #000000;\">Hasta el mes de diciembre del 2018, el comedor y el monitoraje estaban contratados con la empresa 7 i tria (la misma empresa que gestiona el servicio de cocina y comedor en la Escola Ull de Vent). A partir de este enero, la empresa 7 i tria solo llevar\u00e1 la comida y el Ayuntamiento de la Bisbal del Pened\u00e8s se har\u00e1 cargo del servicio de monitoraje para, de esta manera, poder reducir el importe del recibo en 4,14\u20ac.<\/span><\/p>\n<p style=\"text-align: justify;\"><span style=\"color: #000000;\">La Regidora de Ensenyament, Leo Uceda, ha explicado que &#8220;el coste del comedor lo asum\u00edan directamente las familias que hab\u00edan trasladado a la Regidoria de Ensenyament, en numerosas ocasiones, su desacuerdo con el precio. Por este motivo, cuando asum\u00ed el cargo de regidora de Ensenyament, el pasado mes de agosto, empec\u00e9 a estudiar las f\u00f3rmulas a las cuales pod\u00edamos optar con la finalidad de reducir el coste para las familias hasta que, finalmente, hemos encontrado la forma de hacerlo&#8221;.<\/span><\/p>\n<p>&nbsp;<\/p>\n","protected":false},"excerpt":{"rendered":"<p>La Regidoria d\u2019Ensenyament informa que, a partir d\u2019aquest gener, el preu del servei de menjador de la Llar d\u2019infants es redueix fins a 6,20\u20ac (preu \u00fanic) i que, aquest servei, &hellip; <a href=\"https:\/\/bisbalpenedes.com\/web\/2019\/01\/25\/la-regidoria-densenyament-redueix-el-preu-del-servei-de-menjador-de-la-llar-dinfants\/\" class=\"more-link\">Read More<\/a><\/p>\n","protected":false},"author":4,"featured_media":8478,"comment_status":"closed","ping_status":"closed","sticky":false,"template":"","format":"standard","meta":[],"categories":[2397],"tags":[862,272,113,2785,1867],"_links":{"self":[{"href":"https:\/\/bisbalpenedes.com\/web\/wp-json\/wp\/v2\/posts\/8477"}],"collection":[{"href":"https:\/\/bisbalpenedes.com\/web\/wp-json\/wp\/v2\/posts"}],"about":[{"href":"https:\/\/bisbalpenedes.com\/web\/wp-json\/wp\/v2\/types\/post"}],"author":[{"embeddable":true,"href":"https:\/\/bisbalpenedes.com\/web\/wp-json\/wp\/v2\/users\/4"}],"replies":[{"embeddable":true,"href":"https:\/\/bisbalpenedes.com\/web\/wp-json\/wp\/v2\/comments?post=8477"}],"version-history":[{"count":1,"href":"https:\/\/bisbalpenedes.com\/web\/wp-json\/wp\/v2\/posts\/8477\/revisions"}],"predecessor-version":[{"id":8479,"href":"https:\/\/bisbalpenedes.com\/web\/wp-json\/wp\/v2\/posts\/8477\/revisions\/8479"}],"wp:featuredmedia":[{"embeddable":true,"href":"https:\/\/bisbalpenedes.com\/web\/wp-json\/wp\/v2\/media\/8478"}],"wp:attachment":[{"href":"https:\/\/bisbalpenedes.com\/web\/wp-json\/wp\/v2\/media?parent=8477"}],"wp:term":[{"taxonomy":"category","embeddable":true,"href":"https:\/\/bisbalpenedes.com\/web\/wp-json\/wp\/v2\/categories?post=8477"},{"taxonomy":"post_tag","embeddable":true,"href":"https:\/\/bisbalpenedes.com\/web\/wp-json\/wp\/v2\/tags?post=8477"}],"curies":[{"name":"wp","href":"https:\/\/api.w.org\/{rel}","templated":true}]}}