{"id":8474,"date":"2019-01-25T13:55:15","date_gmt":"2019-01-25T12:55:15","guid":{"rendered":"http:\/\/bisbalpenedes.com\/web\/?p=8474"},"modified":"2019-01-25T13:55:15","modified_gmt":"2019-01-25T12:55:15","slug":"els-joves-del-municipi-decideixen-els-grups-musicals-que-actuaran-per-la-festa-major","status":"publish","type":"post","link":"https:\/\/bisbalpenedes.com\/web\/2019\/01\/25\/els-joves-del-municipi-decideixen-els-grups-musicals-que-actuaran-per-la-festa-major\/","title":{"rendered":"Els joves del municipi decideixen els grups musicals que actuaran per la Festa Major"},"content":{"rendered":"<p><a href=\"http:\/\/bisbalpenedes.com\/web\/wp-content\/uploads\/2019\/01\/IMG_2513.jpg\"><img loading=\"lazy\" class=\"size-large wp-image-8475 aligncenter\" src=\"http:\/\/bisbalpenedes.com\/web\/wp-content\/uploads\/2019\/01\/IMG_2513-1024x768.jpg\" alt=\"reunio joves festa major\" width=\"630\" height=\"473\" srcset=\"https:\/\/bisbalpenedes.com\/web\/wp-content\/uploads\/2019\/01\/IMG_2513-1024x768.jpg 1024w, https:\/\/bisbalpenedes.com\/web\/wp-content\/uploads\/2019\/01\/IMG_2513-600x450.jpg 600w, https:\/\/bisbalpenedes.com\/web\/wp-content\/uploads\/2019\/01\/IMG_2513-300x225.jpg 300w, https:\/\/bisbalpenedes.com\/web\/wp-content\/uploads\/2019\/01\/IMG_2513-768x576.jpg 768w\" sizes=\"(max-width: 630px) 100vw, 630px\" \/><\/a><\/p>\n<p style=\"text-align: justify;\"><span style=\"color: #000000;\">Ahir dijous 24 de gener va tenir lloc la segona reuni\u00f3 oberta per decidir els grups musicals que actuaran els dies 14 i 16 d&#8217;agost, en el marc de la Festa Major. Quan l&#8217;Ajuntament hagi fet tots els tr\u00e0mits per dur a terme la contractaci\u00f3, far\u00e0 p\u00fablics els noms dels grups. Des de les Regidories de Joventut i Festes agra\u00efm la implicaci\u00f3 dels joves que han participat en la iniciativa, sorgida del Videobox 2018.<\/span><\/p>\n<p style=\"text-align: justify;\">Tema relacionat:\u00a0<a href=\"http:\/\/bisbalpenedes.com\/web\/2019\/01\/22\/el-dijous-24-de-gener-a-les-19h-tindra-lloc-la-2a-reunio-per-decidir-els-grups-que-actuaran-a-la-festa-major\/\">http:\/\/bisbalpenedes.com\/web\/2019\/01\/22\/el-dijous-24-de-gener-a-les-19h-tindra-lloc-la-2a-reunio-per-decidir-els-grups-que-actuaran-a-la-festa-major\/<\/a><\/p>\n<p style=\"text-align: justify;\"><span style=\"color: #000000;\">&#8212;<\/span><\/p>\n<p style=\"text-align: justify;\"><span style=\"color: #000000;\"><strong>CASTELLANO |<\/strong> Ayer jueves 24 de enero tuvo lugar la segunda reuni\u00f3n abierta para decidir los grupo<span class=\"text_exposed_show\">s musicales que actuar\u00e1n los d\u00edas 14 y 16 de agosto, en el marco de la Fiesta Mayor. Cuando el Ayuntamiento haya hecho todos los tr\u00e1mites para llevar a cabo la contrataci\u00f3n, har\u00e1 p\u00fablicos los nombres de los grupos. Desde las Concejal\u00edas de Joventut y Festes agradecemos la implicaci\u00f3n de los j\u00f3venes que han participado en la iniciativa, surgida del Videobox 2018.<\/span><\/span><\/p>\n<p style=\"text-align: justify;\">Tema relacionado:\u00a0<a href=\"http:\/\/bisbalpenedes.com\/web\/2019\/01\/22\/el-dijous-24-de-gener-a-les-19h-tindra-lloc-la-2a-reunio-per-decidir-els-grups-que-actuaran-a-la-festa-major\/\">http:\/\/bisbalpenedes.com\/web\/2019\/01\/22\/el-dijous-24-de-gener-a-les-19h-tindra-lloc-la-2a-reunio-per-decidir-els-grups-que-actuaran-a-la-festa-major\/<\/a><\/p>\n","protected":false},"excerpt":{"rendered":"<p>Ahir dijous 24 de gener va tenir lloc la segona reuni\u00f3 oberta per decidir els grups musicals que actuaran els dies 14 i 16 d&#8217;agost, en el marc de la &hellip; <a href=\"https:\/\/bisbalpenedes.com\/web\/2019\/01\/25\/els-joves-del-municipi-decideixen-els-grups-musicals-que-actuaran-per-la-festa-major\/\" class=\"more-link\">Read More<\/a><\/p>\n","protected":false},"author":4,"featured_media":8475,"comment_status":"closed","ping_status":"closed","sticky":false,"template":"","format":"standard","meta":[],"categories":[2161,1042,1486],"tags":[280,2783,50,2784,210,796],"_links":{"self":[{"href":"https:\/\/bisbalpenedes.com\/web\/wp-json\/wp\/v2\/posts\/8474"}],"collection":[{"href":"https:\/\/bisbalpenedes.com\/web\/wp-json\/wp\/v2\/posts"}],"about":[{"href":"https:\/\/bisbalpenedes.com\/web\/wp-json\/wp\/v2\/types\/post"}],"author":[{"embeddable":true,"href":"https:\/\/bisbalpenedes.com\/web\/wp-json\/wp\/v2\/users\/4"}],"replies":[{"embeddable":true,"href":"https:\/\/bisbalpenedes.com\/web\/wp-json\/wp\/v2\/comments?post=8474"}],"version-history":[{"count":1,"href":"https:\/\/bisbalpenedes.com\/web\/wp-json\/wp\/v2\/posts\/8474\/revisions"}],"predecessor-version":[{"id":8476,"href":"https:\/\/bisbalpenedes.com\/web\/wp-json\/wp\/v2\/posts\/8474\/revisions\/8476"}],"wp:featuredmedia":[{"embeddable":true,"href":"https:\/\/bisbalpenedes.com\/web\/wp-json\/wp\/v2\/media\/8475"}],"wp:attachment":[{"href":"https:\/\/bisbalpenedes.com\/web\/wp-json\/wp\/v2\/media?parent=8474"}],"wp:term":[{"taxonomy":"category","embeddable":true,"href":"https:\/\/bisbalpenedes.com\/web\/wp-json\/wp\/v2\/categories?post=8474"},{"taxonomy":"post_tag","embeddable":true,"href":"https:\/\/bisbalpenedes.com\/web\/wp-json\/wp\/v2\/tags?post=8474"}],"curies":[{"name":"wp","href":"https:\/\/api.w.org\/{rel}","templated":true}]}}