{"id":8469,"date":"2019-01-24T14:50:01","date_gmt":"2019-01-24T13:50:01","guid":{"rendered":"http:\/\/bisbalpenedes.com\/web\/?p=8469"},"modified":"2019-01-24T14:50:01","modified_gmt":"2019-01-24T13:50:01","slug":"aquest-dissabte-26-de-gener-a-les-17h-hi-haura-contacontes-a-la-biblioteca","status":"publish","type":"post","link":"https:\/\/bisbalpenedes.com\/web\/2019\/01\/24\/aquest-dissabte-26-de-gener-a-les-17h-hi-haura-contacontes-a-la-biblioteca\/","title":{"rendered":"Aquest dissabte 26 de gener a les 17h hi haur\u00e0 contacontes a la Biblioteca"},"content":{"rendered":"<p style=\"text-align: justify;\"><span style=\"color: #000000;\">Aquest dissabte 26 de gener a les 17h tindr\u00e0 lloc el contacontes de cada \u00faltim dissabte de mes a la Biblioteca p\u00fablica de la Bisbal. Despr\u00e9s, hi haur\u00e0 berenar sense gluten per a tothom.<\/span><\/p>\n<hr \/>\n<p style=\"text-align: justify;\"><span style=\"color: #000000;\">CASTELLANO | Este s\u00e1bado 26 de enero a las 17h tendr\u00e1 lugar el cuentacuentos de cada \u00faltimo s\u00e1bado de mes en la Biblioteca p\u00fablica de la Bisbal. Despu\u00e9s, habr\u00e1 merienda sin gluten para todos.<\/span><\/p>\n<p><a href=\"http:\/\/bisbalpenedes.com\/web\/wp-content\/uploads\/2019\/01\/contacontes-gener-2019.jpg\"><img loading=\"lazy\" class=\"alignleft size-medium wp-image-8470\" src=\"http:\/\/bisbalpenedes.com\/web\/wp-content\/uploads\/2019\/01\/contacontes-gener-2019-212x300.jpg\" alt=\"contacontes-gener-2019\" width=\"212\" height=\"300\" srcset=\"https:\/\/bisbalpenedes.com\/web\/wp-content\/uploads\/2019\/01\/contacontes-gener-2019-212x300.jpg 212w, https:\/\/bisbalpenedes.com\/web\/wp-content\/uploads\/2019\/01\/contacontes-gener-2019-600x848.jpg 600w, https:\/\/bisbalpenedes.com\/web\/wp-content\/uploads\/2019\/01\/contacontes-gener-2019-768x1085.jpg 768w, https:\/\/bisbalpenedes.com\/web\/wp-content\/uploads\/2019\/01\/contacontes-gener-2019-725x1024.jpg 725w, https:\/\/bisbalpenedes.com\/web\/wp-content\/uploads\/2019\/01\/contacontes-gener-2019.jpg 1000w\" sizes=\"(max-width: 212px) 100vw, 212px\" \/><\/a><\/p>\n","protected":false},"excerpt":{"rendered":"<p>Aquest dissabte 26 de gener a les 17h tindr\u00e0 lloc el contacontes de cada \u00faltim dissabte de mes a la Biblioteca p\u00fablica de la Bisbal. Despr\u00e9s, hi haur\u00e0 berenar sense &hellip; <a href=\"https:\/\/bisbalpenedes.com\/web\/2019\/01\/24\/aquest-dissabte-26-de-gener-a-les-17h-hi-haura-contacontes-a-la-biblioteca\/\" class=\"more-link\">Read More<\/a><\/p>\n","protected":false},"author":4,"featured_media":8470,"comment_status":"closed","ping_status":"closed","sticky":false,"template":"","format":"standard","meta":[],"categories":[13],"tags":[955,180,421,302],"_links":{"self":[{"href":"https:\/\/bisbalpenedes.com\/web\/wp-json\/wp\/v2\/posts\/8469"}],"collection":[{"href":"https:\/\/bisbalpenedes.com\/web\/wp-json\/wp\/v2\/posts"}],"about":[{"href":"https:\/\/bisbalpenedes.com\/web\/wp-json\/wp\/v2\/types\/post"}],"author":[{"embeddable":true,"href":"https:\/\/bisbalpenedes.com\/web\/wp-json\/wp\/v2\/users\/4"}],"replies":[{"embeddable":true,"href":"https:\/\/bisbalpenedes.com\/web\/wp-json\/wp\/v2\/comments?post=8469"}],"version-history":[{"count":1,"href":"https:\/\/bisbalpenedes.com\/web\/wp-json\/wp\/v2\/posts\/8469\/revisions"}],"predecessor-version":[{"id":8471,"href":"https:\/\/bisbalpenedes.com\/web\/wp-json\/wp\/v2\/posts\/8469\/revisions\/8471"}],"wp:featuredmedia":[{"embeddable":true,"href":"https:\/\/bisbalpenedes.com\/web\/wp-json\/wp\/v2\/media\/8470"}],"wp:attachment":[{"href":"https:\/\/bisbalpenedes.com\/web\/wp-json\/wp\/v2\/media?parent=8469"}],"wp:term":[{"taxonomy":"category","embeddable":true,"href":"https:\/\/bisbalpenedes.com\/web\/wp-json\/wp\/v2\/categories?post=8469"},{"taxonomy":"post_tag","embeddable":true,"href":"https:\/\/bisbalpenedes.com\/web\/wp-json\/wp\/v2\/tags?post=8469"}],"curies":[{"name":"wp","href":"https:\/\/api.w.org\/{rel}","templated":true}]}}