{"id":8457,"date":"2019-01-22T11:48:34","date_gmt":"2019-01-22T10:48:34","guid":{"rendered":"http:\/\/bisbalpenedes.com\/web\/?p=8457"},"modified":"2019-01-22T11:48:50","modified_gmt":"2019-01-22T10:48:50","slug":"el-dijous-24-de-gener-a-les-19h-tindra-lloc-la-2a-reunio-per-decidir-els-grups-que-actuaran-a-la-festa-major","status":"publish","type":"post","link":"https:\/\/bisbalpenedes.com\/web\/2019\/01\/22\/el-dijous-24-de-gener-a-les-19h-tindra-lloc-la-2a-reunio-per-decidir-els-grups-que-actuaran-a-la-festa-major\/","title":{"rendered":"El dijous 24 de gener a les 19h tindr\u00e0 lloc la segona reuni\u00f3 per decidir els grups que actuaran a la Festa Major"},"content":{"rendered":"<p><a href=\"http:\/\/bisbalpenedes.com\/web\/wp-content\/uploads\/2019\/01\/reunio-joves-1.jpg\"><img loading=\"lazy\" class=\"alignleft size-large wp-image-8463\" src=\"http:\/\/bisbalpenedes.com\/web\/wp-content\/uploads\/2019\/01\/reunio-joves-1-1024x768.jpg\" alt=\"reunio joves\" width=\"630\" height=\"473\" srcset=\"https:\/\/bisbalpenedes.com\/web\/wp-content\/uploads\/2019\/01\/reunio-joves-1-1024x768.jpg 1024w, https:\/\/bisbalpenedes.com\/web\/wp-content\/uploads\/2019\/01\/reunio-joves-1-600x450.jpg 600w, https:\/\/bisbalpenedes.com\/web\/wp-content\/uploads\/2019\/01\/reunio-joves-1-300x225.jpg 300w, https:\/\/bisbalpenedes.com\/web\/wp-content\/uploads\/2019\/01\/reunio-joves-1-768x576.jpg 768w\" sizes=\"(max-width: 630px) 100vw, 630px\" \/><\/a><\/p>\n<p><span style=\"color: #000000;\">Aquest <strong>dijous 24 de gener, a les 19h<\/strong>, tindr\u00e0 lloc la segona reuni\u00f3 oberta, adre\u00e7ada als joves del municipi, al CMC, una trobada que servir\u00e0 per decidir quins grups actuaran durant la Nit Jove de la Festa Major 2019.<\/span><\/p>\n<p><span style=\"color: #000000;\">El\u00a0passat\u00a0dijous 10 de gener, a les 19h, el CMC\u00a0va acollir una reuni\u00f3 oberta, adre\u00e7ada als joves del municipi, per decidir quins grups actuaran durant la Nit Jove de la Festa Major 2019. La idea\u00a0guanyadora del VideoBox 2018 de la Festa Major va ser \u201cque els joves tri\u00efn\u00a0els grups que actuaran a la Bisbal durant la Nit Jove de la Festa Major\u201d i, ara,\u00a0l\u2019Ajuntament tira endavant aquesta iniciativa, fent realitat la proposta.<\/span><\/p>\n<p><span style=\"color: #000000;\">Recordem que l\u2019any 2017 la idea guanyadora va ser la d\u2019emprar gots reutilitzables durant la Festa Major i, enguany, els gots de la Festa Major\u00a0han sigut reutilitzables i les regidories de Joventut i Medi Ambient\u00a0han promogut\u00a0la campanya \u2018Oh my got\u2019.<\/span><\/p>\n<p><span style=\"color: #000000;\"><a class=\"hasimg\" style=\"color: #000000;\" href=\"http:\/\/bisbalpenedes.com\/web\/wp-content\/uploads\/2019\/01\/OHMYGOT1.jpg\"><img loading=\"lazy\" class=\"size-thumbnail wp-image-8303\" src=\"http:\/\/bisbalpenedes.com\/web\/wp-content\/uploads\/2019\/01\/OHMYGOT1-150x150.jpg\" alt=\"OHMYGOT1\" width=\"150\" height=\"150\" srcset=\"https:\/\/bisbalpenedes.com\/web\/wp-content\/uploads\/2019\/01\/OHMYGOT1-150x150.jpg 150w, https:\/\/bisbalpenedes.com\/web\/wp-content\/uploads\/2019\/01\/OHMYGOT1-300x300.jpg 300w, https:\/\/bisbalpenedes.com\/web\/wp-content\/uploads\/2019\/01\/OHMYGOT1-100x100.jpg 100w\" sizes=\"(max-width: 150px) 100vw, 150px\" \/><\/a><a style=\"color: #000000;\" href=\"http:\/\/bisbalpenedes.com\/web\/wp-content\/uploads\/2019\/01\/OHMYGOT1.jpg\"><br \/>\n<\/a><\/span><\/p>\n<hr \/>\n<p><span style=\"color: #000000;\"><strong>CASTELLANO |<\/strong> Este jueves 24 de enero, a las 19h, tendr\u00e1 lugar la segunda reuni\u00f3n abierta, dirigida a los j\u00f3venes del municipio, en el\u00a0 CMC, un encuentro que servir\u00e1 para decidir que grupos actuar\u00e1n durante la Nit Jove de la Festa Major 2019.<\/span><\/p>\n<p><span style=\"color: #000000;\">El pasado jueves 10 de enero, a las 19h, el CMC acogi\u00f3 una reuni\u00f3n abierta, dirigida a los j\u00f3venes del municipio, para decidir que grupos actuar\u00e1n durante la Nit Jove de la Festa Major 2019. La idea ganadora del VideoBox 2018 de la Festa Major fue &#8220;que los j\u00f3venes escojan los grupos que actuar\u00e1n en la Bisbal durante la Nit Jove de la Festa Major&#8221; y, ahora, el Ayuntamiento tira adelante esta iniciativa, haciendo realidad la propuesta.<\/span><\/p>\n<p><span style=\"color: #000000;\">Recordamos que el a\u00f1o 2017 la idea ganadora fue la de utilizar vasos reutilizables durante la Fiesta Mayor y, este a\u00f1o, los vasos de la Fiesta Mayor han sido reutilizables y las &#8216;regidories&#8217; de Joventut y Medi Ambient han promovido la campa\u00f1a &#8216;Oh my got&#8217;.<\/span><\/p>\n<p style=\"text-align: left;\"><a href=\"http:\/\/bisbalpenedes.com\/web\/wp-content\/uploads\/2019\/01\/OHMYGOT1.jpg\"><img loading=\"lazy\" class=\"alignleft size-thumbnail wp-image-8303\" src=\"http:\/\/bisbalpenedes.com\/web\/wp-content\/uploads\/2019\/01\/OHMYGOT1-150x150.jpg\" alt=\"OHMYGOT1\" width=\"150\" height=\"150\" srcset=\"https:\/\/bisbalpenedes.com\/web\/wp-content\/uploads\/2019\/01\/OHMYGOT1-150x150.jpg 150w, https:\/\/bisbalpenedes.com\/web\/wp-content\/uploads\/2019\/01\/OHMYGOT1-300x300.jpg 300w, https:\/\/bisbalpenedes.com\/web\/wp-content\/uploads\/2019\/01\/OHMYGOT1-100x100.jpg 100w\" sizes=\"(max-width: 150px) 100vw, 150px\" \/><\/a><\/p>\n<p>&nbsp;<\/p>\n<p>&nbsp;<\/p>\n<p>&nbsp;<\/p>\n","protected":false},"excerpt":{"rendered":"<p>Aquest dijous 24 de gener, a les 19h, tindr\u00e0 lloc la segona reuni\u00f3 oberta, adre\u00e7ada als joves del municipi, al CMC, una trobada que servir\u00e0 per decidir quins grups actuaran &hellip; <a href=\"https:\/\/bisbalpenedes.com\/web\/2019\/01\/22\/el-dijous-24-de-gener-a-les-19h-tindra-lloc-la-2a-reunio-per-decidir-els-grups-que-actuaran-a-la-festa-major\/\" class=\"more-link\">Read More<\/a><\/p>\n","protected":false},"author":4,"featured_media":8462,"comment_status":"closed","ping_status":"closed","sticky":false,"template":"","format":"standard","meta":[],"categories":[1042,1486],"tags":[],"_links":{"self":[{"href":"https:\/\/bisbalpenedes.com\/web\/wp-json\/wp\/v2\/posts\/8457"}],"collection":[{"href":"https:\/\/bisbalpenedes.com\/web\/wp-json\/wp\/v2\/posts"}],"about":[{"href":"https:\/\/bisbalpenedes.com\/web\/wp-json\/wp\/v2\/types\/post"}],"author":[{"embeddable":true,"href":"https:\/\/bisbalpenedes.com\/web\/wp-json\/wp\/v2\/users\/4"}],"replies":[{"embeddable":true,"href":"https:\/\/bisbalpenedes.com\/web\/wp-json\/wp\/v2\/comments?post=8457"}],"version-history":[{"count":2,"href":"https:\/\/bisbalpenedes.com\/web\/wp-json\/wp\/v2\/posts\/8457\/revisions"}],"predecessor-version":[{"id":8465,"href":"https:\/\/bisbalpenedes.com\/web\/wp-json\/wp\/v2\/posts\/8457\/revisions\/8465"}],"wp:featuredmedia":[{"embeddable":true,"href":"https:\/\/bisbalpenedes.com\/web\/wp-json\/wp\/v2\/media\/8462"}],"wp:attachment":[{"href":"https:\/\/bisbalpenedes.com\/web\/wp-json\/wp\/v2\/media?parent=8457"}],"wp:term":[{"taxonomy":"category","embeddable":true,"href":"https:\/\/bisbalpenedes.com\/web\/wp-json\/wp\/v2\/categories?post=8457"},{"taxonomy":"post_tag","embeddable":true,"href":"https:\/\/bisbalpenedes.com\/web\/wp-json\/wp\/v2\/tags?post=8457"}],"curies":[{"name":"wp","href":"https:\/\/api.w.org\/{rel}","templated":true}]}}