{"id":8436,"date":"2019-01-22T11:27:08","date_gmt":"2019-01-22T10:27:08","guid":{"rendered":"http:\/\/bisbalpenedes.com\/web\/?p=8436"},"modified":"2019-01-22T11:28:12","modified_gmt":"2019-01-22T10:28:12","slug":"laca-organitza-un-conrus-a-les-xarxes-socials-per-commemorar-del-dia-mundial-de-laigua","status":"publish","type":"post","link":"https:\/\/bisbalpenedes.com\/web\/2019\/01\/22\/laca-organitza-un-conrus-a-les-xarxes-socials-per-commemorar-del-dia-mundial-de-laigua\/","title":{"rendered":"L&#8217;ACA organitza un concurs a les xarxes socials per commemorar del Dia Mundial de l&#8217;Aigua"},"content":{"rendered":"<p><span style=\"color: #000000;\">L\u2019Ag\u00e8ncia Catalana de l\u2019Aigua (ACA) commemora, un any m\u00e9s, el Dia Mundial de l\u2019Aigua, parant especial atenci\u00f3 a la problem\u00e0tica derivada de l\u2019\u00fas i l\u2019ab\u00fas dels pl\u00e0stics i la seva pres\u00e8ncia a l\u2019aigua.<\/span><\/p>\n<p><span style=\"color: #000000;\">Amb la finalitat de donar a con\u00e8ixer la problem\u00e0tica i conscienciar la ciutadania, ha convocat, per quart any consecutiu, un concurs d\u2019imatges i v\u00eddeos a trav\u00e9s de les xarxes socials. El tema \u00e9s \u201cl\u2019\u00fas i l\u2019ab\u00fas dels pl\u00e0stics, el seu impacte i qu\u00e8 fas tu per minimitzar-ne els efectes\u201d<\/span><\/p>\n<p><span style=\"color: #000000;\"><strong>EL CONCURS A LES XARXES SOCIALS<\/strong><\/span><\/p>\n<p><span style=\"color: #000000;\">En l\u2019edici\u00f3 d\u2019enguany es proposen dues categories:<\/span><\/p>\n<p style=\"padding-left: 30px;\"><span style=\"color: #000000;\">-Una de general en la qual demanen imatges que responguin al tema \u201cl\u2019aigua, un b\u00e9 com\u00fa\u201d<\/span><\/p>\n<p style=\"padding-left: 30px;\"><span style=\"color: #000000;\">-Una en la qual se sol\u00b7liciten imatges que evidenci\u00efn la problem\u00e0tica dels pl\u00e0stics a l\u2019aigua<\/span><\/p>\n<p><span style=\"color: #000000;\">Hi podeu participar a trav\u00e9s d\u2019Instagram, Facebook i Youtube, fins al 10 de mar\u00e7. Podeu consultar les bases aqu\u00ed: <a style=\"color: #000000;\" href=\"http:\/\/aca.gencat.cat\/web\/.content\/10_ACA\/M_Campanyes_i_divulgacio\/05_Dia_mundial_de_laigua\/Bases_DiaMundialAigua_2019.pdf\">bases del concurs<\/a><\/span><\/p>\n<p><span style=\"color: #000000;\"><strong>FORMES DE PARTICIPACI\u00d3:<\/strong><\/span><\/p>\n<p><span style=\"color: #000000;\"><strong>Via Instagram<\/strong><\/span><br \/>\n<span style=\"color: #000000;\"> Si ho feu mitjan\u00e7ant Instagram i voleu participar en la primera categoria (l\u2019aigua, un b\u00e9 com\u00fa), empreu l\u2019etiqueta <strong>#acaworldwaterday2109<\/strong> a les vostres imatges. En cas que vulgueu participar en la segona categoria feu servir l\u2019etiqueta <strong>#acaworldwaterday2019_plastic<\/strong>. En ambd\u00f3s casos caldr\u00e0 incloure, en el text, el perfil @aigua_cat<\/span><\/p>\n<p><span style=\"color: #000000;\"><strong>Via Facebook o YouTube<\/strong><\/span><br \/>\n<span style=\"color: #000000;\"> Si\u00a0hi participeu mitjan\u00e7ant Facebook o Youtube la participaci\u00f3 ho heu de fer mitjan\u00e7ant el formulari que trobareu en aquest enlla\u00e7 <a style=\"color: #000000;\" href=\"https:\/\/a.cstmapp.com\/p\/29321\">https:\/\/a.cstmapp.com\/p\/29321<\/a><\/span><\/p>\n<p><span style=\"color: #000000;\">Per a m\u00e9s informaci\u00f3 podeu accedir al seg\u00fcent lloc web: <a style=\"color: #000000;\" href=\"http:\/\/aca.gencat.cat\/ca\/laca\/campanyes-i-divulgacio\/dia-mundial-de-laigua\/\">http:\/\/aca.gencat.cat\/ca\/laca\/campanyes-i-divulgacio\/dia-mundial-de-laigua\/<\/a><\/span><\/p>\n<hr \/>\n<p><span style=\"color: #000000;\"><strong>CASTELLANO |<\/strong> La Ag\u00e8ncia Catalana de l&#8217;Aigua (ACA) conmemora, un a\u00f1o m\u00e1s, el D\u00eda Mundial del Agua, prestando especial atenci\u00f3n a la problem\u00e1tica derivada del uso y el abuso de los pl\u00e1sticos y de su presencia en el agua.<\/span><\/p>\n<p><span style=\"color: #000000;\">Con la finalidad de dar a conocer la problem\u00e1tica y concienciar a la ciudadan\u00eda, ha convocado, por cuarto a\u00f1o consecutivo, un concurso de im\u00e1genes y v\u00eddeos a trav\u00e9s de las redes sociales. El tema es &#8220;el uso y el abuso de los pl\u00e1sticos, su impacto y qu\u00e9 haces tu para minimizar sus efectos&#8221;.<\/span><\/p>\n<p><span style=\"color: #000000;\"><strong>EL CONCURSO EN LAS REDES SOCIALES<\/strong><\/span><\/p>\n<p>&nbsp;<\/p>\n<p><span style=\"color: #000000;\">En la edici\u00f3n de este a\u00f1o se proponen dos categor\u00edas:<\/span><\/p>\n<p style=\"padding-left: 30px;\"><span style=\"color: #000000;\">-Una general en la cual piden im\u00e1genes que respondan al tema &#8220;el agua, un bien com\u00fan&#8221;.<\/span><\/p>\n<p style=\"padding-left: 30px;\"><span style=\"color: #000000;\">-Una en la cual se solicitan im\u00e1genes que evidencien el problema de los pl\u00e1sticos en el agua.<\/span><\/p>\n<p><span style=\"color: #000000;\">Pod\u00e9is participar a trav\u00e9s de Instagram, Facebook y Youtube, hasta el 10 de marzo. Pod\u00e9is consultar las bases aqu\u00ed:\u00a0<a style=\"color: #000000;\" href=\"http:\/\/aca.gencat.cat\/web\/.content\/10_ACA\/M_Campanyes_i_divulgacio\/05_Dia_mundial_de_laigua\/Bases_DiaMundialAigua_2019.pdf\">bases del concurs<\/a><span style=\"text-decoration: underline;\">o<\/span><\/span><\/p>\n<p><span style=\"color: #000000;\"><strong>FORMAS DE PARTICIPACI\u00d3N:<\/strong><\/span><\/p>\n<p><strong><span style=\"color: #000000;\">V\u00eda Instagram<\/span><\/strong><\/p>\n<p><span style=\"color: #000000;\">Si lo hac\u00e9is mediante Instagram y quer\u00e9is participar en la primera categor\u00eda (el agua, un bien com\u00fan), utilizad la etiqueta\u00a0<strong>#acaworldwaterday2109<\/strong>\u00a0en vuestras im\u00e1genes. En el caso que quer\u00e1is participar en la segunda categor\u00eda utilizad la etiqueta\u00a0<strong>#acaworldwaterday2019_plastic<\/strong>. En ambos casos habr\u00e1 que incluir, en el texto, el perfil @aigua_cat<\/span><\/p>\n<p><span style=\"color: #000000;\"><strong>V\u00eda Facebook o YouTube<\/strong><\/span><\/p>\n<p><span style=\"color: #000000;\">Si particip\u00e1is mediante Facebook o Youtube, deb\u00e9is rellenar el formulario que encontrar\u00e9is en este enlace:\u00a0<a style=\"color: #000000;\" href=\"https:\/\/a.cstmapp.com\/p\/29321\">https:\/\/a.cstmapp.com\/p\/29321<\/a><\/span><\/p>\n<p><span style=\"color: #000000;\">Para m\u00e1s informaci\u00f3n pod\u00e9is acceder al siguiente sitio web:\u00a0\u00a0<a style=\"color: #000000;\" href=\"http:\/\/aca.gencat.cat\/ca\/laca\/campanyes-i-divulgacio\/dia-mundial-de-laigua\/\">http:\/\/aca.gencat.cat\/ca\/laca\/campanyes-i-divulgacio\/dia-mundial-de-laigua\/<\/a><\/span><\/p>\n","protected":false},"excerpt":{"rendered":"<p>L\u2019Ag\u00e8ncia Catalana de l\u2019Aigua (ACA) commemora, un any m\u00e9s, el Dia Mundial de l\u2019Aigua, parant especial atenci\u00f3 a la problem\u00e0tica derivada de l\u2019\u00fas i l\u2019ab\u00fas dels pl\u00e0stics i la seva &hellip; <a href=\"https:\/\/bisbalpenedes.com\/web\/2019\/01\/22\/laca-organitza-un-conrus-a-les-xarxes-socials-per-commemorar-del-dia-mundial-de-laigua\/\" class=\"more-link\">Read More<\/a><\/p>\n","protected":false},"author":4,"featured_media":8444,"comment_status":"closed","ping_status":"closed","sticky":false,"template":"","format":"standard","meta":[],"categories":[32],"tags":[],"_links":{"self":[{"href":"https:\/\/bisbalpenedes.com\/web\/wp-json\/wp\/v2\/posts\/8436"}],"collection":[{"href":"https:\/\/bisbalpenedes.com\/web\/wp-json\/wp\/v2\/posts"}],"about":[{"href":"https:\/\/bisbalpenedes.com\/web\/wp-json\/wp\/v2\/types\/post"}],"author":[{"embeddable":true,"href":"https:\/\/bisbalpenedes.com\/web\/wp-json\/wp\/v2\/users\/4"}],"replies":[{"embeddable":true,"href":"https:\/\/bisbalpenedes.com\/web\/wp-json\/wp\/v2\/comments?post=8436"}],"version-history":[{"count":2,"href":"https:\/\/bisbalpenedes.com\/web\/wp-json\/wp\/v2\/posts\/8436\/revisions"}],"predecessor-version":[{"id":8448,"href":"https:\/\/bisbalpenedes.com\/web\/wp-json\/wp\/v2\/posts\/8436\/revisions\/8448"}],"wp:featuredmedia":[{"embeddable":true,"href":"https:\/\/bisbalpenedes.com\/web\/wp-json\/wp\/v2\/media\/8444"}],"wp:attachment":[{"href":"https:\/\/bisbalpenedes.com\/web\/wp-json\/wp\/v2\/media?parent=8436"}],"wp:term":[{"taxonomy":"category","embeddable":true,"href":"https:\/\/bisbalpenedes.com\/web\/wp-json\/wp\/v2\/categories?post=8436"},{"taxonomy":"post_tag","embeddable":true,"href":"https:\/\/bisbalpenedes.com\/web\/wp-json\/wp\/v2\/tags?post=8436"}],"curies":[{"name":"wp","href":"https:\/\/api.w.org\/{rel}","templated":true}]}}