{"id":8419,"date":"2019-01-18T17:03:40","date_gmt":"2019-01-18T16:03:40","guid":{"rendered":"http:\/\/bisbalpenedes.com\/web\/?p=8419"},"modified":"2019-01-18T17:03:40","modified_gmt":"2019-01-18T16:03:40","slug":"informacio-sobre-les-cartes-de-pagament-de-la-regularitzacio-cadastral-de-la-direccio-general-del-cadastre","status":"publish","type":"post","link":"https:\/\/bisbalpenedes.com\/web\/2019\/01\/18\/informacio-sobre-les-cartes-de-pagament-de-la-regularitzacio-cadastral-de-la-direccio-general-del-cadastre\/","title":{"rendered":"Informaci\u00f3 sobre les cartes de pagament de la regularitzaci\u00f3 cadastral de la Direcci\u00f3 General del Cadastre"},"content":{"rendered":"<p style=\"text-align: justify;\">Diversos ve\u00efns de la Bisbal han rebut, durant les darreres setmanes, una carta de pagament per la regularitzaci\u00f3 cadastral.<\/p>\n<p style=\"text-align: justify;\"><strong>QU\u00c8 \u00c9S EL QUE ES PAGA?<\/strong><\/p>\n<p style=\"text-align: justify;\">L\u2019import de difer\u00e8ncia que hi ha entre el rebut de l\u2019IBI que s\u2019ha pagat i el que s\u2019hauria d\u2019haver pagat, en els \u00faltims quatre anys, segons la Direcci\u00f3 General del Cadastre. Sovint l\u2019increment es deu al fet que s\u2019han detectat alteracions en l\u2019habitatge o al fet que les caracter\u00edstiques actuals de la finca no estaven actualitzades i, per tant, no es corresponien a les del cadastre.<\/p>\n<p style=\"text-align: justify;\"><strong>QUI HA DE FER AQUEST PAGAMENT?<\/strong><\/p>\n<p style=\"text-align: justify;\">Els propietaris d\u2019habitatges que han estat regularitzats cadastralment per la Direcci\u00f3 General del Cadastre. Les difer\u00e8ncies en l\u2019import a pagar sobre l\u2019Impost de B\u00e9ns Immobles de les quals han estat informats alguns ve\u00efns de la Bisbal del Pened\u00e8s des de la Ger\u00e8ncia del Cadastre v\u00e9nen donades per la regularitzaci\u00f3 cadastral de la Direcci\u00f3 General del Cadastre i, en cap cas, per una modificaci\u00f3 del tipus impositiu de l\u2019IBI que s\u2019hagi aprovat a l\u2019Ajuntament de la Bisbal del Pened\u00e8s. En qualsevol cas, els ve\u00efns que han d\u2019abonar aquesta difer\u00e8ncia rebran una carta de pagament.<\/p>\n<p style=\"text-align: justify;\"><strong>QUI GESTIONA AQUEST PAGAMENT?<\/strong><\/p>\n<p style=\"text-align: justify;\">BASE \u2013 Gesti\u00f3 d\u2019ingressos. Els propietaris poden sol\u00b7licitar el seu fraccionament personant-se a les oficines de BASE.<\/p>\n<p style=\"text-align: justify;\"><strong>PER QU\u00c8 M\u2019HA ARRIBAT ARA AQUEST PAGAMENT?<\/strong><\/p>\n<p style=\"text-align: justify;\">La Direcci\u00f3 General del Cadastre est\u00e0 actualitzant totes les finques donades d\u2019alta al cadastre, incorporant les alteracions detectades a la cartografia i bases de dades cadastrals, a tots els municipis de l\u2019Estat espanyol a excepci\u00f3 del Pa\u00eds Basc i Navarra. Aquesta regularitzaci\u00f3, que va comen\u00e7ar el 2013, afecta els immobles urbans i els r\u00fastics. Cada any la Direcci\u00f3 General del Cadastre publica el llistat de municipis afectats pel procediment de regularitzaci\u00f3 cadastral al Butllet\u00ed Oficial de l\u2019Estat (BOE), indicant-hi el termini en el qual es desenvolupar\u00e0 aquest procediment. Les alteracions que la Direcci\u00f3 General del Cadastre regularitza fan refer\u00e8ncia a les construccions que no estan a la base del cadastre i que no han estat tributant.<\/p>\n<p style=\"text-align: justify;\">Quant a la Bisbal del Pened\u00e8s, el febrer de 2016 es va publicar al BOE la resoluci\u00f3 del 16 de febrer de 2016 de la Direcci\u00f3 General del Cadastre per la qual es determinaven els municipis i els per\u00edodes d\u2019aplicaci\u00f3 del procediment de regularitzaci\u00f3 cadastral, per part del Ministeri d\u2019Hisenda i les Administracions p\u00fabliques, que inclo\u00efa el seg\u00fcent par\u00e0graf:<\/p>\n<p style=\"text-align: justify;\"><strong>Article 4: <\/strong><\/p>\n<p style=\"text-align: justify;\">Quant a la Bisbal del Pened\u00e8s, el febrer de 2016 es va publicar al BOE la resoluci\u00f3 del 16 de febrer de 2016 de la Direcci\u00f3 General del Cadastre per la qual es determinaven els municipis i els per\u00edodes d\u2019aplicaci\u00f3 del procediment de regularitzaci\u00f3 cadastral, per part del Ministeri d\u2019Hisenda i les Administracions p\u00fabliques, que inclo\u00efa el seg\u00fcent par\u00e0graf:<\/p>\n<p style=\"padding-left: 30px; text-align: justify;\"><em>\u201cEl procedimiento de regularizaci\u00f3n catastral ser\u00e1 de aplicaci\u00f3n, desde el d\u00eda siguiente a la publicaci\u00f3n de esta resoluci\u00f3n en el Bolet\u00edn Oficial del Estado, y hasta el 30 de julio del 2017, en los siguientes municipios del \u00e1mbito territorial de las Gerencias Regionales y Territoriales del Catastro.<\/em><\/p>\n<p style=\"padding-left: 30px; text-align: justify;\"><em>Gerencia Territorial de Tarragona:<\/em><\/p>\n<p style=\"padding-left: 30px; text-align: justify;\"><em>Alcover, L\u00b4Aleixar, Alfara de Carles, Alforja, Ali\u00f3, L\u00b4Ametlla de Mar, L\u00b4Arbo\u00e7, Arbol\u00ed, L\u00b4Argentera, <strong>La Bisbal del Pened\u00e8s<\/strong>, Bot, Cabra del Camp, Constant\u00ed, Corbera d\u2019Ebre, Deltebre, For\u00e8s, La Galera, Els Garidells, Ginestar, M\u00f3ra la Nova, Els Pallaresos, Passanant i Belltall, Pa\u00fcls, Perafort, El Pinell de Brai, La Pobla de Mafumet, La Pobla de Montorn\u00e8s, Pradell de la Teixeta, Prades, Reus, Riudoms, Roquetes, Sant Carles de la R\u00e0pita, Senan, Tivissa, Torredembarra, Vallclara, Vallfogona de Riucorb, Vallmoll, Valls, Vespella de Gai\u00e0, Vilalba dels Arcs, Vilanova de Prades, La Vilella Alta<\/em><em>.\u201d<\/em><\/p>\n<p style=\"text-align: justify;\">Com que la Bisbal del Pened\u00e8s era un dels municipis on la Direcci\u00f3 del Cadastre aplicava el procediment de regularitzaci\u00f3 cadastral, es va iniciar el procediment.<\/p>\n<p style=\"text-align: justify;\">Durant el 2016 una empresa externa va fer el treball de camp a la Bisbal del Pened\u00e8s i va entregar els expedients de les alteracions detectades a la Sociedad Estatal de Gesti\u00f3n Inmobiliaria del Patrimonio SA (Segipsa) amb la finalitat que fessin la primera validaci\u00f3 i correcci\u00f3. Una vegada Segipsa va haver revisat els expedients, els va entregar a la Ger\u00e8ncia del Cadastre, que va fer una segona validaci\u00f3 i correcci\u00f3 dels expedients. Al final d\u2019aquest proc\u00e9s, van preparar les notificacions per a enviar-les als propietaris afectats per aquesta regularitzaci\u00f3 cadastral.<\/p>\n<p style=\"text-align: justify;\">A mitjans de 2017 la Ger\u00e8ncia del Cadastre va enviar aquestes notificacions als propietaris afectats pels expedients de regularitzaci\u00f3, informant-los de l\u2019alteraci\u00f3 detectada i de l\u2019obertura d\u2019un per\u00edode d\u2019al\u00b7legacions o reclamacions. Aquestes notificacions tamb\u00e9 inclo\u00efen un full de pagament d\u2019una taxa de 60\u20ac per cada immoble regularitzat, en concepte de treballs realitzats des de la Direcci\u00f3 General del Cadastre.<\/p>\n<p style=\"text-align: justify;\">Des de finals de 2018 i durant el 2019, els propietaris dels habitatges regularitzats cadastralment estan rebent la carta de pagament sobre l\u2019IBI dels quatre anys anteriors per la difer\u00e8ncia entre l\u2019import abonat i el que resulta del nou valor cadastral. Aquests pagaments els gestiona BASE \u2013 Gesti\u00f3 d\u2019ingressos i els propietaris poden sol\u00b7licitar el seu fraccionament personant-se a les oficines de BASE.<\/p>\n<p style=\"text-align: justify;\"><strong>EL TIPUS IMPOSITIU DE L\u2019IBI A LA BISBAL, SEGUEIX ESTANT CONGELAT?<\/strong><\/p>\n<p style=\"text-align: justify;\">L\u2019Ajuntament de la Bisbal del Pened\u00e8s no ha pujat ni t\u00e9 previst pujar el tipus impositiu de l\u2019IBI en aquesta legislatura. El nou valor cadastral que s\u2019ha fixat des de la Direcci\u00f3 General del Cadastre en cadascuna de les propietats afectades \u00e9s sobre el qual s\u2019aplica l\u2019Impost de B\u00e9ns Immobles (IBI) que, des de fa anys \u00e9s del 0,80% a la Bisbal del Pened\u00e8s.<\/p>\n<p style=\"text-align: justify;\">Els anys 2013, 2014 i 2015, es va passar del 0,80% al 0,88% de l&#8217;IBI, sense que s&#8217;aprov\u00e9s per Ple de l&#8217;Ajuntament, perqu\u00e8 es va aplicar el Real Decret Legislatiu 1\/2004 de 5 de mar\u00e7, on l&#8217;article 32.2 del Text ref\u00f3s de la Llei del Cadastre Immobiliari (aquest article 32.2 est\u00e0 modificat tal com segueix amb efectes de l&#8217;1 de gener de 2013) diu:<\/p>\n<p style=\"padding-left: 30px; text-align: justify;\">Article 32.2:<\/p>\n<p style=\"padding-left: 30px; text-align: justify;\">2. Asimismo, las leyes de presupuestos generales podr\u00e1n actualizar los valores catastrales de los inmuebles urbanos de un mismo municipio por aplicaci\u00f3n de coeficientes en funci\u00f3n del a\u00f1o de entrada en vigor de la correspondiente ponencia de valores del municipio.<\/p>\n<p style=\"padding-left: 30px; text-align: justify;\">Los Ayuntamientos podr\u00e1n solicitar la aplicaci\u00f3n de los coeficientes previstos en este apartado cuando concurran los siguientes requisitos:<\/p>\n<p style=\"padding-left: 60px; text-align: justify;\"><strong>a) <\/strong>Que hayan transcurrido al menos cinco a\u00f1os desde la entrada en vigor de los valores catastrales derivados del anterior procedimiento de valoraci\u00f3n colectiva de car\u00e1cter general.<\/p>\n<p style=\"padding-left: 60px; text-align: justify;\"><strong>b) <\/strong>Que se pongan de manifiesto diferencias sustanciales entre los valores de mercado y los que sirvieron de base para la determinaci\u00f3n de los valores catastrales vigentes, siempre que afecten de modo homog\u00e9neo al conjunto de usos, pol\u00edgonos, \u00e1reas o zonas existentes en el municipio.<\/p>\n<p style=\"padding-left: 60px; text-align: justify;\"><strong>c) <\/strong>Que la solicitud se comunique a la Direcci\u00f3n General del Catastro antes del 31 de mayo del ejercicio anterior a aquel para el que se solicita la aplicaci\u00f3n de los coeficientes<\/p>\n<p style=\"padding-left: 30px; text-align: justify;\">Corresponde al Ministro de Hacienda y Administraciones P\u00fablicas apreciar la concurrencia de los requisitos enumerados en el p\u00e1rrafo anterior, mediante orden ministerial que se publicar\u00e1 en el &#8220;Bolet\u00edn Oficial del Estado&#8221; con anterioridad al 30 de septiembre de cada ejercicio, en la que se establecer\u00e1 la relaci\u00f3n de municipios concretos en los que resultar\u00e1n de aplicaci\u00f3n los coeficientes que, en su caso, establezca la Ley de Presupuestos Generales del Estado para el ejercicio siguiente.<\/p>\n<p style=\"text-align: justify;\">Per tant, l&#8217;Ajuntament de La Bisbal del Pened\u00e8s es va acollir, el 2013, a aquesta regularitzaci\u00f3 que s&#8217;ha aplicat el 2013, 2014 i 2015 fins que el Cadastre va iniciar, el 2016, la regularitzaci\u00f3 cadastral.<\/p>\n<p style=\"text-align: justify;\">Quant al tipus impositiu de l\u2019IBI actual, l\u2019alcaldessa de la Bisbal del Pened\u00e8s, Agn\u00e8s Ferr\u00e9, ha volgut aclarir que \u201cel passat mes de setembre, tenint en compte que, despr\u00e9s de la regularitzaci\u00f3 realitzada per part de la Direcci\u00f3 General del Cadastre, l\u2019Ajuntament de la Bisbal del Pened\u00e8s ingressaria m\u00e9s diners en concepte d\u2019IBI, l\u2019equip de govern va proposar reduir del 0,80% al 0,75% el tipus impositiu de l\u2019esmentat impost. Aquesta mesura tenia la finalitat d\u2019aplicar una rebaixa del tipus impositiu que, distribu\u00efda entre tots els bisbalencs, ascend\u00eds a la quantitat de 101.344,08\u20ac, \u00e9s a dir, la quantitat de m\u00e9s que l\u2019Ajuntament ingressar\u00e0 el 2019 en comparaci\u00f3 amb l\u2019exercici anterior, despr\u00e9s de l\u2019esmentada revisi\u00f3 cadastral. Dit d\u2019una altra manera: la rebaixa del tipus impositiu pretenia distribuir aquesta quantitat que s\u2019ingressaria de m\u00e9s entre tots els rebuts de l\u2019IBI mitjan\u00e7ant una reducci\u00f3 del tipus impositiu del rebut que pogu\u00e9s beneficiar a tots els propietaris. No obstant aix\u00f2, la proposta, plantejada per l\u2019equip de govern, no va ser aprovada en el ple ordinari del 17 de setembre de 2018\u201d.<\/p>\n<p style=\"text-align: justify;\"><strong>ON PUC TROBAR M\u00c9S INFORMACI\u00d3?<\/strong><\/p>\n<p style=\"text-align: justify;\">Per a m\u00e9s informaci\u00f3 sobre el proc\u00e9s de regularitzaci\u00f3 cadastral, podeu entrar al seg\u00fcent enlla\u00e7: <a href=\"http:\/\/www.catastro.minhap.gob.es\/esp\/regularizacion_sec.asp\">http:\/\/www.catastro.minhap.gob.es\/esp\/regularizacion_sec.asp<\/a><\/p>\n<hr \/>\n<p><strong>CASTELLANO |<\/strong> Varios vecinos de la Bisbal han recibido, durante las \u00faltimas semanas, una carta de pago para la regularizaci\u00f3n catastral.<\/p>\n<p><strong>\u00bfQU\u00c9 ES LO QUE SE PAGA?<\/strong><\/p>\n<p>El importe de diferencia que hay entre el recibo del IBI que se ha pagado y el que se deber\u00eda haber pagado, en los \u00faltimos cuatro a\u00f1os, seg\u00fan la Direcci\u00f3n General del Catastro. A menudo, el incremento es debido al hecho que se han detectado alteraciones en la vivienda o al hecho que las caracter\u00edsticas actuales de la finca no estaban actualizadas y, por lo tanto, no correspond\u00edan a las del catastro.<\/p>\n<p><strong>\u00bfQUI\u00c9N TIENE QUE HACER ESTE PAGO?<\/strong><\/p>\n<p>Los propietarios de viviendas que han sido regularizadas catastralmente por la Direcci\u00f3 General del Catastro. Las diferencias en el importe a pagar sobre el Impuesto de Bienes Inmuebles de las cuales han sido informados algunos vecinos de la Bisbal del Pened\u00e8s desde la Gerencia del Catastro vienen dadas por la regulaci\u00f3n catastral de la Direcci\u00f3n General del Catastro y, en ning\u00fan caso, por una modificaci\u00f3n del tipo impositivo del IBI que se haya aprobado en el Ayuntamiento de la Bisbal del Pened\u00e8s. En cualquier caso, los vecinos que deben abonar esta diferencia recibir\u00e1n una carta de pago.<\/p>\n<p><strong>\u00bfQUI\u00c9N GESTIONA ESTE PAGO?<\/strong><\/p>\n<p>BASE &#8211; Gesti\u00f3n de ingresos. Los propietarios pueden solicitar su fraccionamiento person\u00e1ndose en las oficinas de BASE.<\/p>\n<p><strong>\u00bfPOR QU\u00c9 ME HA LLEGADO AHORA ESTE PAGO?<\/strong><\/p>\n<p>La Direcci\u00f3n General del Catastro est\u00e1 actualizando todas las fincas dadas de alta en el catastro, incorporando las alteraciones detectadas e la cartograf\u00eda y bases de datos catastrales, a todos los municipios del Estado espa\u00f1ol a excepci\u00f3n del Pa\u00eds Vasco y Navarra. Esta Regularizaci\u00f3n, que empez\u00f3 en el 2013, afecta a los inmuebles urbanos y a los r\u00fasticos. Cada a\u00f1o la Direcci\u00f3n General del Catastro publica un listado de municipios afectados por el procedimiento de regularizaci\u00f3n catastral en el Bolet\u00edn Oficial del Estado (BOE), indicando el plazo en el que se desarrollar\u00e1 este procedimiento. Las alteraciones que la Direcci\u00f3n General del Catastro regulariza hacen referencia a las construcciones que no est\u00e1n en la base de datos del catastro y que no han estado tributando.<\/p>\n<p>En cuanto a la Bisbal del Pened\u00e8s, en febrero del 2016 se public\u00f3 en el BOE la resoluci\u00f3n del 16 de febrero del 2016 de la Direcci\u00f3n General del Catastro por la cual se determinaban los municipios y los periodos de aplicaci\u00f3n del procedimiento de regularizaci\u00f3n catastral, por parte del Ministerio de Hacienda y las Administraciones p\u00fablicas, que inclu\u00eda el siguiente p\u00e1rrafo:<\/p>\n<p style=\"padding-left: 30px;\">Art\u00edculo 4:<\/p>\n<p style=\"padding-left: 30px;\"><em>\u201cEl procedimiento de regularizaci\u00f3n catastral ser\u00e1 de aplicaci\u00f3n, desde el d\u00eda siguiente a la publicaci\u00f3n de esta resoluci\u00f3n en el Bolet\u00edn Oficial del Estado, y hasta el 30 de julio del 2017, en los siguientes municipios del \u00e1mbito territorial de las Gerencias Regionales y Territoriales del Catastro.<\/em><\/p>\n<p style=\"padding-left: 30px;\"><em>Gerencia Territorial de Tarragona:<\/em><\/p>\n<p style=\"padding-left: 30px;\"><em>Alcover, L\u00b4Aleixar, Alfara de Carles, Alforja, Ali\u00f3, L\u00b4Ametlla de Mar, L\u00b4Arbo\u00e7, Arbol\u00ed, L\u00b4Argentera, <strong>La Bisbal del Pened\u00e8s<\/strong>, Bot, Cabra del Camp, Constant\u00ed, Corbera d\u2019Ebre, Deltebre, For\u00e8s, La Galera, Els Garidells, Ginestar, M\u00f3ra la Nova, Els Pallaresos, Passanant i Belltall, Pa\u00fcls, Perafort, El Pinell de Brai, La Pobla de Mafumet, La Pobla de Montorn\u00e8s, Pradell de la Teixeta, Prades, Reus, Riudoms, Roquetes, Sant Carles de la R\u00e0pita, Senan, Tivissa, Torredembarra, Vallclara, Vallfogona de Riucorb, Vallmoll, Valls, Vespella de Gai\u00e0, Vilalba dels Arcs, Vilanova de Prades, La Vilella Alta<\/em><em>.\u201d<\/em><\/p>\n<p>Como que la Bisbal del Pened\u00e8s era uno de los municipios d\u00f3nde la Direcci\u00f3n del Catastro aplicaba el procedimiento de regularizaci\u00f3n catastral, se inici\u00f3 el procedimiento.<\/p>\n<p>Durante el 2016 una empresa externa hizo el trabajo de campo en la Bisbal del Pened\u00e8s y entreg\u00f3 los expedientes de las alteraciones detectadas a la Sociedad Estatal de Gesti\u00f3n Inmobiliaria del Patrimonio SA (Segipsa) con la finalidad de que hicieran la primera validaci\u00f3n y correcci\u00f3n. Una vez Segipsa hubo revisado los expedientes, los entreg\u00f3 a la Gerencia del Catastro, que hizo una segunda validaci\u00f3n y correcci\u00f3n de los expedientes. Al final de este proceso, prepararon las notificaciones para enviarlas a los propietarios afectados por esta regularizaci\u00f3n catastral.<\/p>\n<p>A mediados del 2017 la Gerencia del Catastro envi\u00f3 estas notificaciones a los propietarios afectados por los expedientes de regularizaci\u00f3n, inform\u00e1ndoles de la alteraci\u00f3n detectada y de la apertura de un periodo de alegaciones o reclamaciones. Estas notificaciones tambi\u00e9n inclu\u00edan una hoja de pago de una tasa de 60\u20ac por cada inmueble regularizado, en concepto de trabajos realizados desde la Direcci\u00f3n General del Catastro.<\/p>\n<p>Desde finales del 2018 y durante el 2019, los propietarios de las viviendas regularizadas catastralmente est\u00e1n recibiendo la carta de pago sobre el IBI de los cuatro a\u00f1os anteriores por la diferencia entre el importe abonado y el que resulta del nuevo valor catastral. Estos pagos los gestiona BASE &#8211; Gesti\u00f3 d&#8217;Ingressos y los propietarios pueden solicitar su fraccionamiento person\u00e1ndose en las oficinas de BASE.<\/p>\n<p><strong>\u00bfEL TIPO IMPOSITIVO DEL IBI EN LA BISBAL, \u00bfSIGUE ESTANDO CONGELADO?<\/strong><\/p>\n<p>El Ayuntamiento de la Bisbal del Pened\u00e8s no ha subido ni tiene previsto subir el tipo impositivo del IBI en esta legislatura. El nuevo valor catastral que se ha fijado desde la Direcci\u00f3n General del Catastro en cada una de las propiedades afectadas es sobre el cual se aplica el Impuesto de Bienes Inmuebles (IBI) que, desde hace a\u00f1os es del 0,80% en la Bisbal del Pened\u00e8s.<\/p>\n<p>Los a\u00f1os 2013, 2014 y 2015, se pas\u00f3 del 0,80% al 0,88% de IBI, sin que se aprobase por Pleno del Ayuntamiento, porqu\u00e9 se aplic\u00f3 el Real Decreto Legislativo 1\/2004 de 5 de marzo, d\u00f3nde el art\u00edculo 32.2 del Texto refundido de la Ley del Catastro Inmobiliario (este art\u00edculo 32.2 est\u00e1 modificado tal como sigue con efectos de 1 de enero de 2013) dice:<\/p>\n<p>Art\u00edculo 32.2:<\/p>\n<ol start=\"2\">\n<li>Asimismo, las leyes de presupuestos generales podr\u00e1n actualizar los valores catastrales de los inmuebles urbanos de un mismo municipio por aplicaci\u00f3n de coeficientes en funci\u00f3n del a\u00f1o de entrada en vigor de la correspondiente ponencia de valores del municipio.<\/li>\n<\/ol>\n<p style=\"padding-left: 30px;\">Los Ayuntamientos podr\u00e1n solicitar la aplicaci\u00f3n de los coeficientes previstos en este apartado cuando concurran los siguientes requisitos:<\/p>\n<p style=\"padding-left: 60px;\"><strong>a) <\/strong>Que hayan transcurrido al menos cinco a\u00f1os desde la entrada en vigor de los valores catastrales derivados del anterior procedimiento de valoraci\u00f3n colectiva de car\u00e1cter general.<\/p>\n<p style=\"padding-left: 60px;\"><strong>b) <\/strong>Que se pongan de manifiesto diferencias sustanciales entre los valores de mercado y los que sirvieron de base para la determinaci\u00f3n de los valores catastrales vigentes, siempre que afecten de modo homog\u00e9neo al conjunto de usos, pol\u00edgonos, \u00e1reas o zonas existentes en el municipio.<\/p>\n<p style=\"padding-left: 60px;\"><strong>c) <\/strong>Que la solicitud se comunique a la Direcci\u00f3n General del Catastro antes del 31 de mayo del ejercicio anterior a aquel para el que se solicita la aplicaci\u00f3n de los coeficientes<\/p>\n<p style=\"padding-left: 30px;\">Corresponde al Ministro de Hacienda y Administraciones P\u00fablicas apreciar la concurrencia de los requisitos enumerados en el p\u00e1rrafo anterior, mediante orden ministerial que se publicar\u00e1 en el &#8220;Bolet\u00edn Oficial del Estado&#8221; con anterioridad al 30 de septiembre de cada ejercicio, en la que se establecer\u00e1 la relaci\u00f3n de municipios concretos en los que resultar\u00e1n de aplicaci\u00f3n los coeficientes que, en su caso, establezca la Ley de Presupuestos Generales del Estado para el ejercicio siguiente.<\/p>\n<p>Por lo tanto, el Ayuntamiento de la Bisbal del Pened\u00e8s se cogi\u00f3, en 2013, a esta regularizaci\u00f3n que se ha aplicado en el 2013, 2014 y 2015 hasta que el Catastro inici\u00f3, el a\u00f1o 2016, la regularizaci\u00f3n catastral.<\/p>\n<p>En cuanto al tipo impositivo del IBI actual, la alcaldesa de la Bisbal del Pened\u00e8s, Agn\u00e8s Ferr\u00e9, ha querido aclarar que &#8220;el pasado mes de septiembre, teniendo en cuenta que, despu\u00e9s de la regularizaci\u00f3n realizada por parte de la Direcci\u00f3n General del Catastro, el Ayuntamiento de la Bisbal del Pened\u00e8s ingresar\u00eda m\u00e1s dinero en concepto de IBI, el equipo de gobierno propuso reducir del 0,80% al 0,75% el tipo impositivo de dicho impuesto. Esta medida ten\u00eda la finalidad de aplicar una rebaja del tipo impositivo que, distribuida entre todos los bisbalencs, ascendiese a la cantidad de 101.344,08\u20ac, es decir, la cantidad de m\u00e1s que el Ayuntamiento ingresar\u00e1 en el a\u00f1o 2019 en comparaci\u00f3n con el ejercicio anterior, despu\u00e9s de la revisi\u00f3n catastral. Dicho de otra manera: la rebaja del tipo impositivo pretend\u00eda distribuir esta cantidad que se ingresar\u00eda de m\u00e1s entre todos los recibos de IBI mediante una reducci\u00f3n del tipo impositivo del recibo que pudiese beneficiar a todos los propietarios. No obstante, la propuesta, planteada por el equipo de gobierno, no fue aprobada en el pleno ordinario del 17 de septiembre de 2018&#8221;.<\/p>\n<p><strong>\u00bfD\u00d3NDE PUEDO ENCONTRAR M\u00c1S INFORMACI\u00d3N?<\/strong><\/p>\n<p>Para m\u00e1s informaci\u00f3n sobre el proceso de regularizaci\u00f3n catastral, pod\u00e9is entrar en el siguiente enlace:<\/p>\n<p><a href=\"http:\/\/www.catastro.minhap.gob.es\/esp\/regularizacion_sec.asp\">http:\/\/www.catastro.minhap.gob.es\/esp\/regularizacion_sec.asp<\/a><\/p>\n","protected":false},"excerpt":{"rendered":"<p>Diversos ve\u00efns de la Bisbal han rebut, durant les darreres setmanes, una carta de pagament per la regularitzaci\u00f3 cadastral. QU\u00c8 \u00c9S EL QUE ES PAGA? L\u2019import de difer\u00e8ncia que hi &hellip; <a href=\"https:\/\/bisbalpenedes.com\/web\/2019\/01\/18\/informacio-sobre-les-cartes-de-pagament-de-la-regularitzacio-cadastral-de-la-direccio-general-del-cadastre\/\" class=\"more-link\">Read More<\/a><\/p>\n","protected":false},"author":4,"featured_media":2355,"comment_status":"closed","ping_status":"closed","sticky":false,"template":"","format":"standard","meta":[],"categories":[4],"tags":[977,540,2771,978,1050,2772,2775,2774,291,2773],"_links":{"self":[{"href":"https:\/\/bisbalpenedes.com\/web\/wp-json\/wp\/v2\/posts\/8419"}],"collection":[{"href":"https:\/\/bisbalpenedes.com\/web\/wp-json\/wp\/v2\/posts"}],"about":[{"href":"https:\/\/bisbalpenedes.com\/web\/wp-json\/wp\/v2\/types\/post"}],"author":[{"embeddable":true,"href":"https:\/\/bisbalpenedes.com\/web\/wp-json\/wp\/v2\/users\/4"}],"replies":[{"embeddable":true,"href":"https:\/\/bisbalpenedes.com\/web\/wp-json\/wp\/v2\/comments?post=8419"}],"version-history":[{"count":3,"href":"https:\/\/bisbalpenedes.com\/web\/wp-json\/wp\/v2\/posts\/8419\/revisions"}],"predecessor-version":[{"id":8422,"href":"https:\/\/bisbalpenedes.com\/web\/wp-json\/wp\/v2\/posts\/8419\/revisions\/8422"}],"wp:featuredmedia":[{"embeddable":true,"href":"https:\/\/bisbalpenedes.com\/web\/wp-json\/wp\/v2\/media\/2355"}],"wp:attachment":[{"href":"https:\/\/bisbalpenedes.com\/web\/wp-json\/wp\/v2\/media?parent=8419"}],"wp:term":[{"taxonomy":"category","embeddable":true,"href":"https:\/\/bisbalpenedes.com\/web\/wp-json\/wp\/v2\/categories?post=8419"},{"taxonomy":"post_tag","embeddable":true,"href":"https:\/\/bisbalpenedes.com\/web\/wp-json\/wp\/v2\/tags?post=8419"}],"curies":[{"name":"wp","href":"https:\/\/api.w.org\/{rel}","templated":true}]}}