{"id":8413,"date":"2019-01-18T13:24:01","date_gmt":"2019-01-18T12:24:01","guid":{"rendered":"http:\/\/bisbalpenedes.com\/web\/?p=8413"},"modified":"2019-01-18T13:24:01","modified_gmt":"2019-01-18T12:24:01","slug":"la-regidoria-de-medi-ambient-recorda-que-les-conductes-inciviques-son-sancionables","status":"publish","type":"post","link":"https:\/\/bisbalpenedes.com\/web\/2019\/01\/18\/la-regidoria-de-medi-ambient-recorda-que-les-conductes-inciviques-son-sancionables\/","title":{"rendered":"La Regidoria de Medi Ambient recorda que les conductes inc\u00edviques s\u00f3n sancionables"},"content":{"rendered":"<div id='gallery-1' class='gallery galleryid-8413 gallery-columns-4 gallery-size-thumbnail'><figure class='gallery-item'>\n\t\t\t<div class='gallery-icon landscape'>\n\t\t\t\t<a href='https:\/\/bisbalpenedes.com\/web\/wp-content\/uploads\/2019\/01\/PHOTO-2019-01-15-13-01-09.jpg'><img width=\"150\" height=\"150\" src=\"https:\/\/bisbalpenedes.com\/web\/wp-content\/uploads\/2019\/01\/PHOTO-2019-01-15-13-01-09-150x150.jpg\" class=\"attachment-thumbnail size-thumbnail\" alt=\"\" loading=\"lazy\" srcset=\"https:\/\/bisbalpenedes.com\/web\/wp-content\/uploads\/2019\/01\/PHOTO-2019-01-15-13-01-09-150x150.jpg 150w, https:\/\/bisbalpenedes.com\/web\/wp-content\/uploads\/2019\/01\/PHOTO-2019-01-15-13-01-09-300x300.jpg 300w, https:\/\/bisbalpenedes.com\/web\/wp-content\/uploads\/2019\/01\/PHOTO-2019-01-15-13-01-09-100x100.jpg 100w\" sizes=\"(max-width: 150px) 100vw, 150px\" \/><\/a>\n\t\t\t<\/div><\/figure><figure class='gallery-item'>\n\t\t\t<div class='gallery-icon landscape'>\n\t\t\t\t<a href='https:\/\/bisbalpenedes.com\/web\/wp-content\/uploads\/2019\/01\/PHOTO-2019-01-15-13-01-11-3.jpg'><img width=\"150\" height=\"150\" src=\"https:\/\/bisbalpenedes.com\/web\/wp-content\/uploads\/2019\/01\/PHOTO-2019-01-15-13-01-11-3-150x150.jpg\" class=\"attachment-thumbnail size-thumbnail\" alt=\"\" loading=\"lazy\" srcset=\"https:\/\/bisbalpenedes.com\/web\/wp-content\/uploads\/2019\/01\/PHOTO-2019-01-15-13-01-11-3-150x150.jpg 150w, https:\/\/bisbalpenedes.com\/web\/wp-content\/uploads\/2019\/01\/PHOTO-2019-01-15-13-01-11-3-300x300.jpg 300w, https:\/\/bisbalpenedes.com\/web\/wp-content\/uploads\/2019\/01\/PHOTO-2019-01-15-13-01-11-3-100x100.jpg 100w\" sizes=\"(max-width: 150px) 100vw, 150px\" \/><\/a>\n\t\t\t<\/div><\/figure><figure class='gallery-item'>\n\t\t\t<div class='gallery-icon landscape'>\n\t\t\t\t<a href='https:\/\/bisbalpenedes.com\/web\/wp-content\/uploads\/2019\/01\/PHOTO-2019-01-15-13-01-12-1.jpg'><img width=\"150\" height=\"150\" src=\"https:\/\/bisbalpenedes.com\/web\/wp-content\/uploads\/2019\/01\/PHOTO-2019-01-15-13-01-12-1-150x150.jpg\" class=\"attachment-thumbnail size-thumbnail\" alt=\"\" loading=\"lazy\" srcset=\"https:\/\/bisbalpenedes.com\/web\/wp-content\/uploads\/2019\/01\/PHOTO-2019-01-15-13-01-12-1-150x150.jpg 150w, https:\/\/bisbalpenedes.com\/web\/wp-content\/uploads\/2019\/01\/PHOTO-2019-01-15-13-01-12-1-300x300.jpg 300w, https:\/\/bisbalpenedes.com\/web\/wp-content\/uploads\/2019\/01\/PHOTO-2019-01-15-13-01-12-1-100x100.jpg 100w\" sizes=\"(max-width: 150px) 100vw, 150px\" \/><\/a>\n\t\t\t<\/div><\/figure><figure class='gallery-item'>\n\t\t\t<div class='gallery-icon landscape'>\n\t\t\t\t<a href='https:\/\/bisbalpenedes.com\/web\/wp-content\/uploads\/2019\/01\/PHOTO-2019-01-15-13-01-12.jpg'><img width=\"150\" height=\"150\" src=\"https:\/\/bisbalpenedes.com\/web\/wp-content\/uploads\/2019\/01\/PHOTO-2019-01-15-13-01-12-150x150.jpg\" class=\"attachment-thumbnail size-thumbnail\" alt=\"\" loading=\"lazy\" srcset=\"https:\/\/bisbalpenedes.com\/web\/wp-content\/uploads\/2019\/01\/PHOTO-2019-01-15-13-01-12-150x150.jpg 150w, https:\/\/bisbalpenedes.com\/web\/wp-content\/uploads\/2019\/01\/PHOTO-2019-01-15-13-01-12-300x300.jpg 300w, https:\/\/bisbalpenedes.com\/web\/wp-content\/uploads\/2019\/01\/PHOTO-2019-01-15-13-01-12-100x100.jpg 100w\" sizes=\"(max-width: 150px) 100vw, 150px\" \/><\/a>\n\t\t\t<\/div><\/figure>\n\t\t<\/div>\n\n<p style=\"text-align: justify;\"><span style=\"color: #000000;\">Aquest \u00e9s l\u2019estat que presentaven els contenidors de diverses urbanitzacions del municipi aquesta setmana. El mal \u00fas dels contenidors que fan alguns ve\u00efns l\u2019acabem pagant tots.<\/span><\/p>\n<p style=\"text-align: justify;\"><span style=\"color: #000000;\">Us informem que aquesta setmana s&#8217;est\u00e0 procedint a fer neteja de les illes de contenidors de la Bisbal.<\/span><\/p>\n<p style=\"text-align: justify;\"><span style=\"color: #000000;\">L\u2019Ajuntament t\u00e9 contractat el servei de recollida d\u2019escombraries i, una vegada al mes, passa un vehicle espec\u00edfic que tamb\u00e9 s\u2019emporta all\u00f2 que els inc\u00edvics han deixat a fora dels contenidors.<\/span><\/p>\n<p style=\"text-align: justify;\"><span style=\"color: #000000;\">La Regidoria de Medi Ambient recorda que aquestes conductes s\u00f3n sancionables i prega a aquells ve\u00efns que observin conductes inc\u00edviques, que avisin l\u2019Ajuntament amb el m\u00e0xim d\u2019informaci\u00f3 possible. Gr\u00e0cies a la col\u00b7laboraci\u00f3 ciutadana hem pogut identificar diversos ve\u00efns inc\u00edvics, que han rebut una notificaci\u00f3 per part de l\u2019Ajuntament.<\/span><\/p>\n<p style=\"text-align: justify;\"><span style=\"color: #000000;\">Us recordem que l\u2019Ajuntament de la Bisbal compta amb un Punt Verd on s\u2019hi poden portar tota mena de deixalles les 24h del dia els 365 dies de l\u2019any i que, el primer dilluns de cada mes, l\u2019Ajuntament fa un servei de recollida de voluminosos al que podeu accedir si aviseu amb un m\u00ednim de cinc dies d\u2019antelaci\u00f3 a l\u2019Ajuntament. Quant a les restes de poda, recordem que des de principis del mes de desembre podeu trobar contenidors per a aquest \u00fas en diferents punts del municipi.<\/span><\/p>\n<hr \/>\n<div id='gallery-2' class='gallery galleryid-8413 gallery-columns-4 gallery-size-thumbnail'><figure class='gallery-item'>\n\t\t\t<div class='gallery-icon landscape'>\n\t\t\t\t<a href='https:\/\/bisbalpenedes.com\/web\/2019\/01\/18\/la-regidoria-de-medi-ambient-recorda-que-les-conductes-inciviques-son-sancionables\/photo-2019-01-15-13-01-11-3\/'><img width=\"150\" height=\"150\" src=\"https:\/\/bisbalpenedes.com\/web\/wp-content\/uploads\/2019\/01\/PHOTO-2019-01-15-13-01-11-3-150x150.jpg\" class=\"attachment-thumbnail size-thumbnail\" alt=\"\" loading=\"lazy\" srcset=\"https:\/\/bisbalpenedes.com\/web\/wp-content\/uploads\/2019\/01\/PHOTO-2019-01-15-13-01-11-3-150x150.jpg 150w, https:\/\/bisbalpenedes.com\/web\/wp-content\/uploads\/2019\/01\/PHOTO-2019-01-15-13-01-11-3-300x300.jpg 300w, https:\/\/bisbalpenedes.com\/web\/wp-content\/uploads\/2019\/01\/PHOTO-2019-01-15-13-01-11-3-100x100.jpg 100w\" sizes=\"(max-width: 150px) 100vw, 150px\" \/><\/a>\n\t\t\t<\/div><\/figure><figure class='gallery-item'>\n\t\t\t<div class='gallery-icon landscape'>\n\t\t\t\t<a href='https:\/\/bisbalpenedes.com\/web\/2019\/01\/18\/la-regidoria-de-medi-ambient-recorda-que-les-conductes-inciviques-son-sancionables\/photo-2019-01-15-13-01-09\/'><img width=\"150\" height=\"150\" src=\"https:\/\/bisbalpenedes.com\/web\/wp-content\/uploads\/2019\/01\/PHOTO-2019-01-15-13-01-09-150x150.jpg\" class=\"attachment-thumbnail size-thumbnail\" alt=\"\" loading=\"lazy\" srcset=\"https:\/\/bisbalpenedes.com\/web\/wp-content\/uploads\/2019\/01\/PHOTO-2019-01-15-13-01-09-150x150.jpg 150w, https:\/\/bisbalpenedes.com\/web\/wp-content\/uploads\/2019\/01\/PHOTO-2019-01-15-13-01-09-300x300.jpg 300w, https:\/\/bisbalpenedes.com\/web\/wp-content\/uploads\/2019\/01\/PHOTO-2019-01-15-13-01-09-100x100.jpg 100w\" sizes=\"(max-width: 150px) 100vw, 150px\" \/><\/a>\n\t\t\t<\/div><\/figure><figure class='gallery-item'>\n\t\t\t<div class='gallery-icon landscape'>\n\t\t\t\t<a href='https:\/\/bisbalpenedes.com\/web\/2019\/01\/18\/la-regidoria-de-medi-ambient-recorda-que-les-conductes-inciviques-son-sancionables\/photo-2019-01-15-13-01-12\/'><img width=\"150\" height=\"150\" src=\"https:\/\/bisbalpenedes.com\/web\/wp-content\/uploads\/2019\/01\/PHOTO-2019-01-15-13-01-12-150x150.jpg\" class=\"attachment-thumbnail size-thumbnail\" alt=\"\" loading=\"lazy\" srcset=\"https:\/\/bisbalpenedes.com\/web\/wp-content\/uploads\/2019\/01\/PHOTO-2019-01-15-13-01-12-150x150.jpg 150w, https:\/\/bisbalpenedes.com\/web\/wp-content\/uploads\/2019\/01\/PHOTO-2019-01-15-13-01-12-300x300.jpg 300w, https:\/\/bisbalpenedes.com\/web\/wp-content\/uploads\/2019\/01\/PHOTO-2019-01-15-13-01-12-100x100.jpg 100w\" sizes=\"(max-width: 150px) 100vw, 150px\" \/><\/a>\n\t\t\t<\/div><\/figure><figure class='gallery-item'>\n\t\t\t<div class='gallery-icon landscape'>\n\t\t\t\t<a href='https:\/\/bisbalpenedes.com\/web\/2019\/01\/18\/la-regidoria-de-medi-ambient-recorda-que-les-conductes-inciviques-son-sancionables\/photo-2019-01-15-13-01-12-1\/'><img width=\"150\" height=\"150\" src=\"https:\/\/bisbalpenedes.com\/web\/wp-content\/uploads\/2019\/01\/PHOTO-2019-01-15-13-01-12-1-150x150.jpg\" class=\"attachment-thumbnail size-thumbnail\" alt=\"\" loading=\"lazy\" srcset=\"https:\/\/bisbalpenedes.com\/web\/wp-content\/uploads\/2019\/01\/PHOTO-2019-01-15-13-01-12-1-150x150.jpg 150w, https:\/\/bisbalpenedes.com\/web\/wp-content\/uploads\/2019\/01\/PHOTO-2019-01-15-13-01-12-1-300x300.jpg 300w, https:\/\/bisbalpenedes.com\/web\/wp-content\/uploads\/2019\/01\/PHOTO-2019-01-15-13-01-12-1-100x100.jpg 100w\" sizes=\"(max-width: 150px) 100vw, 150px\" \/><\/a>\n\t\t\t<\/div><\/figure>\n\t\t<\/div>\n\n<p style=\"text-align: justify;\"><span style=\"color: #000000;\"><strong>CASTELLANO |<\/strong>Este es el estado que presentaban los contenedores de varias urbanizaciones del municipio esta semana. El mal uso de los contenedores que hacen algunos vecinos lo acabamos pagando todos.<\/span><\/p>\n<p style=\"text-align: justify;\"><span style=\"color: #000000;\">Os informamos que esta semana se est\u00e1 procediendo a hacer limpieza de las islas de contenedores de la Bisbal.<\/span><\/p>\n<p style=\"text-align: justify;\"><span style=\"color: #000000;\">El Ayuntamiento tiene contratado el servicio de recogida de basuras y, una vez al mes, pasa un veh\u00edculo espec\u00edfico que tambi\u00e9n se lleva aquello que los inc\u00edvicos han dejado fuera de los contenedores.<\/span><\/p>\n<p style=\"text-align: justify;\"><span style=\"color: #000000;\">La Regidoria de Medi Ambient recuerda que estas conductas son sancionables y ruega a aquellos vecinos que observen conductas inc\u00edvicas, que avisen al Ayuntamiento con el m\u00e1ximo de informaci\u00f3n posible. Gracias a la colaboraci\u00f3n ciudadana hemos podido identificar a varios vecinos inc\u00edvicos, que han recibido una notificaci\u00f3n por parte del Ayuntamiento.<\/span><\/p>\n<p style=\"text-align: justify;\"><span style=\"color: #000000;\">Os recordamos que el Ayuntamiento de la Bisbal cuenta con el Punt Verd, donde se pueden llevar todo tipo de residuos las 24h del d\u00eda los 365 d\u00edas del a\u00f1o y que, el primer lunes de cada mes, el Ayuntamiento lleva a cabo un servicio de recogida de voluminosos al que pod\u00e9is acceder si avis\u00e1is con un m\u00ednimo de cinco d\u00edas de antelaci\u00f3n al Ayuntamiento. En cuanto a los restos de poda, recordamos que desde principios de diciembre pod\u00e9is encontrar contenedores para este uso en distintos puntos del municipio.<\/span><\/p>\n","protected":false},"excerpt":{"rendered":"<p>Aquest \u00e9s l\u2019estat que presentaven els contenidors de diverses urbanitzacions del municipi aquesta setmana. El mal \u00fas dels contenidors que fan alguns ve\u00efns l\u2019acabem pagant tots. Us informem que aquesta &hellip; <a href=\"https:\/\/bisbalpenedes.com\/web\/2019\/01\/18\/la-regidoria-de-medi-ambient-recorda-que-les-conductes-inciviques-son-sancionables\/\" class=\"more-link\">Read More<\/a><\/p>\n","protected":false},"author":4,"featured_media":8415,"comment_status":"closed","ping_status":"closed","sticky":false,"template":"","format":"standard","meta":[],"categories":[32],"tags":[625,1131,626,220,92],"_links":{"self":[{"href":"https:\/\/bisbalpenedes.com\/web\/wp-json\/wp\/v2\/posts\/8413"}],"collection":[{"href":"https:\/\/bisbalpenedes.com\/web\/wp-json\/wp\/v2\/posts"}],"about":[{"href":"https:\/\/bisbalpenedes.com\/web\/wp-json\/wp\/v2\/types\/post"}],"author":[{"embeddable":true,"href":"https:\/\/bisbalpenedes.com\/web\/wp-json\/wp\/v2\/users\/4"}],"replies":[{"embeddable":true,"href":"https:\/\/bisbalpenedes.com\/web\/wp-json\/wp\/v2\/comments?post=8413"}],"version-history":[{"count":1,"href":"https:\/\/bisbalpenedes.com\/web\/wp-json\/wp\/v2\/posts\/8413\/revisions"}],"predecessor-version":[{"id":8418,"href":"https:\/\/bisbalpenedes.com\/web\/wp-json\/wp\/v2\/posts\/8413\/revisions\/8418"}],"wp:featuredmedia":[{"embeddable":true,"href":"https:\/\/bisbalpenedes.com\/web\/wp-json\/wp\/v2\/media\/8415"}],"wp:attachment":[{"href":"https:\/\/bisbalpenedes.com\/web\/wp-json\/wp\/v2\/media?parent=8413"}],"wp:term":[{"taxonomy":"category","embeddable":true,"href":"https:\/\/bisbalpenedes.com\/web\/wp-json\/wp\/v2\/categories?post=8413"},{"taxonomy":"post_tag","embeddable":true,"href":"https:\/\/bisbalpenedes.com\/web\/wp-json\/wp\/v2\/tags?post=8413"}],"curies":[{"name":"wp","href":"https:\/\/api.w.org\/{rel}","templated":true}]}}