{"id":8401,"date":"2019-01-17T11:46:36","date_gmt":"2019-01-17T10:46:36","guid":{"rendered":"http:\/\/bisbalpenedes.com\/web\/?p=8401"},"modified":"2019-01-17T11:46:36","modified_gmt":"2019-01-17T10:46:36","slug":"la-cambra-de-comerc-de-tarragona-dona-suport-al-projecte-docupacio-per-a-persones-amb-risc-dexclusio-integrals","status":"publish","type":"post","link":"https:\/\/bisbalpenedes.com\/web\/2019\/01\/17\/la-cambra-de-comerc-de-tarragona-dona-suport-al-projecte-docupacio-per-a-persones-amb-risc-dexclusio-integrals\/","title":{"rendered":"La Cambra de Comer\u00e7 de Tarragona dona suport al projecte d\u2019ocupaci\u00f3 per a persones amb risc d\u2019exclusi\u00f3 \u2018Integra\u2019ls\u2019"},"content":{"rendered":"<figure id=\"attachment_8404\" aria-describedby=\"caption-attachment-8404\" style=\"width: 630px\" class=\"wp-caption aligncenter\"><a href=\"http:\/\/bisbalpenedes.com\/web\/wp-content\/uploads\/2019\/01\/FOTO-INTEGRALS-I-CAMBRA-DE-COMERc.jpg\"><img loading=\"lazy\" class=\"size-large wp-image-8404\" src=\"http:\/\/bisbalpenedes.com\/web\/wp-content\/uploads\/2019\/01\/FOTO-INTEGRALS-I-CAMBRA-DE-COMERc-1024x768.jpg\" alt=\"D\u2019esquerra a dreta, hi apareixen: Jos\u00e9 Carlos Eiriz, director de la Fundaci\u00f3 Privada Santa Teresa; Agn\u00e8s Ferr\u00e9, alcaldessa de la Bisbal del Pened\u00e8s; Laura Roig\u00e9, presidenta de la Cambra de Comer\u00e7 de Tarragona; Isidre Also, secretari de la FEGP; i Daniel Mart\u00edn, director gerent de la Cambra de Comer\u00e7 de Tarragona.\" width=\"630\" height=\"473\" srcset=\"https:\/\/bisbalpenedes.com\/web\/wp-content\/uploads\/2019\/01\/FOTO-INTEGRALS-I-CAMBRA-DE-COMERc-1024x768.jpg 1024w, https:\/\/bisbalpenedes.com\/web\/wp-content\/uploads\/2019\/01\/FOTO-INTEGRALS-I-CAMBRA-DE-COMERc-600x450.jpg 600w, https:\/\/bisbalpenedes.com\/web\/wp-content\/uploads\/2019\/01\/FOTO-INTEGRALS-I-CAMBRA-DE-COMERc-300x225.jpg 300w, https:\/\/bisbalpenedes.com\/web\/wp-content\/uploads\/2019\/01\/FOTO-INTEGRALS-I-CAMBRA-DE-COMERc-768x576.jpg 768w\" sizes=\"(max-width: 630px) 100vw, 630px\" \/><\/a><figcaption id=\"caption-attachment-8404\" class=\"wp-caption-text\">D\u2019esquerra a dreta, hi apareixen: Jos\u00e9 Carlos Eiriz, director de la Fundaci\u00f3 Privada Santa Teresa; Agn\u00e8s Ferr\u00e9, alcaldessa de la Bisbal del Pened\u00e8s; Laura Roig\u00e9, presidenta de la Cambra de Comer\u00e7 de Tarragona; Isidre Also, secretari de la FEGP; i Daniel Mart\u00edn, director gerent de la Cambra de Comer\u00e7 de Tarragona.<\/figcaption><\/figure>\n<p style=\"text-align: justify;\"><span style=\"color: #000000;\">La Cambra de Comer\u00e7 donar\u00e0 suport al projecte d\u2019ocupaci\u00f3 per a persones amb risc d\u2019exclusi\u00f3 <strong>Integra\u2019ls<\/strong>. Aix\u00ed s\u2019ha acordat despr\u00e9s que els portaveus del projecte es reunissin, la setmana passada, amb els representants de la Cambra de Comer\u00e7.<\/span><\/p>\n<p style=\"text-align: justify;\"><span style=\"color: #000000;\">L\u2019Ajuntament de la Bisbal del Pened\u00e8s, la Federaci\u00f3 Empresarial del Gran Pened\u00e8s (FEGP) i la Fundaci\u00f3 Privada Santa Teresa del Vendrell han iniciat la ronda de presentacions del projecte <strong>Integra\u2019ls<\/strong>, una iniciativa que t\u00e9 l\u2019objectiu d\u2019ocupar persones amb risc d\u2019exclusi\u00f3 als pol\u00edgons industrials de la Bisbal. La setmana passada, durant la reuni\u00f3 que va tenir lloc a Tarragona, la Cambra de Comer\u00e7 va accedir a donar suport al projecte mitjan\u00e7ant formacions adaptades a les necessitats de perfils professionals de les empreses dels pol\u00edgons industrials bisbalencs, una col\u00b7laboraci\u00f3 que comen\u00e7ar\u00e0 de forma imminent, ja que s\u2019ha acordat tenir en compte les persones amb dificultats en la propera formaci\u00f3 <a style=\"color: #000000;\" href=\"http:\/\/bisbalpenedes.com\/web\/2019\/01\/15\/la-bisbal-acollira-una-formacio-adaptada-als-llocs-de-treball-duna-empresa-bisbalenca-que-properament-contractara-treballadors\/\" target=\"_blank\">PICE<\/a> que es dur\u00e0 a terme a la Bisbal del Pened\u00e8s i que est\u00e0 adaptada als llocs de treball d\u2019una empresa bisbalenca que preveu una selecci\u00f3 de personal properament. La presentaci\u00f3 d\u2019aquesta formaci\u00f3 es dur\u00e0 a terme el 22 de gener a les 10h al Centre Municipal de Cultura (CMC) de la Bisbal del Pened\u00e8s.<\/span><\/p>\n<p style=\"text-align: justify;\"><span style=\"color: #000000;\"><strong>CONTINUA LA RONDA DE REUNIONS<\/strong><\/span><\/p>\n<p style=\"text-align: justify;\"><span style=\"color: #000000;\">Els representants del projecte <strong>Integra\u2019ls<\/strong> estan treballant per fer arribar el projecte a les entitats, administracions i empreses del territori amb la finalitat de fer xarxa i aconseguir el m\u00e0xim de col\u00b7laboracions possibles per tirar endavant el projecte amb el m\u00e0xim de garanties. En els \u00faltims dies s\u2019ha presentat el projecte a la Diputaci\u00f3 de Tarragona, on ha tingut una bona acollida, i s\u2019han realitzat visites a diverses empreses dels pol\u00edgons industrials bisbalencs. Durant les properes setmanes es continuaran visitant empreses i es presentar\u00e0 el projecte a l\u2019Oficina del Treball de la Generalitat (OTG) del Vendrell i a l\u2019equip docent de l\u2019Institut Coster de la Torre de la Bisbal del Pened\u00e8s.<\/span><\/p>\n<p style=\"text-align: justify;\"><span style=\"color: #000000;\"><strong>INTEGRA\u2019LS<\/strong><\/span><\/p>\n<p style=\"text-align: justify;\"><span style=\"color: #000000;\"><strong>Integra\u2019ls<\/strong> \u00e9s un projecte de l\u2019Ajuntament de la Bisbal del Pened\u00e8s, la Federaci\u00f3 Empresarial del Gran Pened\u00e8s (FEGP) i la Fundaci\u00f3 Privada Santa Teresa del Vendrell, que insta l\u2019empresariat a incorporar persones amb dificultats f\u00edsiques, intel\u00b7lectuals, mentals o socials amb el prop\u00f2sit que els empresaris defineixin llocs de treball per poder formar persones amb risc d\u2019exclusi\u00f3 perqu\u00e8 els puguin ocupar. Segons l\u2019alcaldessa Agn\u00e8s Ferr\u00e9, \u201cel prop\u00f2sit del programa \u00e9s apropar les persones d\u2019aquests perfils a les empreses i propiciar la seva contractaci\u00f3 i aix\u00ed promoure la igualtat d\u2019oportunitats en l\u2019\u00e0mbit laboral i professional\u201d.<\/span><\/p>\n<p style=\"text-align: justify;\"><span style=\"color: #000000;\">Els dos objectius principals d\u2019<strong>Integra\u2019ls<\/strong> s\u00f3n:<\/span><\/p>\n<ul style=\"text-align: justify;\">\n<li><span style=\"color: #000000;\">Aconseguir inserir 50 persones entre el 2019 i el 2020<\/span><\/li>\n<li><span style=\"color: #000000;\">Que les empreses, amb el suport constant d\u2019<strong>Integra\u2019ls<\/strong>, millorin la situaci\u00f3 de vulnerabilitat de les persones amb m\u00e9s dificultats d\u2019inserci\u00f3 i que, incorporant-les a la seva plantilla, puguin ser treballadores responsables i, per tant, estables.<\/span><\/li>\n<\/ul>\n<hr \/>\n<p style=\"text-align: justify;\"><span style=\"color: #000000;\"><strong>CASTELLANO |<\/strong> La Cambra de Comer\u00e7 apoyar\u00e1 el proyecto de ocupaci\u00f3n para personas con riesgo de exclusi\u00f3n <strong>Integra&#8217;ls<\/strong>. As\u00ed se ha acordado despu\u00e9s que los portavoces del proyecto se reuniesen, la semana pasada, con los representantes de la Cambra de Comer\u00e7.<\/span><\/p>\n<p style=\"text-align: justify;\"><span style=\"color: #000000;\">El Ayuntamiento de la Bisbal del Pened\u00e8s, la Federaci\u00f3 Empresarial del Gran Pened\u00e8s (FEGP) y la Fundaci\u00f3 Privada Santa Teresa del Vendrell han iniciado la ronda de presentaciones del proyecto <strong>Integra&#8217;ls<\/strong>, una iniciativa que tiene el objetivo de ocupar personas con riesgo de exclusi\u00f3n en los pol\u00edgonos industriales de la Bisbal. La semana pasada, durante la reuni\u00f3n que tuvo lugar en Tarragona, la Cambra de Comer\u00e7 accedi\u00f3 a respaldar el proyecto mediante formaciones dirigidas a las necesidades de perfiles profesionales de las empresas de los pol\u00edgonos industriales bisbalencs, una colaboraci\u00f3n que empezar\u00e1 de forma inminente, ya que se ha acordado tener en cuenta\u00a0 a las personas con dificultades en la pr\u00f3xima formaci\u00f3n <a style=\"color: #000000;\" href=\"http:\/\/bisbalpenedes.com\/web\/2019\/01\/15\/la-bisbal-acollira-una-formacio-adaptada-als-llocs-de-treball-duna-empresa-bisbalenca-que-properament-contractara-treballadors\/\" target=\"_blank\">PICE <\/a>que se llevar\u00e1 a cabo en la Bisbal del pened\u00e8s y que est\u00e1 adaptada a los puestos de trabajo de una empresa bisbalenca que prev\u00e9 una selecci\u00f3n de personal pr\u00f3ximamente. La presentaci\u00f3n de esta formaci\u00f3n se llevar\u00e1 a cabo el 22 de enero a las 10h en el Centre Municipal de Cultura (CMC) de la Bisbal del Pened\u00e8s.<\/span><\/p>\n<p style=\"text-align: justify;\"><span style=\"color: #000000;\"><strong>CONTIN\u00daA LA RONDA DE REUNIONES<\/strong><\/span><\/p>\n<p style=\"text-align: justify;\"><span style=\"color: #000000;\">Los representantes del proyecto <strong>Integra&#8217;ls<\/strong> est\u00e1n trabajando para hacer llegar el proyecto a las entidades, administraciones y empresas del territorio con la finalidad de hacer red y conseguir el m\u00e1ximo de colaboraciones posibles para llevar a cabo el proyecto con el m\u00e1ximo de garant\u00edas. En los \u00faltimos d\u00edas se ha presentado el proyecto en la Diputaci\u00f3 de Tarragona, donde ha tenido una buena acogida, y se han realizado visitas a varias empresas de los pol\u00edgonos industriales de la Bisbal. Durante las pr\u00f3ximas semanas se continuar\u00e1n visitando empresas y se presentar\u00e1 el proyecto en la Oficina de Trabajo de la Generalitat (OTG) del Vendrell y tambi\u00e9n al equipo docente del Institut Coster de la Torre de la Bisbal del Pened\u00e8s.<\/span><\/p>\n<p style=\"text-align: justify;\"><span style=\"color: #000000;\"><strong>INTEGRA\u2019LS<\/strong><\/span><\/p>\n<p style=\"text-align: justify;\"><span style=\"color: #000000;\"><strong>Integra\u2019ls<\/strong>\u00a0es un proyecto del Ayuntamiento de la Bisbal del Pened\u00e8s, la Federaci\u00f3 Empresarial del Gran Pened\u00e8s (FEGP) y la Fundaci\u00f3 Privada Santa Teresa del Vendrell, que insta al empresariado a incorporar a personas con dificultades f\u00edsicas, intelectuales, mentales o sociales con el prop\u00f3sito que los empresarios definiesen puestos de trabajo para poder formar a personas con riesgo de exclusi\u00f3n para qu\u00e9 los puedan ocupar. Seg\u00fan la alcaldesa Agn\u00e8s Ferr\u00e9, &#8220;el prop\u00f3sito del programa es acercar a las personas de estos perfiles a las empresas y propiciar su contrataci\u00f3n y as\u00ed promover la igualdad de oportunidades en el \u00e1mbito laboral y profesional&#8221;.<\/span><\/p>\n<p style=\"text-align: justify;\"><span style=\"color: #000000;\">Los dos objetivos principales de<strong> Integra&#8217;ls<\/strong> son:<\/span><\/p>\n<ul>\n<li style=\"text-align: justify;\"><span style=\"color: #000000;\">Conseguir insertar a 50 personas entre el 2019 y el 2020<\/span><\/li>\n<li style=\"text-align: justify;\"><span style=\"color: #000000;\">Que las empresas, con el apoyo constante de Integra&#8217;ls, mejoren la situaci\u00f3n de vulnerabilidad de las personas con m\u00e1s dificultades de inserci\u00f3n y que, incorpor\u00e1ndolos en su plantilla, puedan ser trabajadores responsables y, por consiguiente, estables.<\/span><\/li>\n<\/ul>\n","protected":false},"excerpt":{"rendered":"<p>La Cambra de Comer\u00e7 donar\u00e0 suport al projecte d\u2019ocupaci\u00f3 per a persones amb risc d\u2019exclusi\u00f3 Integra\u2019ls. Aix\u00ed s\u2019ha acordat despr\u00e9s que els portaveus del projecte es reunissin, la setmana passada, &hellip; <a href=\"https:\/\/bisbalpenedes.com\/web\/2019\/01\/17\/la-cambra-de-comerc-de-tarragona-dona-suport-al-projecte-docupacio-per-a-persones-amb-risc-dexclusio-integrals\/\" class=\"more-link\">Read More<\/a><\/p>\n","protected":false},"author":4,"featured_media":8404,"comment_status":"closed","ping_status":"closed","sticky":false,"template":"","format":"standard","meta":[],"categories":[8,9],"tags":[1251,1327,2769,443,2770,2013,2760,2623,2768],"_links":{"self":[{"href":"https:\/\/bisbalpenedes.com\/web\/wp-json\/wp\/v2\/posts\/8401"}],"collection":[{"href":"https:\/\/bisbalpenedes.com\/web\/wp-json\/wp\/v2\/posts"}],"about":[{"href":"https:\/\/bisbalpenedes.com\/web\/wp-json\/wp\/v2\/types\/post"}],"author":[{"embeddable":true,"href":"https:\/\/bisbalpenedes.com\/web\/wp-json\/wp\/v2\/users\/4"}],"replies":[{"embeddable":true,"href":"https:\/\/bisbalpenedes.com\/web\/wp-json\/wp\/v2\/comments?post=8401"}],"version-history":[{"count":2,"href":"https:\/\/bisbalpenedes.com\/web\/wp-json\/wp\/v2\/posts\/8401\/revisions"}],"predecessor-version":[{"id":8405,"href":"https:\/\/bisbalpenedes.com\/web\/wp-json\/wp\/v2\/posts\/8401\/revisions\/8405"}],"wp:featuredmedia":[{"embeddable":true,"href":"https:\/\/bisbalpenedes.com\/web\/wp-json\/wp\/v2\/media\/8404"}],"wp:attachment":[{"href":"https:\/\/bisbalpenedes.com\/web\/wp-json\/wp\/v2\/media?parent=8401"}],"wp:term":[{"taxonomy":"category","embeddable":true,"href":"https:\/\/bisbalpenedes.com\/web\/wp-json\/wp\/v2\/categories?post=8401"},{"taxonomy":"post_tag","embeddable":true,"href":"https:\/\/bisbalpenedes.com\/web\/wp-json\/wp\/v2\/tags?post=8401"}],"curies":[{"name":"wp","href":"https:\/\/api.w.org\/{rel}","templated":true}]}}