{"id":8394,"date":"2019-01-16T17:24:48","date_gmt":"2019-01-16T16:24:48","guid":{"rendered":"http:\/\/bisbalpenedes.com\/web\/?p=8394"},"modified":"2019-01-16T18:11:50","modified_gmt":"2019-01-16T17:11:50","slug":"la-bisbal-del-penedes-se-suma-al-pacte-penedes-maritim-per-reclamar-millores-quant-a-mobilitat-i-infraestructures","status":"publish","type":"post","link":"https:\/\/bisbalpenedes.com\/web\/2019\/01\/16\/la-bisbal-del-penedes-se-suma-al-pacte-penedes-maritim-per-reclamar-millores-quant-a-mobilitat-i-infraestructures\/","title":{"rendered":"La Bisbal del Pened\u00e8s se suma al Pacte del Pened\u00e8s Mar\u00edtim per reclamar millores en mobilitat i infraestructures"},"content":{"rendered":"<p style=\"text-align: justify;\"><a href=\"http:\/\/bisbalpenedes.com\/web\/wp-content\/uploads\/2019\/01\/FOTO-GRUP-PENEDES-MARITIM-e1547655441852.jpg\"><img loading=\"lazy\" class=\"aligncenter size-large wp-image-8395\" src=\"http:\/\/bisbalpenedes.com\/web\/wp-content\/uploads\/2019\/01\/FOTO-GRUP-PENEDES-MARITIM-e1547655441852-1024x879.jpg\" alt=\"FOTO GRUP PENEDES MARITIM\" width=\"630\" height=\"541\" srcset=\"https:\/\/bisbalpenedes.com\/web\/wp-content\/uploads\/2019\/01\/FOTO-GRUP-PENEDES-MARITIM-e1547655441852-1024x879.jpg 1024w, https:\/\/bisbalpenedes.com\/web\/wp-content\/uploads\/2019\/01\/FOTO-GRUP-PENEDES-MARITIM-e1547655441852-600x515.jpg 600w, https:\/\/bisbalpenedes.com\/web\/wp-content\/uploads\/2019\/01\/FOTO-GRUP-PENEDES-MARITIM-e1547655441852-300x258.jpg 300w, https:\/\/bisbalpenedes.com\/web\/wp-content\/uploads\/2019\/01\/FOTO-GRUP-PENEDES-MARITIM-e1547655441852-768x659.jpg 768w\" sizes=\"(max-width: 630px) 100vw, 630px\" \/><\/a><\/p>\n<p style=\"text-align: justify;\"><span style=\"color: #000000;\">Aquest dimecres 16 de gener, al migdia, ha tingut lloc la reuni\u00f3 de constituci\u00f3 del Pacte del Pened\u00e8s Mar\u00edtim, un projecte impulsat des dels Consells Comarcals del Baix Pened\u00e8s i el Garraf que t\u00e9 com a finalitat reduir el greuge de les comarques del Baix Pened\u00e8s i el Garraf, vers l\u2019\u00c0rea Metropolitana, quant a la mobilitat i les infraestructures. El Pacte persegueix, entre altres objectius, arribar a acords per reduir el cost del peatge de la C-32 i aconseguir bonificacions per als usuaris residents a la zona.<\/span><\/p>\n<p style=\"text-align: justify;\"><span style=\"color: #000000;\">En la reuni\u00f3 d\u2019aquest dimecres, celebrada al Vendrell, s\u2019ha constitu\u00eft el Pacte del Pened\u00e8s Mar\u00edtim. L\u2019alcaldessa de la Bisbal del Pened\u00e8s, Agn\u00e8s Ferr\u00e9, s\u2019ha adherit a la iniciativa perqu\u00e8 \u201ctot i que la Bisbal del Pened\u00e8s \u00e9s un municipi d\u2019interior, els bisbalencs tamb\u00e9 pateixen l\u2019elevat cost de la C-32 entre el Garraf i el Baix Pened\u00e8s aix\u00ed com el sistema de zones que encareix el bitllet de tren quan s\u2019agafa des dels \u00faltims municipis de les l\u00ednies de trens que van de Barcelona a Sant Vicen\u00e7 de Calders\u201d.<\/span><\/p>\n<p style=\"text-align: justify;\"><a href=\"http:\/\/bisbalpenedes.com\/web\/wp-content\/uploads\/2019\/01\/PHOTO-2019-01-16-13-59-40.jpg\"><img loading=\"lazy\" class=\"aligncenter size-medium wp-image-8396\" src=\"http:\/\/bisbalpenedes.com\/web\/wp-content\/uploads\/2019\/01\/PHOTO-2019-01-16-13-59-40-234x300.jpg\" alt=\"PHOTO-2019-01-16-13-59-40\" width=\"234\" height=\"300\" srcset=\"https:\/\/bisbalpenedes.com\/web\/wp-content\/uploads\/2019\/01\/PHOTO-2019-01-16-13-59-40-234x300.jpg 234w, https:\/\/bisbalpenedes.com\/web\/wp-content\/uploads\/2019\/01\/PHOTO-2019-01-16-13-59-40-600x768.jpg 600w, https:\/\/bisbalpenedes.com\/web\/wp-content\/uploads\/2019\/01\/PHOTO-2019-01-16-13-59-40.jpg 649w\" sizes=\"(max-width: 234px) 100vw, 234px\" \/><\/a><\/p>\n<p style=\"text-align: justify;\"><span style=\"color: #000000;\">L\u2019acte d\u2019avui ha comptat amb la pres\u00e8ncia del delegat del Govern de la Generalitat al Pened\u00e8s, Pere Regull; la presidenta del Consell Comarcal del Baix Pened\u00e8s, Eva M. Serrami\u00e0; la presidenta del Consell Comarcal del Garraf, Gl\u00f2ria Garcia; el president del Consell Comarcal de l\u2019Alt Pened\u00e8s, Xavier Lluch; i els alcaldes i les alcaldesses del Garraf i el Baix Pened\u00e8s.<\/span><\/p>\n<hr \/>\n<p style=\"text-align: justify;\"><a href=\"http:\/\/bisbalpenedes.com\/web\/wp-content\/uploads\/2019\/01\/FOTO-GRUP-PENEDES-MARITIM-e1547655441852.jpg\"><img loading=\"lazy\" class=\"aligncenter size-large wp-image-8395\" src=\"http:\/\/bisbalpenedes.com\/web\/wp-content\/uploads\/2019\/01\/FOTO-GRUP-PENEDES-MARITIM-e1547655441852-1024x879.jpg\" alt=\"FOTO GRUP PENEDES MARITIM\" width=\"630\" height=\"541\" srcset=\"https:\/\/bisbalpenedes.com\/web\/wp-content\/uploads\/2019\/01\/FOTO-GRUP-PENEDES-MARITIM-e1547655441852-1024x879.jpg 1024w, https:\/\/bisbalpenedes.com\/web\/wp-content\/uploads\/2019\/01\/FOTO-GRUP-PENEDES-MARITIM-e1547655441852-600x515.jpg 600w, https:\/\/bisbalpenedes.com\/web\/wp-content\/uploads\/2019\/01\/FOTO-GRUP-PENEDES-MARITIM-e1547655441852-300x258.jpg 300w, https:\/\/bisbalpenedes.com\/web\/wp-content\/uploads\/2019\/01\/FOTO-GRUP-PENEDES-MARITIM-e1547655441852-768x659.jpg 768w\" sizes=\"(max-width: 630px) 100vw, 630px\" \/><\/a><\/p>\n<p style=\"text-align: justify;\"><span style=\"color: #000000;\"><strong>CASTELLANO |<\/strong> Este mi\u00e9rcoles 16 de enero, a mediod\u00eda, ha tenido lugar la reuni\u00f3n de constituci\u00f3n del Pacte del Pened\u00e8s Mar\u00edtim, un proyecto impulsado desde los Consells Comarcals del Baix Pened\u00e8s y el Garraf que tiene como finalidad reducir el agravio de las comarcas del Baix Pened\u00e8s y el Garraf, frente al \u00c1rea Metropolitana en cuanto a la movilidad y a las infraestructuras se refiere. El Pacto persigue, entre otros objetivos, llegar a acuerdos para reducir el coste del peaje de la C-32 y conseguir bonificaciones para los usuarios residentes en la zona.<\/span><\/p>\n<p style=\"text-align: justify;\"><span style=\"color: #000000;\">En la reuni\u00f3n de este mi\u00e9rcoles, celebrada en el Vendrell, se ha constituido el Pacte del Pened\u00e8s Mar\u00edtim. La alcaldesa de la Bisbal del Pened\u00e8s, Agn\u00e8s Ferr\u00e9, se ha adherido a la iniciativa porqu\u00e9 &#8220;aunque la Bisbal del Pened\u00e8s es un municipio de interior, los bisbalencs tambi\u00e9n sufrimos el elevado coste de la C-32 entre el Garraf y el Baix Pened\u00e8s as\u00ed como el sistema de zonas que encarece el billete de tren cuando se coge desde los \u00faltimos municipios de las l\u00edneas de trenes que van de Barcelona a Sant Vicen\u00e7 de Calders&#8221;.<\/span><\/p>\n<p style=\"text-align: justify;\"><a href=\"http:\/\/bisbalpenedes.com\/web\/wp-content\/uploads\/2019\/01\/PHOTO-2019-01-16-13-59-40.jpg\"><img loading=\"lazy\" class=\"aligncenter size-medium wp-image-8396\" src=\"http:\/\/bisbalpenedes.com\/web\/wp-content\/uploads\/2019\/01\/PHOTO-2019-01-16-13-59-40-234x300.jpg\" alt=\"PHOTO-2019-01-16-13-59-40\" width=\"234\" height=\"300\" srcset=\"https:\/\/bisbalpenedes.com\/web\/wp-content\/uploads\/2019\/01\/PHOTO-2019-01-16-13-59-40-234x300.jpg 234w, https:\/\/bisbalpenedes.com\/web\/wp-content\/uploads\/2019\/01\/PHOTO-2019-01-16-13-59-40-600x768.jpg 600w, https:\/\/bisbalpenedes.com\/web\/wp-content\/uploads\/2019\/01\/PHOTO-2019-01-16-13-59-40.jpg 649w\" sizes=\"(max-width: 234px) 100vw, 234px\" \/><\/a><\/p>\n<p style=\"text-align: justify;\"><span style=\"color: #000000;\">El acto de hoy ha contado con la presencia del delegado del Gobierno de la Generalitat en el Pened\u00e8s, Pere Regull, la presidenta del Consell Comarcal del Baix pened\u00e8s, Eva M. Serrami\u00e0, la presidenta del Consell Comarcal del Garraf, Gl\u00f2ria Garcia; el presidente del Consell Comarcal de l&#8217;Alt Pened\u00e8s, Xavier Lluch; y los alcaldes y alcaldesas del Garraf y el Baix Pened\u00e8s.<\/span><\/p>\n","protected":false},"excerpt":{"rendered":"<p>Aquest dimecres 16 de gener, al migdia, ha tingut lloc la reuni\u00f3 de constituci\u00f3 del Pacte del Pened\u00e8s Mar\u00edtim, un projecte impulsat des dels Consells Comarcals del Baix Pened\u00e8s i &hellip; <a href=\"https:\/\/bisbalpenedes.com\/web\/2019\/01\/16\/la-bisbal-del-penedes-se-suma-al-pacte-penedes-maritim-per-reclamar-millores-quant-a-mobilitat-i-infraestructures\/\" class=\"more-link\">Read More<\/a><\/p>\n","protected":false},"author":4,"featured_media":8395,"comment_status":"closed","ping_status":"closed","sticky":false,"template":"","format":"standard","meta":[],"categories":[2294],"tags":[1151,450,1056,1181,2766,2767],"_links":{"self":[{"href":"https:\/\/bisbalpenedes.com\/web\/wp-json\/wp\/v2\/posts\/8394"}],"collection":[{"href":"https:\/\/bisbalpenedes.com\/web\/wp-json\/wp\/v2\/posts"}],"about":[{"href":"https:\/\/bisbalpenedes.com\/web\/wp-json\/wp\/v2\/types\/post"}],"author":[{"embeddable":true,"href":"https:\/\/bisbalpenedes.com\/web\/wp-json\/wp\/v2\/users\/4"}],"replies":[{"embeddable":true,"href":"https:\/\/bisbalpenedes.com\/web\/wp-json\/wp\/v2\/comments?post=8394"}],"version-history":[{"count":4,"href":"https:\/\/bisbalpenedes.com\/web\/wp-json\/wp\/v2\/posts\/8394\/revisions"}],"predecessor-version":[{"id":8400,"href":"https:\/\/bisbalpenedes.com\/web\/wp-json\/wp\/v2\/posts\/8394\/revisions\/8400"}],"wp:featuredmedia":[{"embeddable":true,"href":"https:\/\/bisbalpenedes.com\/web\/wp-json\/wp\/v2\/media\/8395"}],"wp:attachment":[{"href":"https:\/\/bisbalpenedes.com\/web\/wp-json\/wp\/v2\/media?parent=8394"}],"wp:term":[{"taxonomy":"category","embeddable":true,"href":"https:\/\/bisbalpenedes.com\/web\/wp-json\/wp\/v2\/categories?post=8394"},{"taxonomy":"post_tag","embeddable":true,"href":"https:\/\/bisbalpenedes.com\/web\/wp-json\/wp\/v2\/tags?post=8394"}],"curies":[{"name":"wp","href":"https:\/\/api.w.org\/{rel}","templated":true}]}}