{"id":8386,"date":"2019-01-16T15:39:36","date_gmt":"2019-01-16T14:39:36","guid":{"rendered":"http:\/\/bisbalpenedes.com\/web\/?p=8386"},"modified":"2019-01-16T15:43:20","modified_gmt":"2019-01-16T14:43:20","slug":"les-obres-de-construccio-del-local-social-de-la-miralba-finalitzaran-aquest-mes-de-gener","status":"publish","type":"post","link":"https:\/\/bisbalpenedes.com\/web\/2019\/01\/16\/les-obres-de-construccio-del-local-social-de-la-miralba-finalitzaran-aquest-mes-de-gener\/","title":{"rendered":"Les obres de construcci\u00f3 del local social de la Miralba finalitzaran aquest mes de gener"},"content":{"rendered":"<p>&nbsp;<\/p>\n<figure id=\"attachment_8387\" aria-describedby=\"caption-attachment-8387\" style=\"width: 630px\" class=\"wp-caption aligncenter\"><a href=\"http:\/\/bisbalpenedes.com\/web\/wp-content\/uploads\/2019\/01\/LOCAL-SOCIAL-LA-MIRALBA-1.jpg\"><img loading=\"lazy\" class=\"wp-image-8387 size-large\" src=\"http:\/\/bisbalpenedes.com\/web\/wp-content\/uploads\/2019\/01\/LOCAL-SOCIAL-LA-MIRALBA-1-1024x768.jpg\" alt=\"LOCAL SOCIAL LA MIRALBA 1\" width=\"630\" height=\"473\" srcset=\"https:\/\/bisbalpenedes.com\/web\/wp-content\/uploads\/2019\/01\/LOCAL-SOCIAL-LA-MIRALBA-1-1024x768.jpg 1024w, https:\/\/bisbalpenedes.com\/web\/wp-content\/uploads\/2019\/01\/LOCAL-SOCIAL-LA-MIRALBA-1-600x450.jpg 600w, https:\/\/bisbalpenedes.com\/web\/wp-content\/uploads\/2019\/01\/LOCAL-SOCIAL-LA-MIRALBA-1-300x225.jpg 300w, https:\/\/bisbalpenedes.com\/web\/wp-content\/uploads\/2019\/01\/LOCAL-SOCIAL-LA-MIRALBA-1-768x576.jpg 768w\" sizes=\"(max-width: 630px) 100vw, 630px\" \/><\/a><figcaption id=\"caption-attachment-8387\" class=\"wp-caption-text\">Fotografia del local social de la Miralba realitzada aquest dilluns 14 de gener de 2019 durant una visita d&#8217;obres de la qual han pres part l&#8217;alcaldessa i altres membres de l&#8217;equip de govern, l&#8217;arquitecte de l&#8217;obra i membres de l&#8217;Associaci\u00f3 de Ve\u00efns de la Miralba.<\/figcaption><\/figure>\n<p style=\"text-align: justify;\"><span style=\"color: #000000;\">Les obres de construcci\u00f3 del local social de la Miralba, que van comen\u00e7ar el passat mes de juny, finalitzaran aquest mes de gener. L\u2019alcaldessa i regidora d\u2019Urbanisme, Agn\u00e8s Ferr\u00e9, ha explicat que \u201cuna vegada finalitzin les obres, s\u2019hauran de recepcionar i ja es podr\u00e0 fer \u00fas del local\u201d. Ferr\u00e9 s\u2019ha mostrat satisfeta pel fet que \u201caquest barri no tenia cap local social i els ve\u00efns havien expressat el seu desig de tenir-ne un en nombroses ocasions. Ara, aquesta petici\u00f3 s\u2019est\u00e0 fent realitat. Es tracta d\u2019un equipament que era necessari per a l\u2019Associaci\u00f3 de ve\u00efns de la Miralba, que en moltes ocasions s\u2019havia hagut de reunir al carrer, per\u00f2 tamb\u00e9 per als ve\u00efns de la zona, que tindran un punt de trobada i un lloc on realitzar activitats\u201d.<\/span><\/p>\n<p style=\"text-align: justify;\"><span style=\"color: #000000;\">El projecte de creaci\u00f3 del local social de la Miralba, per a l\u2019\u00fas dels ve\u00efns, es va iniciar el 2016, quan la Regidoria d\u2019Urbanisme va iniciar el procediment per a la construcci\u00f3 d\u2019un local al carrer Gladiol, 6 de la Miralba. El cost total de l\u2019execuci\u00f3 de l\u2019obra ha estat de 239.376,15\u20ac (IVA incl\u00f2s), dels quals 215.438,54\u20ac es pagaran amb la subvenci\u00f3 del Pla d\u2019Acci\u00f3 Municipal (PAM) de la Diputaci\u00f3 de Tarragona i, la resta, amb fons propis municipals.<\/span><\/p>\n<p style=\"text-align: justify;\"><span style=\"color: #000000;\">El local social s\u2019ha projectat, des d\u2019un primer moment, en comunicaci\u00f3 amb l\u2019Associaci\u00f3 de ve\u00efns de la Miralba, que ha donat el seu vistiplau als passos que s\u2019han anat seguint. La superf\u00edcie constru\u00efda del local, ubicat al carrer Gladiol, \u00e9s de 230,33 m\u00b2 i compta amb una sala polivalent, dos despatxos, lavabos, bar, magatzem i porxos. A m\u00e9s del local, l\u2019Ajuntament preveu adequar un terreny d\u2019equipaments municipals que est\u00e0 ubicat just al costat del local social.<\/span><\/p>\n<hr \/>\n<p style=\"text-align: justify;\"><a href=\"http:\/\/bisbalpenedes.com\/web\/wp-content\/uploads\/2019\/01\/LOCAL-SOCIAL-LA-MIRALBA-2.jpg\"><img loading=\"lazy\" class=\"aligncenter size-large wp-image-8388\" src=\"http:\/\/bisbalpenedes.com\/web\/wp-content\/uploads\/2019\/01\/LOCAL-SOCIAL-LA-MIRALBA-2-1024x768.jpg\" alt=\"LOCAL SOCIAL LA MIRALBA 2\" width=\"630\" height=\"473\" srcset=\"https:\/\/bisbalpenedes.com\/web\/wp-content\/uploads\/2019\/01\/LOCAL-SOCIAL-LA-MIRALBA-2-1024x768.jpg 1024w, https:\/\/bisbalpenedes.com\/web\/wp-content\/uploads\/2019\/01\/LOCAL-SOCIAL-LA-MIRALBA-2-600x450.jpg 600w, https:\/\/bisbalpenedes.com\/web\/wp-content\/uploads\/2019\/01\/LOCAL-SOCIAL-LA-MIRALBA-2-300x225.jpg 300w, https:\/\/bisbalpenedes.com\/web\/wp-content\/uploads\/2019\/01\/LOCAL-SOCIAL-LA-MIRALBA-2-768x576.jpg 768w\" sizes=\"(max-width: 630px) 100vw, 630px\" \/><\/a><\/p>\n<p style=\"text-align: justify;\"><span style=\"color: #000000;\"><strong>CASTELLANO |<\/strong> Las obras de construcci\u00f3n del local social de la Miralba, que empezaron el pasado mes de junio, finalizar\u00e1n este mes de enero. La alcaldesa y regidora de Urbanismo, Agn\u00e8s Ferr\u00e9, ha explicado que &#8220;una vez finalicen las obras, se deber\u00e1 recepcionar y ya se podr\u00e1 hacer uso del local&#8221;. Ferr\u00e9 se ha mostrado satisfecha por el hecho que &#8220;este barrio no ten\u00eda ning\u00fan local social y los vecinos hab\u00edan expresado su deseo de tener uno en numerosas ocasiones. Ahora, esta petici\u00f3n se est\u00e1 haciendo realidad. Se trata de un equipamiento que era necesario para la Asociaci\u00f3n de vecinos de la Miralba, que en muchas ocasiones se hab\u00eda tenido que reunir en la calle, pero tambi\u00e9n para los vecinos de la zona, que tendr\u00e1n un punto de encuentro y un lugar donde realizar actividades&#8221;.<\/span><\/p>\n<p style=\"text-align: justify;\"><span style=\"color: #000000;\">El proyecto de creaci\u00f3n del local social de la Miralba, para el uso de los vecinos, se inici\u00f3 en el a\u00f1o 2016, cuando la Regidoria de Urbanismo inici\u00f3 el procedimiento para la construcci\u00f3n de un local en la calle Gladiol, 6 de la Miralba. El coste total de la ejecuci\u00f3n de la obra ha sido de 239.376,15\u20ac (IVA incluido), de los cuales 215.438,54\u20ac se pagar\u00e1n con la subvenci\u00f3n del Plan de Acci\u00f3n Municipal (PAM) de la Diputaci\u00f3n de Tarragona y, el resto, con fondos propios municipales.<\/span><\/p>\n<p style=\"text-align: justify;\"><span style=\"color: #000000;\">El local social se ha proyectado, desde un primer momento, en comunicaci\u00f3n con la Asociaci\u00f3n de vecinos de la Miralba, que ha dado su visto bueno a los pasos que se han ido siguiendo. La superficie construida del local, ubicado en la calle Gladiol, es de 230,33\u00a0m\u00b2 y cuenta con una sala polivalente, dos despachos, lavabos, bar, almac\u00e9n y porches. Adem\u00e1s del local, el Ayuntamiento prev\u00e9 adecuar un terreno de equipamientos municipales que est\u00e1 ubicado justo al lado del local social.<\/span><\/p>\n","protected":false},"excerpt":{"rendered":"<p>&nbsp; Les obres de construcci\u00f3 del local social de la Miralba, que van comen\u00e7ar el passat mes de juny, finalitzaran aquest mes de gener. L\u2019alcaldessa i regidora d\u2019Urbanisme, Agn\u00e8s Ferr\u00e9, &hellip; <a href=\"https:\/\/bisbalpenedes.com\/web\/2019\/01\/16\/les-obres-de-construccio-del-local-social-de-la-miralba-finalitzaran-aquest-mes-de-gener\/\" class=\"more-link\">Read More<\/a><\/p>\n","protected":false},"author":4,"featured_media":8387,"comment_status":"closed","ping_status":"closed","sticky":false,"template":"","format":"standard","meta":[],"categories":[15],"tags":[1151,725,246,1071,247,21,2765,199],"_links":{"self":[{"href":"https:\/\/bisbalpenedes.com\/web\/wp-json\/wp\/v2\/posts\/8386"}],"collection":[{"href":"https:\/\/bisbalpenedes.com\/web\/wp-json\/wp\/v2\/posts"}],"about":[{"href":"https:\/\/bisbalpenedes.com\/web\/wp-json\/wp\/v2\/types\/post"}],"author":[{"embeddable":true,"href":"https:\/\/bisbalpenedes.com\/web\/wp-json\/wp\/v2\/users\/4"}],"replies":[{"embeddable":true,"href":"https:\/\/bisbalpenedes.com\/web\/wp-json\/wp\/v2\/comments?post=8386"}],"version-history":[{"count":5,"href":"https:\/\/bisbalpenedes.com\/web\/wp-json\/wp\/v2\/posts\/8386\/revisions"}],"predecessor-version":[{"id":8393,"href":"https:\/\/bisbalpenedes.com\/web\/wp-json\/wp\/v2\/posts\/8386\/revisions\/8393"}],"wp:featuredmedia":[{"embeddable":true,"href":"https:\/\/bisbalpenedes.com\/web\/wp-json\/wp\/v2\/media\/8387"}],"wp:attachment":[{"href":"https:\/\/bisbalpenedes.com\/web\/wp-json\/wp\/v2\/media?parent=8386"}],"wp:term":[{"taxonomy":"category","embeddable":true,"href":"https:\/\/bisbalpenedes.com\/web\/wp-json\/wp\/v2\/categories?post=8386"},{"taxonomy":"post_tag","embeddable":true,"href":"https:\/\/bisbalpenedes.com\/web\/wp-json\/wp\/v2\/tags?post=8386"}],"curies":[{"name":"wp","href":"https:\/\/api.w.org\/{rel}","templated":true}]}}