{"id":8378,"date":"2019-01-15T11:02:50","date_gmt":"2019-01-15T10:02:50","guid":{"rendered":"http:\/\/bisbalpenedes.com\/web\/?p=8378"},"modified":"2019-01-15T11:02:50","modified_gmt":"2019-01-15T10:02:50","slug":"la-sortida-de-lassociacio-de-jubilats-a-blancafort-es-fara-el-dia-30-de-gener","status":"publish","type":"post","link":"https:\/\/bisbalpenedes.com\/web\/2019\/01\/15\/la-sortida-de-lassociacio-de-jubilats-a-blancafort-es-fara-el-dia-30-de-gener\/","title":{"rendered":"La sortida de l&#8217;Associaci\u00f3 de Jubilats a Blancafort es far\u00e0 el dia 30 de gener"},"content":{"rendered":"<p><a href=\"http:\/\/bisbalpenedes.com\/web\/wp-content\/uploads\/2018\/12\/balneari-blancafort.jpg\"><img loading=\"lazy\" class=\"aligncenter size-large wp-image-8212\" src=\"http:\/\/bisbalpenedes.com\/web\/wp-content\/uploads\/2018\/12\/balneari-blancafort-1024x768.jpg\" alt=\"balneari blancafort\" width=\"630\" height=\"473\" srcset=\"https:\/\/bisbalpenedes.com\/web\/wp-content\/uploads\/2018\/12\/balneari-blancafort-1024x768.jpg 1024w, https:\/\/bisbalpenedes.com\/web\/wp-content\/uploads\/2018\/12\/balneari-blancafort-600x450.jpg 600w, https:\/\/bisbalpenedes.com\/web\/wp-content\/uploads\/2018\/12\/balneari-blancafort-300x225.jpg 300w, https:\/\/bisbalpenedes.com\/web\/wp-content\/uploads\/2018\/12\/balneari-blancafort-768x576.jpg 768w, https:\/\/bisbalpenedes.com\/web\/wp-content\/uploads\/2018\/12\/balneari-blancafort.jpg 1600w\" sizes=\"(max-width: 630px) 100vw, 630px\" \/><\/a><\/p>\n<p><span style=\"color: #000000;\">L&#8217;Associaci\u00f3 de Jubilats de la Bisbal del Pened\u00e8s ha organitzat una sortida per visitar el balneari de Blancafort &#8211; La Garriga, amb circuit termal i jornada gastron\u00f2mica. Inicialment estava prevista per al 16 de gener per\u00f2, finalment, es dur\u00e0 a terme el dia 30 de gener. Encara sou a temps d&#8217;apuntar-vos-hi!<\/span><\/p>\n<p><span style=\"color: #000000;\">Tant l&#8217;esmorzar com el dinar seran buffet al Balneari Blancafort i es visitar\u00e0 La Garriga. Tamb\u00e9 es podr\u00e0 accedir, durant 60 minuts, a la piscina termal SPA.\u00a0<\/span><\/p>\n<p><span style=\"color: #000000;\">Per a m\u00e9s informaci\u00f3 us podeu adre\u00e7ar al Rac\u00f3 de la Gent Gran, on trobareu l&#8217;Associaci\u00f3 de la Gent Gran.<\/span><\/p>\n<hr \/>\n<p><span style=\"color: #000000;\"><strong>CASTELLANO |<\/strong> La Associaci\u00f3 de Jubilats de la Bisbal del Pened\u00e8s ha organizado una salida para visitar el balneario de Blancafort &#8211; La Garriga, con circuito termal y jornada gastron\u00f3mica. Inicialmente estaba prevista para el 16 de enero pero, finalmente, se llevar\u00e1 a cabo el d\u00eda 30 de enero. \u00a1Todav\u00eda est\u00e1is a tiempo de apuntaros!<\/span><\/p>\n<p><span style=\"color: #000000;\">Tanto el desayuno como la comida ser\u00e1n de buffet en el Balnerario Blancafort y se visitar\u00e1 la Garriga. Tambi\u00e9n se podr\u00e1 acceder, durante 60 minutos, a la piscina termal SPA.<\/span><\/p>\n<p><span style=\"color: #000000;\">Para m\u00e1s informaci\u00f3n os pod\u00e9is dirigir al Rac\u00f3 de la Gent Gran, donde encontrar\u00e9is la Associaci\u00f3 de la Gent Gran.<\/span><\/p>\n","protected":false},"excerpt":{"rendered":"<p>L&#8217;Associaci\u00f3 de Jubilats de la Bisbal del Pened\u00e8s ha organitzat una sortida per visitar el balneari de Blancafort &#8211; La Garriga, amb circuit termal i jornada gastron\u00f2mica. Inicialment estava prevista &hellip; <a href=\"https:\/\/bisbalpenedes.com\/web\/2019\/01\/15\/la-sortida-de-lassociacio-de-jubilats-a-blancafort-es-fara-el-dia-30-de-gener\/\" class=\"more-link\">Read More<\/a><\/p>\n","protected":false},"author":4,"featured_media":8212,"comment_status":"closed","ping_status":"closed","sticky":false,"template":"","format":"standard","meta":[],"categories":[20,464],"tags":[2758,2694,565,127,2695,2759,2115],"_links":{"self":[{"href":"https:\/\/bisbalpenedes.com\/web\/wp-json\/wp\/v2\/posts\/8378"}],"collection":[{"href":"https:\/\/bisbalpenedes.com\/web\/wp-json\/wp\/v2\/posts"}],"about":[{"href":"https:\/\/bisbalpenedes.com\/web\/wp-json\/wp\/v2\/types\/post"}],"author":[{"embeddable":true,"href":"https:\/\/bisbalpenedes.com\/web\/wp-json\/wp\/v2\/users\/4"}],"replies":[{"embeddable":true,"href":"https:\/\/bisbalpenedes.com\/web\/wp-json\/wp\/v2\/comments?post=8378"}],"version-history":[{"count":1,"href":"https:\/\/bisbalpenedes.com\/web\/wp-json\/wp\/v2\/posts\/8378\/revisions"}],"predecessor-version":[{"id":8379,"href":"https:\/\/bisbalpenedes.com\/web\/wp-json\/wp\/v2\/posts\/8378\/revisions\/8379"}],"wp:featuredmedia":[{"embeddable":true,"href":"https:\/\/bisbalpenedes.com\/web\/wp-json\/wp\/v2\/media\/8212"}],"wp:attachment":[{"href":"https:\/\/bisbalpenedes.com\/web\/wp-json\/wp\/v2\/media?parent=8378"}],"wp:term":[{"taxonomy":"category","embeddable":true,"href":"https:\/\/bisbalpenedes.com\/web\/wp-json\/wp\/v2\/categories?post=8378"},{"taxonomy":"post_tag","embeddable":true,"href":"https:\/\/bisbalpenedes.com\/web\/wp-json\/wp\/v2\/tags?post=8378"}],"curies":[{"name":"wp","href":"https:\/\/api.w.org\/{rel}","templated":true}]}}