{"id":8375,"date":"2019-01-15T12:48:24","date_gmt":"2019-01-15T11:48:24","guid":{"rendered":"http:\/\/bisbalpenedes.com\/web\/?p=8375"},"modified":"2019-01-15T12:48:24","modified_gmt":"2019-01-15T11:48:24","slug":"la-bisbal-acollira-una-formacio-adaptada-als-llocs-de-treball-duna-empresa-bisbalenca-que-properament-contractara-treballadors","status":"publish","type":"post","link":"https:\/\/bisbalpenedes.com\/web\/2019\/01\/15\/la-bisbal-acollira-una-formacio-adaptada-als-llocs-de-treball-duna-empresa-bisbalenca-que-properament-contractara-treballadors\/","title":{"rendered":"La Bisbal acollir\u00e0 una formaci\u00f3 adaptada als llocs de treball d&#8217;una empresa bisbalenca que properament contractar\u00e0 treballadors"},"content":{"rendered":"<p><a href=\"http:\/\/bisbalpenedes.com\/web\/wp-content\/uploads\/2019\/01\/TREBALL-CAMBRA-COMERC.jpg\"><img loading=\"lazy\" class=\"aligncenter size-full wp-image-8376\" src=\"http:\/\/bisbalpenedes.com\/web\/wp-content\/uploads\/2019\/01\/TREBALL-CAMBRA-COMERC.jpg\" alt=\"TREBALL CAMBRA COMERC\" width=\"679\" height=\"960\" srcset=\"https:\/\/bisbalpenedes.com\/web\/wp-content\/uploads\/2019\/01\/TREBALL-CAMBRA-COMERC.jpg 679w, https:\/\/bisbalpenedes.com\/web\/wp-content\/uploads\/2019\/01\/TREBALL-CAMBRA-COMERC-600x848.jpg 600w, https:\/\/bisbalpenedes.com\/web\/wp-content\/uploads\/2019\/01\/TREBALL-CAMBRA-COMERC-212x300.jpg 212w\" sizes=\"(max-width: 679px) 100vw, 679px\" \/><\/a><\/p>\n<p><span style=\"color: #000000;\">El SOM Bisbal us informa que la Cambra de Comer\u00e7, en col\u00b7laboraci\u00f3 amb la Regidoria d&#8217;Ocupaci\u00f3, tira endavant\u00a0un nou Programa Integral de Cualificaci\u00f3n y Empleo (PICE). En aquesta ocasi\u00f3, s&#8217;oferir\u00e0\u00a0formaci\u00f3 transversal i gratu\u00efta, d&#8217;un total de\u00a095 hores, adaptada als llocs de treball d&#8217;una empresa bisbalenca que, properament, far\u00e0 una ampliaci\u00f3 i necessitar\u00e0 contractar un elevat nombre de treballadors. La formaci\u00f3 que s&#8217;ofereix \u00e9s per a 75 persones, distribu\u00efda en tres cursos.<\/span><\/p>\n<p><span style=\"color: #000000;\">Tot i que el projecte se centra en persones d&#8217;entre 18 i 24 anys,\u00a0s&#8217;ha acordat tenir\u00a0en compte aquelles persones contemplades en el projecte <a href=\"http:\/\/bisbalpenedes.com\/web\/2018\/11\/28\/lajuntament-crea-un-projecte-per-promoure-la-contractacio-de-presones-amb-dificultats-juntament-amb-la-fundacio-privada-santa-teresa-i-la-federacio-empresarial-del-gran-penedes\/\" target=\"_blank\">Integra&#8217;ls<\/a>, \u00e9s a dir, persones amb dificultats ps\u00edquiques, f\u00edsiques, mentals o socials.<\/span><\/p>\n<p><span style=\"color: #000000;\">La sessi\u00f3 informativa tindr\u00e0 lloc el proper dimarts 22 de gener a les 10h al Centre Municipal de Cultura (CMC) de la Bisbal del Pened\u00e8s. Per a m\u00e9s informaci\u00f3 us podeu adre\u00e7ar al SOM Bisbal, ubicat a l&#8217;Hotel d&#8217;Entitats, o podeu trucar al 977688438 (extensi\u00f3 5). Per confirmar assist\u00e8ncia a la xerrada o per inscriure-us al PICE cal que us adreceu al correu electr\u00f2nic <a href=\"mailto:pice@cambratgn.org\" target=\"_blank\">pice@cambratgn.org<\/a> o al tel\u00e8fon 977219676.<\/span><\/p>\n<p style=\"text-align: center;\"><span style=\"color: #33cccc;\">Aquest projecte compta amb la participaci\u00f3 d&#8217;<\/span><\/p>\n<p style=\"text-align: center;\"><a href=\"http:\/\/bisbalpenedes.com\/web\/wp-content\/uploads\/2019\/01\/IMG-20181107-WA0022-1.jpg\"><img loading=\"lazy\" class=\"aligncenter wp-image-8381 \" src=\"http:\/\/bisbalpenedes.com\/web\/wp-content\/uploads\/2019\/01\/IMG-20181107-WA0022-1-300x120.jpg\" alt=\"integrals logo\" width=\"138\" height=\"55\" srcset=\"https:\/\/bisbalpenedes.com\/web\/wp-content\/uploads\/2019\/01\/IMG-20181107-WA0022-1-300x120.jpg 300w, https:\/\/bisbalpenedes.com\/web\/wp-content\/uploads\/2019\/01\/IMG-20181107-WA0022-1-600x241.jpg 600w, https:\/\/bisbalpenedes.com\/web\/wp-content\/uploads\/2019\/01\/IMG-20181107-WA0022-1-768x308.jpg 768w, https:\/\/bisbalpenedes.com\/web\/wp-content\/uploads\/2019\/01\/IMG-20181107-WA0022-1.jpg 782w\" sizes=\"(max-width: 138px) 100vw, 138px\" \/><\/a><\/p>\n<hr \/>\n<p style=\"text-align: left;\"><span style=\"color: #000000;\">CASTELLANO | El SOM Bisbal os informa que la Cambra de Comer\u00e7, en colaboraci\u00f3n con la Regidoria d&#8217;Ocupaci\u00f3, lleva a cabo un nuevo Programa Integral de Cualificaci\u00f3n y Empleo (PICE). En esta ocasi\u00f3n, se ofrecer\u00e1 formaci\u00f3n transversal y gratuita, de un total de 95 horas, adaptada a los puestos de trabajo de una empresa bisbalenca que, pr\u00f3ximamente, har\u00e1 una ampliaci\u00f3n y necesitar\u00e1 contratar un elevado n\u00famero de trabajadores. La formaci\u00f3n que se ofrece es para 75 personas, distribuida en tres cursos.<\/span><\/p>\n<p style=\"text-align: left;\"><span style=\"color: #000000;\">Aunque el proyecto se centra en las personas de entre 18 y 24 a\u00f1os, se ha acordado tener en cuenta a aquellas personas contempladas en el proyecto <a href=\"http:\/\/bisbalpenedes.com\/web\/2018\/11\/28\/lajuntament-crea-un-projecte-per-promoure-la-contractacio-de-presones-amb-dificultats-juntament-amb-la-fundacio-privada-santa-teresa-i-la-federacio-empresarial-del-gran-penedes\/\" target=\"_blank\">Integra&#8217;ls<\/a>, es decir, personas con dificultades ps\u00edquicas, f\u00edsicas, mentales o sociales.<\/span><\/p>\n<p style=\"text-align: left;\"><span style=\"color: #000000;\">La sesi\u00f3n informativa tendr\u00e1 lugar el pr\u00f3ximo martes 22 de enero a las 10h en el Centre Municipal de Cultura (CMC) de la Bisbal del Pened\u00e8s. Para m\u00e1s informaci\u00f3n os pod\u00e9is dirigir al SOM Bisbal, ubicado en el Hotel d&#8217;Entitats, o pod\u00e9is llamar al 977688438 (extensi\u00f3n 5). Para confirmar asistencia a la charla o para inscribiros en el PICE, os ten\u00e9is que dirigir al correo electr\u00f3nico <a href=\"mailto:pice@cambratgn.org\" target=\"_blank\">pice@cambratgn.org<\/a> o al tel\u00e9fono 977219676.<\/span><\/p>\n<p style=\"text-align: center;\"><span style=\"color: #33cccc;\">Este proyecto cuenta con la participaci\u00f3n de<\/span><\/p>\n<p style=\"text-align: center;\"><a href=\"http:\/\/bisbalpenedes.com\/web\/wp-content\/uploads\/2019\/01\/IMG-20181107-WA0022-1.jpg\"><img loading=\"lazy\" class=\"aligncenter wp-image-8381 \" src=\"http:\/\/bisbalpenedes.com\/web\/wp-content\/uploads\/2019\/01\/IMG-20181107-WA0022-1-300x120.jpg\" alt=\"integrals logo\" width=\"131\" height=\"52\" srcset=\"https:\/\/bisbalpenedes.com\/web\/wp-content\/uploads\/2019\/01\/IMG-20181107-WA0022-1-300x120.jpg 300w, https:\/\/bisbalpenedes.com\/web\/wp-content\/uploads\/2019\/01\/IMG-20181107-WA0022-1-600x241.jpg 600w, https:\/\/bisbalpenedes.com\/web\/wp-content\/uploads\/2019\/01\/IMG-20181107-WA0022-1-768x308.jpg 768w, https:\/\/bisbalpenedes.com\/web\/wp-content\/uploads\/2019\/01\/IMG-20181107-WA0022-1.jpg 782w\" sizes=\"(max-width: 131px) 100vw, 131px\" \/><\/a><\/p>\n<p>&nbsp;<\/p>\n","protected":false},"excerpt":{"rendered":"<p>El SOM Bisbal us informa que la Cambra de Comer\u00e7, en col\u00b7laboraci\u00f3 amb la Regidoria d&#8217;Ocupaci\u00f3, tira endavant\u00a0un nou Programa Integral de Cualificaci\u00f3n y Empleo (PICE). En aquesta ocasi\u00f3, s&#8217;oferir\u00e0\u00a0formaci\u00f3 &hellip; <a href=\"https:\/\/bisbalpenedes.com\/web\/2019\/01\/15\/la-bisbal-acollira-una-formacio-adaptada-als-llocs-de-treball-duna-empresa-bisbalenca-que-properament-contractara-treballadors\/\" class=\"more-link\">Read More<\/a><\/p>\n","protected":false},"author":4,"featured_media":8376,"comment_status":"closed","ping_status":"closed","sticky":false,"template":"","format":"standard","meta":[],"categories":[8],"tags":[1251,2764,2763,2762,12,2761,2616,505,10,2760,271],"_links":{"self":[{"href":"https:\/\/bisbalpenedes.com\/web\/wp-json\/wp\/v2\/posts\/8375"}],"collection":[{"href":"https:\/\/bisbalpenedes.com\/web\/wp-json\/wp\/v2\/posts"}],"about":[{"href":"https:\/\/bisbalpenedes.com\/web\/wp-json\/wp\/v2\/types\/post"}],"author":[{"embeddable":true,"href":"https:\/\/bisbalpenedes.com\/web\/wp-json\/wp\/v2\/users\/4"}],"replies":[{"embeddable":true,"href":"https:\/\/bisbalpenedes.com\/web\/wp-json\/wp\/v2\/comments?post=8375"}],"version-history":[{"count":5,"href":"https:\/\/bisbalpenedes.com\/web\/wp-json\/wp\/v2\/posts\/8375\/revisions"}],"predecessor-version":[{"id":8385,"href":"https:\/\/bisbalpenedes.com\/web\/wp-json\/wp\/v2\/posts\/8375\/revisions\/8385"}],"wp:featuredmedia":[{"embeddable":true,"href":"https:\/\/bisbalpenedes.com\/web\/wp-json\/wp\/v2\/media\/8376"}],"wp:attachment":[{"href":"https:\/\/bisbalpenedes.com\/web\/wp-json\/wp\/v2\/media?parent=8375"}],"wp:term":[{"taxonomy":"category","embeddable":true,"href":"https:\/\/bisbalpenedes.com\/web\/wp-json\/wp\/v2\/categories?post=8375"},{"taxonomy":"post_tag","embeddable":true,"href":"https:\/\/bisbalpenedes.com\/web\/wp-json\/wp\/v2\/tags?post=8375"}],"curies":[{"name":"wp","href":"https:\/\/api.w.org\/{rel}","templated":true}]}}