{"id":8357,"date":"2019-01-11T10:50:31","date_gmt":"2019-01-11T09:50:31","guid":{"rendered":"http:\/\/bisbalpenedes.com\/web\/?p=8357"},"modified":"2019-01-11T10:54:09","modified_gmt":"2019-01-11T09:54:09","slug":"la-productora-zolen-films-dirigida-per-un-bisbalenc-opta-al-premi-de-la-mostra-internacional-de-cinema-educatiu","status":"publish","type":"post","link":"https:\/\/bisbalpenedes.com\/web\/2019\/01\/11\/la-productora-zolen-films-dirigida-per-un-bisbalenc-opta-al-premi-de-la-mostra-internacional-de-cinema-educatiu\/","title":{"rendered":"La productora Zolen Films, dirigida per un bisbalenc, opta al premi de la Mostra Internacional de Cinema Educatiu"},"content":{"rendered":"<p><span style=\"color: #000000;\">La productora Zolen Films, dirigida pel bisbalenc Toni Villaz\u00e1n, i l&#8217;Escola \u00c0ngel Guimer\u00e0 del Vendrell opten al premi de la Mostra Internacional de Cinema Educatiu de Val\u00e8ncia amb el curtmetratge &#8220;Una mirada de Pau&#8221;, inspirat en el m\u00fasic i compositor vendrellenc Pau Casals.<\/span><\/p>\n<p><span style=\"color: #000000;\">\u00c9s per aix\u00f2 que demanen el m\u00e0xim de visualitzacions d&#8217;aquest <a style=\"color: #000000;\" href=\"https:\/\/www.youtube.com\/watch?v=JFbLgr4fZ98&amp;fbclid=IwAR225ytFrCETbRsy_NPWE7_lShK4Wq-LfAowapk55fQE5syrfwna6Q3GwWc&amp;app=desktop\" target=\"_blank\">v\u00eddeo<\/a>:<\/span><\/p>\n<p><iframe loading=\"lazy\" title=\"MICE_EST_INFPRIM_13 &#039;&#039;UNA MIRADA DE PAU&#039;&#039;\" width=\"1170\" height=\"658\" src=\"https:\/\/www.youtube.com\/embed\/JFbLgr4fZ98?feature=oembed\" frameborder=\"0\" allow=\"accelerometer; autoplay; clipboard-write; encrypted-media; gyroscope; picture-in-picture\" allowfullscreen><\/iframe><\/p>\n<p><span style=\"color: #000000;\">L&#8217;equip de Zolen Films va engegar l&#8217;any 2011 i, fins a la data, ha enregistrat 3 llargmetratges i 5 curtmetratges propis, tot i que tamb\u00e9 ha col\u00b7laborat en altres projectes. El curtmetratge &#8216;Una mirada de Pau&#8217; va guanyar el Premi a Millor Curtmetratge de Centres Educatius del Festival Internacional de Cinema en Catal\u00e0 (2018) i ara opta al premi de la 7\u00aa Mostra Internacional de Cinema Educatiu (MICE).<\/span><\/p>\n<p><span style=\"color: #000000;\">Zolen Films tamb\u00e9 ha rebut, recentment, el premi a la millor direcci\u00f3 al Festival de Bogot\u00e1 (2018) amb el curtmetratge &#8220;Caf\u00e9 Solo&#8221;, que tamb\u00e9 va estar nominat al millor curtmetratge, i ha\u00a0projectat curtmetratge &#8216;Mach!&#8217;, enregistrat al Poliesportiu Municipal de la Bisbal del Pened\u00e8s, en la Sessi\u00f3 Especial de Curts del Festival Internacional de Cinema Fant\u00e0stic de Catalunya (el Festival de Sitges).<\/span><\/p>\n<hr \/>\n<p><span style=\"color: #000000;\"><strong>CASTELLANO |<\/strong> La productora Zolen Films, dirigida por el bisbalenc Toni Villaz\u00e1n, y la Escuela \u00c0ngel Guimer\u00e0 del Vendrell optan al premio de la Mostra Internacional de Cinema Educatiu de Val\u00e8ncia con el cortometraje &#8220;Una mirada de Pau&#8221;, inspirado en el m\u00fasico y compositor vendrellenc Pau Casals.<\/span><\/p>\n<p><span style=\"color: #000000;\">Es por este motivo que piden el m\u00e1ximo de visualizaciones de este\u00a0<a style=\"color: #000000;\" href=\"https:\/\/www.youtube.com\/watch?v=JFbLgr4fZ98&amp;fbclid=IwAR225ytFrCETbRsy_NPWE7_lShK4Wq-LfAowapk55fQE5syrfwna6Q3GwWc&amp;app=desktop\" target=\"_blank\">v\u00eddeo<\/a>:<\/span><\/p>\n<p><iframe loading=\"lazy\" title=\"MICE_EST_INFPRIM_13 &#039;&#039;UNA MIRADA DE PAU&#039;&#039;\" width=\"1170\" height=\"658\" src=\"https:\/\/www.youtube.com\/embed\/JFbLgr4fZ98?feature=oembed\" frameborder=\"0\" allow=\"accelerometer; autoplay; clipboard-write; encrypted-media; gyroscope; picture-in-picture\" allowfullscreen><\/iframe><\/p>\n<p><span style=\"color: #000000;\">El equipo de Zolen Films inici\u00f3 su andadura en el a\u00f1o 2011 y, hasta la fecha, ha grabado 3 largometrajes y 5 cortometrajes propios, aunque tambi\u00e9n ha colaborado en otros proyectos. El cortometraje &#8220;Una mirada de Pau&#8217; gan\u00f3 el Premio a Millor Curtmetratge de Centres Educatius del Festival Internacional de Cinema en Catal\u00e0 (2018) y ahora opta al premio de la 7\u00aa Mostra Internacional de Cinema Educatiu\u00a0(MICE)<\/span><\/p>\n<p><span style=\"color: #000000;\">Zolen Films tambi\u00e9n\u00a0 ha recibido, recientemente, el premio a la mejor direcci\u00f3n en el Festival de Bogot\u00e1 (2018) con el cortometraje &#8220;Caf\u00e9 Solo&#8221;, que tambi\u00e9n estuvo nominado como mejor cortometraje, y ha proyectado el cortometraje &#8216;Mach!&#8221;, grabado en el Polideportivo Municipal de la Bisbal del Pened\u00e8s, en la Sesi\u00f3n Especial de Cortos del Festival Internacional de Cinema Fant\u00e0stic de Catalunya (el Festival de Sitges).<\/span><\/p>\n<p>&nbsp;<\/p>\n","protected":false},"excerpt":{"rendered":"<p>La productora Zolen Films, dirigida pel bisbalenc Toni Villaz\u00e1n, i l&#8217;Escola \u00c0ngel Guimer\u00e0 del Vendrell opten al premi de la Mostra Internacional de Cinema Educatiu de Val\u00e8ncia amb el curtmetratge &hellip; <a href=\"https:\/\/bisbalpenedes.com\/web\/2019\/01\/11\/la-productora-zolen-films-dirigida-per-un-bisbalenc-opta-al-premi-de-la-mostra-internacional-de-cinema-educatiu\/\" class=\"more-link\">Read More<\/a><\/p>\n","protected":false},"author":4,"featured_media":8359,"comment_status":"closed","ping_status":"closed","sticky":false,"template":"","format":"standard","meta":[],"categories":[13,8],"tags":[307,1202,2751,1744,1626,2365],"_links":{"self":[{"href":"https:\/\/bisbalpenedes.com\/web\/wp-json\/wp\/v2\/posts\/8357"}],"collection":[{"href":"https:\/\/bisbalpenedes.com\/web\/wp-json\/wp\/v2\/posts"}],"about":[{"href":"https:\/\/bisbalpenedes.com\/web\/wp-json\/wp\/v2\/types\/post"}],"author":[{"embeddable":true,"href":"https:\/\/bisbalpenedes.com\/web\/wp-json\/wp\/v2\/users\/4"}],"replies":[{"embeddable":true,"href":"https:\/\/bisbalpenedes.com\/web\/wp-json\/wp\/v2\/comments?post=8357"}],"version-history":[{"count":3,"href":"https:\/\/bisbalpenedes.com\/web\/wp-json\/wp\/v2\/posts\/8357\/revisions"}],"predecessor-version":[{"id":8361,"href":"https:\/\/bisbalpenedes.com\/web\/wp-json\/wp\/v2\/posts\/8357\/revisions\/8361"}],"wp:featuredmedia":[{"embeddable":true,"href":"https:\/\/bisbalpenedes.com\/web\/wp-json\/wp\/v2\/media\/8359"}],"wp:attachment":[{"href":"https:\/\/bisbalpenedes.com\/web\/wp-json\/wp\/v2\/media?parent=8357"}],"wp:term":[{"taxonomy":"category","embeddable":true,"href":"https:\/\/bisbalpenedes.com\/web\/wp-json\/wp\/v2\/categories?post=8357"},{"taxonomy":"post_tag","embeddable":true,"href":"https:\/\/bisbalpenedes.com\/web\/wp-json\/wp\/v2\/tags?post=8357"}],"curies":[{"name":"wp","href":"https:\/\/api.w.org\/{rel}","templated":true}]}}