{"id":834,"date":"2014-03-25T18:31:35","date_gmt":"2014-03-25T12:31:35","guid":{"rendered":"http:\/\/bisbalpenedes.com\/web\/?p=834"},"modified":"2014-03-25T18:32:10","modified_gmt":"2014-03-25T12:32:10","slug":"situacio-dalerta-per-vent-fort","status":"publish","type":"post","link":"https:\/\/bisbalpenedes.com\/web\/2014\/03\/25\/situacio-dalerta-per-vent-fort\/","title":{"rendered":"SITUACI\u00d3 D&#8217;ALERTA PER VENT FORT"},"content":{"rendered":"<p>CECAT-Centre de Coordinaci\u00f3 operativa de Catalunya<br \/>\nCOMUNICAT D&#8217;ACTUALITZACI\u00d3 DE LA SITUACI\u00d3 DE PREALERTA DEL PROCICAT<br \/>\nPER VENT<br \/>\n___________________________________________________________________________<br \/>\nEs comunica que en base a les previsions meteorol\u00f2giques emeses pel Servei Meteorol\u00f2gic<br \/>\nde Catalunya i a les afectacions que es preveu que se\u2019n puguin derivar, es mant\u00e9 el Pla de<br \/>\nProtecci\u00f3 Civil de Catalunya (PROCICAT) en fase de Prealerta.<br \/>\nSegons informa el Servei Meteorol\u00f2gic de Catalunya la previsi\u00f3 per avui \u00e9s que el vent<br \/>\nbufar\u00e0 del nord-est i els cops m\u00e9s forts s\u2019assoliran a les cotes elevades. Al Pirineu i al<br \/>\nPrepirineu \u00e9s possible que es superi el llindar d\u2019avis als cims.<br \/>\nPer dem\u00e0 les ratxes s\u2019esperen nom\u00e9s a la meitat sud del territori.<br \/>\nHores d\u2019ara s\u2019ha superat el llindar establert a El Perell\u00f3 amb 133 km\/h. A la resta de<br \/>\ncomarques de Terres de l\u2019Ebre i Tarragona tamb\u00e9 s\u2019estan produint ratxes fortes: Mas de<br \/>\nBarberans 122 km\/h, Amposta 97 km\/h i Vendrell 83 km\/h. \u00c9s precisament en aquestes<br \/>\npoblacions on s\u2019estan produint algunes trucades al 112 per possible despreniment de<br \/>\ntaulades i d\u2019altres objectes.<\/p>\n<p><strong>Davant les previsions de vent i les incid\u00e8ncies que ja s\u2019estan produint a Terres de<br \/>\nl\u2019Ebre i Tarragona, Protecci\u00f3 Civil recomana que els responsables i directors de les<br \/>\nactivitats extraescolars i esportives que es realitzen a l\u2019aire lliure valorin la idone\u00eftat<br \/>\nde dur-les a terme.<br \/>\n<\/strong><\/p>\n<p>Cal recordar que la situaci\u00f3 de Prealerta no comporta l&#8217;activaci\u00f3 del PROCICAT.<br \/>\nSi el vostre municipi disposa de xarxa RESCAT recordeu de tenir connectat el terminal.<br \/>\nLa situaci\u00f3 de risc contemplada en aquest comunicat es donar\u00e0 per finalitzada, sense<br \/>\nnecessitat d\u2019una comunicaci\u00f3 de tancament per part del CECAT, un cop acabi el per\u00edode<br \/>\nmeteorol\u00f2gic especificat; sempre i quan no s\u2019actualitzi la informaci\u00f3 amb una nova<br \/>\ncomunicaci\u00f3.<br \/>\nBarcelona, dimarts, 25 mar\u00e7 2014<br \/>\n10:08:52 h<\/p>\n","protected":false},"excerpt":{"rendered":"<p>CECAT-Centre de Coordinaci\u00f3 operativa de Catalunya COMUNICAT D&#8217;ACTUALITZACI\u00d3 DE LA SITUACI\u00d3 DE PREALERTA DEL PROCICAT PER VENT ___________________________________________________________________________ Es comunica que en base a les previsions meteorol\u00f2giques emeses pel Servei &hellip; <a href=\"https:\/\/bisbalpenedes.com\/web\/2014\/03\/25\/situacio-dalerta-per-vent-fort\/\" class=\"more-link\">Read More<\/a><\/p>\n","protected":false},"author":1,"featured_media":835,"comment_status":"closed","ping_status":"open","sticky":false,"template":"","format":"standard","meta":[],"categories":[8],"tags":[],"_links":{"self":[{"href":"https:\/\/bisbalpenedes.com\/web\/wp-json\/wp\/v2\/posts\/834"}],"collection":[{"href":"https:\/\/bisbalpenedes.com\/web\/wp-json\/wp\/v2\/posts"}],"about":[{"href":"https:\/\/bisbalpenedes.com\/web\/wp-json\/wp\/v2\/types\/post"}],"author":[{"embeddable":true,"href":"https:\/\/bisbalpenedes.com\/web\/wp-json\/wp\/v2\/users\/1"}],"replies":[{"embeddable":true,"href":"https:\/\/bisbalpenedes.com\/web\/wp-json\/wp\/v2\/comments?post=834"}],"version-history":[{"count":2,"href":"https:\/\/bisbalpenedes.com\/web\/wp-json\/wp\/v2\/posts\/834\/revisions"}],"predecessor-version":[{"id":837,"href":"https:\/\/bisbalpenedes.com\/web\/wp-json\/wp\/v2\/posts\/834\/revisions\/837"}],"wp:featuredmedia":[{"embeddable":true,"href":"https:\/\/bisbalpenedes.com\/web\/wp-json\/wp\/v2\/media\/835"}],"wp:attachment":[{"href":"https:\/\/bisbalpenedes.com\/web\/wp-json\/wp\/v2\/media?parent=834"}],"wp:term":[{"taxonomy":"category","embeddable":true,"href":"https:\/\/bisbalpenedes.com\/web\/wp-json\/wp\/v2\/categories?post=834"},{"taxonomy":"post_tag","embeddable":true,"href":"https:\/\/bisbalpenedes.com\/web\/wp-json\/wp\/v2\/tags?post=834"}],"curies":[{"name":"wp","href":"https:\/\/api.w.org\/{rel}","templated":true}]}}