{"id":8336,"date":"2019-01-09T12:15:35","date_gmt":"2019-01-09T11:15:35","guid":{"rendered":"http:\/\/bisbalpenedes.com\/web\/?p=8336"},"modified":"2019-01-09T12:44:41","modified_gmt":"2019-01-09T11:44:41","slug":"les-regidories-densenyament-i-medi-ambient-oferiran-xerrades-per-fomentar-el-reciclatge-entre-els-alumnes-deso-de-linstitut-coster-de-la-torre","status":"publish","type":"post","link":"https:\/\/bisbalpenedes.com\/web\/2019\/01\/09\/les-regidories-densenyament-i-medi-ambient-oferiran-xerrades-per-fomentar-el-reciclatge-entre-els-alumnes-deso-de-linstitut-coster-de-la-torre\/","title":{"rendered":"Les Regidories d&#8217;Ensenyament i Medi Ambient oferiran xerrades per fomentar el reciclatge entre els alumnes d&#8217;ESO de l&#8217;Institut Coster de la Torre"},"content":{"rendered":"<p style=\"text-align: justify;\"><span style=\"color: #000000;\">Les Regidories d\u2019Ensenyament i Medi Ambient han organitzat una campanya informativa, adre\u00e7ada a l\u2019alumnat d\u2019ESO de l\u2019Institut Coster de la Torre, amb la finalitat de fomentar el reciclatge. L\u2019Ajuntament de la Bisbal del Pened\u00e8s entregar\u00e0 30 cubells de pl\u00e0stic i 30 cubells de paper per fomentar la separaci\u00f3 de residus a les aules i oferir\u00e0 xerrades sobre generaci\u00f3 de residus i reciclatge, adre\u00e7ades als alumnes d\u2019ESO, els dies 14 i 15 de gener. Tamb\u00e9 es penjaran\u00a0cartells\u00a0amb informaci\u00f3 i recomanacions sobre la separaci\u00f3 correcta dels residus a les classes. La Regidora d\u2019Ensenyament i Medi Ambient, Leo Uceda, ha explicat que \u201caquesta campanya neix amb l\u2019objectiu de fomentar el reciclatge entre els m\u00e9s joves i, aix\u00ed, treballar en l\u2019educaci\u00f3 en valors mediambientals i en les bones pr\u00e0ctiques des de la joventut\u201d. Uceda ha afegit que \u201csi aconseguim que els joves reciclin correctament, assegurem les bones pr\u00e0ctiques, en mat\u00e8ria de reciclatge, de cara al futur\u201d.<\/span><\/p>\n<hr \/>\n<p style=\"text-align: justify;\"><span style=\"color: #000000;\"><strong>CASTELLANO |<\/strong> Las Regidories d&#8217;Ensenyament y Medi Ambient han organizado una campa\u00f1a informativa, dirigida al alumnado de ESO del Institut Coster de la Torre, con la finalidad de fomentar el reciclaje. El Ayuntamiento de la Bisbal del Pened\u00e8s entregar\u00e1 30 cubos de pl\u00e1stico y 30 cubos de papel para fomentar la separaci\u00f3n de residuos en las aulas y ofrecer\u00e1 charlas sobre la generaci\u00f3n de residuos y el reciclaje, dirigidas a los alumnos de ESO, los d\u00edas 14 y 15 de enero. Tambi\u00e9n se colgar\u00e1n carteles con informaci\u00f3n y recomendaciones sobre la separaci\u00f3n correcta de los residuos en las clases. La Regidora de Ensenyament y Medi Ambient, Leo Uceda, ha explicado que &#8220;esta campa\u00f1a nace con el objetivo de fomentar el reciclaje entre los m\u00e1s j\u00f3venes y, as\u00ed, trabajar en la educaci\u00f3n en valores medioambientales y en las buenas pr\u00e1cticas desde la juventud&#8221;. Uceda ha a\u00f1adido que &#8220;si conseguimos que los j\u00f3venes reciclen correctamente, aseguramos las buenas pr\u00e1cticas, en materia de reciclaje, de cara al futuro&#8221;.<\/span><\/p>\n<p style=\"text-align: justify;\"><a href=\"http:\/\/bisbalpenedes.com\/web\/wp-content\/uploads\/2019\/01\/RESIDUS_B.jpg\"><img loading=\"lazy\" class=\"aligncenter wp-image-8338 size-large\" src=\"http:\/\/bisbalpenedes.com\/web\/wp-content\/uploads\/2019\/01\/RESIDUS_B-e1547032475434-691x1024.jpg\" alt=\"RESIDUS_B\" width=\"630\" height=\"934\" srcset=\"https:\/\/bisbalpenedes.com\/web\/wp-content\/uploads\/2019\/01\/RESIDUS_B-e1547032475434-691x1024.jpg 691w, https:\/\/bisbalpenedes.com\/web\/wp-content\/uploads\/2019\/01\/RESIDUS_B-e1547032475434-600x889.jpg 600w, https:\/\/bisbalpenedes.com\/web\/wp-content\/uploads\/2019\/01\/RESIDUS_B-e1547032475434-202x300.jpg 202w, https:\/\/bisbalpenedes.com\/web\/wp-content\/uploads\/2019\/01\/RESIDUS_B-e1547032475434-768x1138.jpg 768w, https:\/\/bisbalpenedes.com\/web\/wp-content\/uploads\/2019\/01\/RESIDUS_B-e1547032475434.jpg 830w\" sizes=\"(max-width: 630px) 100vw, 630px\" \/><\/a><\/p>\n","protected":false},"excerpt":{"rendered":"<p>Les Regidories d\u2019Ensenyament i Medi Ambient han organitzat una campanya informativa, adre\u00e7ada a l\u2019alumnat d\u2019ESO de l\u2019Institut Coster de la Torre, amb la finalitat de fomentar el reciclatge. L\u2019Ajuntament de &hellip; <a href=\"https:\/\/bisbalpenedes.com\/web\/2019\/01\/09\/les-regidories-densenyament-i-medi-ambient-oferiran-xerrades-per-fomentar-el-reciclatge-entre-els-alumnes-deso-de-linstitut-coster-de-la-torre\/\" class=\"more-link\">Read More<\/a><\/p>\n","protected":false},"author":4,"featured_media":8338,"comment_status":"closed","ping_status":"closed","sticky":false,"template":"","format":"standard","meta":[],"categories":[2397,32,8],"tags":[2737,2733,1907,2736,2735,2734,1477,1182,2594,628,2732,1971],"_links":{"self":[{"href":"https:\/\/bisbalpenedes.com\/web\/wp-json\/wp\/v2\/posts\/8336"}],"collection":[{"href":"https:\/\/bisbalpenedes.com\/web\/wp-json\/wp\/v2\/posts"}],"about":[{"href":"https:\/\/bisbalpenedes.com\/web\/wp-json\/wp\/v2\/types\/post"}],"author":[{"embeddable":true,"href":"https:\/\/bisbalpenedes.com\/web\/wp-json\/wp\/v2\/users\/4"}],"replies":[{"embeddable":true,"href":"https:\/\/bisbalpenedes.com\/web\/wp-json\/wp\/v2\/comments?post=8336"}],"version-history":[{"count":2,"href":"https:\/\/bisbalpenedes.com\/web\/wp-json\/wp\/v2\/posts\/8336\/revisions"}],"predecessor-version":[{"id":8339,"href":"https:\/\/bisbalpenedes.com\/web\/wp-json\/wp\/v2\/posts\/8336\/revisions\/8339"}],"wp:featuredmedia":[{"embeddable":true,"href":"https:\/\/bisbalpenedes.com\/web\/wp-json\/wp\/v2\/media\/8338"}],"wp:attachment":[{"href":"https:\/\/bisbalpenedes.com\/web\/wp-json\/wp\/v2\/media?parent=8336"}],"wp:term":[{"taxonomy":"category","embeddable":true,"href":"https:\/\/bisbalpenedes.com\/web\/wp-json\/wp\/v2\/categories?post=8336"},{"taxonomy":"post_tag","embeddable":true,"href":"https:\/\/bisbalpenedes.com\/web\/wp-json\/wp\/v2\/tags?post=8336"}],"curies":[{"name":"wp","href":"https:\/\/api.w.org\/{rel}","templated":true}]}}