{"id":8334,"date":"2019-01-09T13:41:34","date_gmt":"2019-01-09T12:41:34","guid":{"rendered":"http:\/\/bisbalpenedes.com\/web\/?p=8334"},"modified":"2019-01-10T00:43:48","modified_gmt":"2019-01-09T23:43:48","slug":"la-regidoria-de-cultura-ofereix-cursos-de-pintura-per-a-petits-i-grans-a-partir-del-febrer","status":"publish","type":"post","link":"https:\/\/bisbalpenedes.com\/web\/2019\/01\/09\/la-regidoria-de-cultura-ofereix-cursos-de-pintura-per-a-petits-i-grans-a-partir-del-febrer\/","title":{"rendered":"La Regidoria de Cultura ofereix cursos de pintura per a petits i grans a partir del febrer"},"content":{"rendered":"<p><a href=\"http:\/\/bisbalpenedes.com\/web\/wp-content\/uploads\/2019\/01\/CURS_PINTURA_2019C.jpg\"><img loading=\"lazy\" class=\"size-large wp-image-8340 aligncenter\" src=\"http:\/\/bisbalpenedes.com\/web\/wp-content\/uploads\/2019\/01\/CURS_PINTURA_2019C-724x1024.jpg\" alt=\"CURS_PINTURA_2019C\" width=\"630\" height=\"891\" srcset=\"https:\/\/bisbalpenedes.com\/web\/wp-content\/uploads\/2019\/01\/CURS_PINTURA_2019C-724x1024.jpg 724w, https:\/\/bisbalpenedes.com\/web\/wp-content\/uploads\/2019\/01\/CURS_PINTURA_2019C-600x849.jpg 600w, https:\/\/bisbalpenedes.com\/web\/wp-content\/uploads\/2019\/01\/CURS_PINTURA_2019C-212x300.jpg 212w, https:\/\/bisbalpenedes.com\/web\/wp-content\/uploads\/2019\/01\/CURS_PINTURA_2019C-768x1086.jpg 768w, https:\/\/bisbalpenedes.com\/web\/wp-content\/uploads\/2019\/01\/CURS_PINTURA_2019C.jpg 1754w\" sizes=\"(max-width: 630px) 100vw, 630px\" \/><\/a><\/p>\n<p><span style=\"color: #000000;\">La Regidoria de Cultura ofereix classes de pintura i dibuix per a petits i grans, personalitzades i adaptades al nivell de cada alumne\/a. S&#8217;ofereixen classes d&#8217;aquarel\u00b7la, acr\u00edlica, pastel, carbonet, llapis&#8230; i de tots els estils: impressionista, realista, c\u00f2mic, retrat&#8230;<\/span><\/p>\n<p><span style=\"color: #000000;\">Us proposem diferents horaris:<\/span><\/p>\n<ul>\n<li style=\"padding-left: 30px;\"><span style=\"color: #000000;\">Grans: Dijous. Al mat\u00ed, de 10 a 12h. A la tarda, de 16 a 18h.<\/span><\/li>\n<li style=\"padding-left: 30px;\"><span style=\"color: #000000;\">Petits (a partir de 6 anys): Dissabte. Al mat\u00ed de 10a 12h.<\/span><\/li>\n<\/ul>\n<p><span style=\"color: #000000;\">Vine i prova un dia gratu\u00eftament!<\/span><\/p>\n<p><span style=\"color: #000000;\">Per apuntar-vos, adreceu-vos a les oficines municipals. Les classes comencen al febrer. Els grups han de ser, com a m\u00ednim de 8 persones.<\/span><\/p>\n<p><span style=\"color: #000000;\">Preus: 30\u20ac el trimestre per a adults i 15\u20ac el trimestre per a infants.<\/span><\/p>\n<hr \/>\n<p><span style=\"color: #000000;\">La Regidoria de Cultura ofrece clases de pintura y dibujo para peque\u00f1os y mayores, personalizadas y adaptadas al nivel de cada alumno\/a. Se ofrecen clases de acuarela, acr\u00edlica, pastel, carboncillo, l\u00e1piz&#8230; y de todos los estilos: impresionista, realista, c\u00f3mico, retrato&#8230;<\/span><\/p>\n<p><span style=\"color: #000000;\">Os proponemos distintos horarios:<\/span><\/p>\n<ul>\n<li style=\"padding-left: 30px;\"><span style=\"color: #000000;\">Grandes: Jueves. Por la ma\u00f1ana, de 10 a 12h. Por la tarde, de 16 a 18h.<\/span><\/li>\n<li style=\"padding-left: 30px;\"><span style=\"color: #000000;\">Peque\u00f1os (a partir de 6 a\u00f1os): S\u00e1bado. Por la ma\u00f1ana, de 10 a 12h.<\/span><\/li>\n<\/ul>\n<p><span style=\"color: #000000;\">\u00a1Ven prueba un d\u00eda gratuitamente!<\/span><\/p>\n<p><span style=\"color: #000000;\">Para apuntaros, dirig\u00edos a las oficinas municipales. Las clases empiezan en febrero. Los grupos tienen que ser, como m\u00ednimo de 8 personas.<\/span><\/p>\n<p><span style=\"color: #000000;\">Precios: 30\u20ac el trimestre para adultos y 15\u20ac el trimestre para ni\u00f1os.<\/span><\/p>\n","protected":false},"excerpt":{"rendered":"<p>La Regidoria de Cultura ofereix classes de pintura i dibuix per a petits i grans, personalitzades i adaptades al nivell de cada alumne\/a. S&#8217;ofereixen classes d&#8217;aquarel\u00b7la, acr\u00edlica, pastel, carbonet, llapis&#8230; &hellip; <a href=\"https:\/\/bisbalpenedes.com\/web\/2019\/01\/09\/la-regidoria-de-cultura-ofereix-cursos-de-pintura-per-a-petits-i-grans-a-partir-del-febrer\/\" class=\"more-link\">Read More<\/a><\/p>\n","protected":false},"author":4,"featured_media":8340,"comment_status":"closed","ping_status":"closed","sticky":false,"template":"","format":"standard","meta":[],"categories":[13,8],"tags":[2738,1964,2741,1699,1309,181,2740,1389,2739,919],"_links":{"self":[{"href":"https:\/\/bisbalpenedes.com\/web\/wp-json\/wp\/v2\/posts\/8334"}],"collection":[{"href":"https:\/\/bisbalpenedes.com\/web\/wp-json\/wp\/v2\/posts"}],"about":[{"href":"https:\/\/bisbalpenedes.com\/web\/wp-json\/wp\/v2\/types\/post"}],"author":[{"embeddable":true,"href":"https:\/\/bisbalpenedes.com\/web\/wp-json\/wp\/v2\/users\/4"}],"replies":[{"embeddable":true,"href":"https:\/\/bisbalpenedes.com\/web\/wp-json\/wp\/v2\/comments?post=8334"}],"version-history":[{"count":4,"href":"https:\/\/bisbalpenedes.com\/web\/wp-json\/wp\/v2\/posts\/8334\/revisions"}],"predecessor-version":[{"id":8351,"href":"https:\/\/bisbalpenedes.com\/web\/wp-json\/wp\/v2\/posts\/8334\/revisions\/8351"}],"wp:featuredmedia":[{"embeddable":true,"href":"https:\/\/bisbalpenedes.com\/web\/wp-json\/wp\/v2\/media\/8340"}],"wp:attachment":[{"href":"https:\/\/bisbalpenedes.com\/web\/wp-json\/wp\/v2\/media?parent=8334"}],"wp:term":[{"taxonomy":"category","embeddable":true,"href":"https:\/\/bisbalpenedes.com\/web\/wp-json\/wp\/v2\/categories?post=8334"},{"taxonomy":"post_tag","embeddable":true,"href":"https:\/\/bisbalpenedes.com\/web\/wp-json\/wp\/v2\/tags?post=8334"}],"curies":[{"name":"wp","href":"https:\/\/api.w.org\/{rel}","templated":true}]}}