{"id":8310,"date":"2019-01-08T12:16:56","date_gmt":"2019-01-08T11:16:56","guid":{"rendered":"http:\/\/bisbalpenedes.com\/web\/?p=8310"},"modified":"2019-01-25T14:54:41","modified_gmt":"2019-01-25T13:54:41","slug":"el-dissabte-26-de-gener-a-les-18h-podreu-veure-la-pellicula-el-fotografo-de-mauthausen-a-la-bisbal","status":"publish","type":"post","link":"https:\/\/bisbalpenedes.com\/web\/2019\/01\/08\/el-dissabte-26-de-gener-a-les-18h-podreu-veure-la-pellicula-el-fotografo-de-mauthausen-a-la-bisbal\/","title":{"rendered":"El dissabte 26 de gener a les 18h podreu veure la pel\u00b7l\u00edcula &#8216;El fot\u00f3grafo de Mauthausen&#8217; a la Bisbal"},"content":{"rendered":"<p><a href=\"http:\/\/bisbalpenedes.com\/web\/wp-content\/uploads\/2019\/01\/el-fotografo-de-mauthausen.jpg\"><img loading=\"lazy\" class=\"alignleft size-medium wp-image-8311\" src=\"http:\/\/bisbalpenedes.com\/web\/wp-content\/uploads\/2019\/01\/el-fotografo-de-mauthausen-212x300.jpg\" alt=\"el fotografo de mauthausen\" width=\"212\" height=\"300\" srcset=\"https:\/\/bisbalpenedes.com\/web\/wp-content\/uploads\/2019\/01\/el-fotografo-de-mauthausen-212x300.jpg 212w, https:\/\/bisbalpenedes.com\/web\/wp-content\/uploads\/2019\/01\/el-fotografo-de-mauthausen.jpg 566w\" sizes=\"(max-width: 212px) 100vw, 212px\" \/><\/a><\/p>\n<p>El dissabte 26 de gener a les 18h podreu veure la pel\u00b7l\u00edcula &#8216;El fot\u00f3grafo de Mauthausen&#8217; del Cicle Gaud\u00ed a l&#8217;Auditori Salb\u00e0 del CMC.<\/p>\n<p>&nbsp;<\/p>\n<p><span style=\"text-decoration: underline;\"><strong>Sinopsi<\/strong><\/span><\/p>\n<div>\n<p>Amb l\u2019ajuda d\u2019un grup de presoners espanyols que lideren l\u2019organitzaci\u00f3 clandestina del camp de concentraci\u00f3 de Mauthausen, Francesc Boix, un pres que treballa en el laboratori fotogr\u00e0fic del camp, arrisca la seva vida en planejar l\u2019evasi\u00f3 d\u2019uns negatius que demostraran al m\u00f3n les atrocitats comeses pels nazis en l\u2019infern del camp de concentraci\u00f3 austr\u00edac. Milers de negatius que mostren des de dins tota la crueltat d\u2019un sistema pervers. Les fotografies que Boix i els seus companys van aconseguir salvar van ser determinants per a condemnar a alts c\u00e0rrecs nazis durant el judici de Nurenberg el 1946.<\/p>\n<p><strong>Boix va ser l\u2019\u00fanic espanyol que va assistir com a testimoni.<\/strong><\/p>\n<p>&nbsp;<\/p>\n<\/div>\n<div class=\"wpb_text_column wpb_content_element \">\n<div class=\"wpb_wrapper\">\n<hr \/>\n<h4>FITXA\u00a0T\u00c8CNICA<\/h4>\n<h4><strong>Direcci\u00f3:<\/strong>\u00a0<strong>Mar Targarona<\/strong><\/h4>\n<\/div>\n<\/div>\n<div class=\"wpb_text_column wpb_content_element \">\n<div class=\"wpb_wrapper\">\n<p><i class=\"qode_icon_font_awesome fa fa-chevron-right qode_icon_element\"><\/i>\u00a0Gui\u00f3:\u00a0<strong>Alfred P\u00e9rez-Fargas i Roger Dan\u00e8s<\/strong><\/p>\n<p><i class=\"qode_icon_font_awesome fa fa-chevron-right qode_icon_element\"><\/i>\u00a0M\u00fasica:\u00a0<strong>Diego Navarro<\/strong><\/p>\n<p><i class=\"qode_icon_font_awesome fa fa-chevron-right qode_icon_element\"><\/i>\u00a0Estrena:\u00a0<strong>Octubre de 2018<\/strong><\/p>\n<p><i class=\"qode_icon_font_awesome fa fa-chevron-right qode_icon_element\"><\/i>\u00a0Durada:\u00a0<strong>110\u00a0min.<\/strong><\/p>\n<p><i class=\"qode_icon_font_awesome fa fa-chevron-right qode_icon_element\"><\/i>\u00a0G\u00e8nere:\u00a0<strong>Thriller Hist\u00f2ric<\/strong><\/p>\n<p><i class=\"qode_icon_font_awesome fa fa-chevron-right qode_icon_element\"><\/i>\u00a0Versi\u00f3:\u00a0<strong>Original en castell\u00e0<\/strong><\/p>\n<p><i class=\"qode_icon_font_awesome fa fa-chevron-right qode_icon_element\"><\/i>\u00a0Int\u00e8rprets:<br \/>\n<strong>Mario Casas, Alain Hern\u00e1ndez, Macarena G\u00f3mez<\/strong><\/p>\n<\/div>\n<\/div>\n<p><iframe loading=\"lazy\" src=\"https:\/\/www.youtube.com\/embed\/c-c3pyxABbs\" width=\"560\" height=\"315\" frameborder=\"0\" allowfullscreen=\"allowfullscreen\"><\/iframe><\/p>\n<p>El preu general de l\u2019entrada \u00e9s de 4,5\u20ac i s\u2019ofereix un preu redu\u00eft de 3\u20ac presentant el carnet de la Biblioteca Municipal de La Bisbal.<\/p>\n<p>Quant a la recaptaci\u00f3, aquesta es destinar\u00e0 a l\u2019entitat del poble que s\u2019encarregui de gestionar la taquilla en cadascuna de les projeccions, en aquest cas, l&#8217;Associaci\u00f3 de la Gent Gran.<\/p>\n<p>Per a m\u00e9s informaci\u00f3 podeu anar a l\u2019enlla\u00e7:\u00a0<a href=\"https:\/\/www.ciclegaudi.cat\/\" target=\"_blank\">https:\/\/www.ciclegaudi.cat\/<\/a><\/p>\n<hr \/>\n<p><strong><a href=\"http:\/\/bisbalpenedes.com\/web\/wp-content\/uploads\/2019\/01\/el-fotografo-de-mauthausen.jpg\"><img loading=\"lazy\" class=\"alignleft size-medium wp-image-8311\" src=\"http:\/\/bisbalpenedes.com\/web\/wp-content\/uploads\/2019\/01\/el-fotografo-de-mauthausen-212x300.jpg\" alt=\"el fotografo de mauthausen\" width=\"212\" height=\"300\" srcset=\"https:\/\/bisbalpenedes.com\/web\/wp-content\/uploads\/2019\/01\/el-fotografo-de-mauthausen-212x300.jpg 212w, https:\/\/bisbalpenedes.com\/web\/wp-content\/uploads\/2019\/01\/el-fotografo-de-mauthausen.jpg 566w\" sizes=\"(max-width: 212px) 100vw, 212px\" \/><\/a><\/strong><\/p>\n<p>&nbsp;<\/p>\n<p><strong>CASTELLANO |<\/strong> El s\u00e1bado 26 de enero a las 18h podr\u00e9is ver la pel\u00edcula &#8216;El fot\u00f3grafo de Mauthausen&#8217; del Cicle Gaud\u00ed en el Auditori Salb\u00e0 del CMC.<\/p>\n<p>&nbsp;<\/p>\n<p><strong>Sinopsis<\/strong><\/p>\n<div>\n<p>Con la ayuda de un grupo de prisioneros espa\u00f1oles que lideran la organizaci\u00f3n clandestina del campo de concentraci\u00f3n de Mauthausen, Francesc Boix, un preso que trabaja en el laboratorio fotogr\u00e1fico del campo, arriesga su vida cuando planea la evasi\u00f3n de unos negativos que demostrar\u00e1n al mundo las atrocidades cometidas por los nazis en el infierno del campo de concentraci\u00f3n austr\u00edaco. Miles de negativos que muestran desde dentro toda la crueldad de un sistema perverso. Las fotograf\u00edas que Boix y sus compa\u00f1eros consiguieron salvar fueron determinantes para condenar los altos cargos nazis durante el juicio de Nurenberg en 1946.<br \/>\n<strong>Boix fue el \u00fanico espa\u00f1ol que asisti\u00f3 como testigo.<\/strong><\/p>\n<p>&nbsp;<\/p>\n<\/div>\n<hr \/>\n<p><strong>FICHA T\u00c9CNICA<\/strong><\/p>\n<div class=\"wpb_text_column wpb_content_element \">\n<div class=\"wpb_wrapper\">\n<p>Direcci\u00f3n:\u00a0<strong>Mar Targarona<\/strong><\/p>\n<p><i class=\"qode_icon_font_awesome fa fa-chevron-right qode_icon_element\"><\/i>\u00a0Gui\u00f3n:\u00a0<strong>Alfred P\u00e9rez-Fargas i Roger Dan\u00e8s<\/strong><\/p>\n<p><i class=\"qode_icon_font_awesome fa fa-chevron-right qode_icon_element\"><\/i>\u00a0M\u00fasica:\u00a0<strong>Diego Navarro<\/strong><\/p>\n<p><i class=\"qode_icon_font_awesome fa fa-chevron-right qode_icon_element\"><\/i>\u00a0Estreno:\u00a0<strong>Octubre del 2018<\/strong><\/p>\n<p><i class=\"qode_icon_font_awesome fa fa-chevron-right qode_icon_element\"><\/i>\u00a0Duraci\u00f3n:\u00a0<strong>110\u00a0min.<\/strong><\/p>\n<p><i class=\"qode_icon_font_awesome fa fa-chevron-right qode_icon_element\"><\/i>\u00a0G\u00e9nero:\u00a0<strong>Thriller Hist\u00f2ric<\/strong><\/p>\n<p><i class=\"qode_icon_font_awesome fa fa-chevron-right qode_icon_element\"><\/i>\u00a0Versi\u00f3n:\u00a0<strong>Original en castell\u00e0<\/strong><\/p>\n<p><i class=\"qode_icon_font_awesome fa fa-chevron-right qode_icon_element\"><\/i>\u00a0Int\u00e9rpretes:<br \/>\n<strong>Mario Casas, Alain Hern\u00e1ndez, Macarena G\u00f3mez<\/strong><\/p>\n<\/div>\n<\/div>\n<p><iframe loading=\"lazy\" src=\"https:\/\/www.youtube.com\/embed\/c-c3pyxABbs\" width=\"560\" height=\"315\" frameborder=\"0\" allowfullscreen=\"allowfullscreen\"><\/iframe><\/p>\n<p>El precio general de la entrada es de 4,5\u20ac y se ofrece un precio reducido de 3\u20ac presentando el carn\u00e9 de la Biblioteca Municipal de la Bisbal.<\/p>\n<p>En cuanto a la recaudaci\u00f3n, esta se destinar\u00e1 a la entidad del municipio que se encargue de gestionar la taquilla en cada una de las proyecciones, en este caso la Associaci\u00f3 de la Gent Gran.<\/p>\n<p>Para m\u00e1s informaci\u00f3n pod\u00e9is ir al enlace:\u00a0<a href=\"https:\/\/www.ciclegaudi.cat\/\" target=\"_blank\">https:\/\/www.ciclegaudi.cat\/<\/a><\/p>\n","protected":false},"excerpt":{"rendered":"<p>El dissabte 26 de gener a les 18h podreu veure la pel\u00b7l\u00edcula &#8216;El fot\u00f3grafo de Mauthausen&#8217; del Cicle Gaud\u00ed a l&#8217;Auditori Salb\u00e0 del CMC. &nbsp; Sinopsi Amb l\u2019ajuda d\u2019un grup &hellip; <a href=\"https:\/\/bisbalpenedes.com\/web\/2019\/01\/08\/el-dissabte-26-de-gener-a-les-18h-podreu-veure-la-pellicula-el-fotografo-de-mauthausen-a-la-bisbal\/\" class=\"more-link\">Read More<\/a><\/p>\n","protected":false},"author":4,"featured_media":8311,"comment_status":"closed","ping_status":"closed","sticky":false,"template":"","format":"standard","meta":[],"categories":[13],"tags":[755,308,307,226,2731,771],"_links":{"self":[{"href":"https:\/\/bisbalpenedes.com\/web\/wp-json\/wp\/v2\/posts\/8310"}],"collection":[{"href":"https:\/\/bisbalpenedes.com\/web\/wp-json\/wp\/v2\/posts"}],"about":[{"href":"https:\/\/bisbalpenedes.com\/web\/wp-json\/wp\/v2\/types\/post"}],"author":[{"embeddable":true,"href":"https:\/\/bisbalpenedes.com\/web\/wp-json\/wp\/v2\/users\/4"}],"replies":[{"embeddable":true,"href":"https:\/\/bisbalpenedes.com\/web\/wp-json\/wp\/v2\/comments?post=8310"}],"version-history":[{"count":8,"href":"https:\/\/bisbalpenedes.com\/web\/wp-json\/wp\/v2\/posts\/8310\/revisions"}],"predecessor-version":[{"id":8483,"href":"https:\/\/bisbalpenedes.com\/web\/wp-json\/wp\/v2\/posts\/8310\/revisions\/8483"}],"wp:featuredmedia":[{"embeddable":true,"href":"https:\/\/bisbalpenedes.com\/web\/wp-json\/wp\/v2\/media\/8311"}],"wp:attachment":[{"href":"https:\/\/bisbalpenedes.com\/web\/wp-json\/wp\/v2\/media?parent=8310"}],"wp:term":[{"taxonomy":"category","embeddable":true,"href":"https:\/\/bisbalpenedes.com\/web\/wp-json\/wp\/v2\/categories?post=8310"},{"taxonomy":"post_tag","embeddable":true,"href":"https:\/\/bisbalpenedes.com\/web\/wp-json\/wp\/v2\/tags?post=8310"}],"curies":[{"name":"wp","href":"https:\/\/api.w.org\/{rel}","templated":true}]}}