{"id":8301,"date":"2019-01-07T17:33:16","date_gmt":"2019-01-07T16:33:16","guid":{"rendered":"http:\/\/bisbalpenedes.com\/web\/?p=8301"},"modified":"2019-01-08T16:54:03","modified_gmt":"2019-01-08T15:54:03","slug":"jove-vols-triar-els-grups-que-actuaran-durant-la-nit-jove-de-la-festa-majortesperem-al-cmc-el-dijous-10-de-gener-a-les-19h","status":"publish","type":"post","link":"https:\/\/bisbalpenedes.com\/web\/2019\/01\/07\/jove-vols-triar-els-grups-que-actuaran-durant-la-nit-jove-de-la-festa-majortesperem-al-cmc-el-dijous-10-de-gener-a-les-19h\/","title":{"rendered":"Jove! Vols triar els grups que actuaran durant la Nit Jove de la Festa Major? T&#8217;esperem al CMC el dijous 10 de gener a les 19h"},"content":{"rendered":"<p><a href=\"http:\/\/bisbalpenedes.com\/web\/wp-content\/uploads\/2019\/01\/NIT_JOVE_19_c.jpg\"><img loading=\"lazy\" class=\"size-medium wp-image-8318 aligncenter\" src=\"http:\/\/bisbalpenedes.com\/web\/wp-content\/uploads\/2019\/01\/NIT_JOVE_19_c-212x300.jpg\" alt=\"NIT_JOVE_19_c\" width=\"212\" height=\"300\" srcset=\"https:\/\/bisbalpenedes.com\/web\/wp-content\/uploads\/2019\/01\/NIT_JOVE_19_c-212x300.jpg 212w, https:\/\/bisbalpenedes.com\/web\/wp-content\/uploads\/2019\/01\/NIT_JOVE_19_c-600x849.jpg 600w, https:\/\/bisbalpenedes.com\/web\/wp-content\/uploads\/2019\/01\/NIT_JOVE_19_c-768x1086.jpg 768w, https:\/\/bisbalpenedes.com\/web\/wp-content\/uploads\/2019\/01\/NIT_JOVE_19_c-724x1024.jpg 724w, https:\/\/bisbalpenedes.com\/web\/wp-content\/uploads\/2019\/01\/NIT_JOVE_19_c.jpg 842w\" sizes=\"(max-width: 212px) 100vw, 212px\" \/><\/a><\/p>\n<p><span style=\"color: #000000;\">El proper <strong>dijous 10 de gener, a les 19h<\/strong>, el CMC acollir\u00e0 una reuni\u00f3 oberta, adre\u00e7ada als joves del municipi, per decidir quins grups actuaran durant la Nit Jove de la Festa Major 2019.<\/span><\/p>\n<p><span style=\"color: #000000;\">La idea\u00a0guanyadora del VideoBox 2018 de la Festa Major va ser &#8220;que els joves tri\u00efn\u00a0els grups que actuaran a la Bisbal durant la Nit Jove de la Festa Major&#8221; i, ara,\u00a0l&#8217;Ajuntament tira endavant aquesta iniciativa, fent realitat la proposta.\u00a0 L&#8217;any 2017 la idea guanyadora va ser la d&#8217;emprar gots reutilitzables durant la Festa Major i, enguany, els gots de la Festa Major\u00a0han sigut reutilitzables i les regidories de Joventut i Medi Ambient\u00a0han promogut\u00a0la campanya \u2018Oh my got\u2019.<\/span><\/p>\n<p style=\"text-align: left;\"><span style=\"color: #000000;\"><a style=\"color: #000000;\" href=\"http:\/\/bisbalpenedes.com\/web\/wp-content\/uploads\/2019\/01\/OHMYGOT1.jpg\"><img loading=\"lazy\" class=\"size-thumbnail wp-image-8303\" src=\"http:\/\/bisbalpenedes.com\/web\/wp-content\/uploads\/2019\/01\/OHMYGOT1-150x150.jpg\" alt=\"OHMYGOT1\" width=\"150\" height=\"150\" srcset=\"https:\/\/bisbalpenedes.com\/web\/wp-content\/uploads\/2019\/01\/OHMYGOT1-150x150.jpg 150w, https:\/\/bisbalpenedes.com\/web\/wp-content\/uploads\/2019\/01\/OHMYGOT1-300x300.jpg 300w, https:\/\/bisbalpenedes.com\/web\/wp-content\/uploads\/2019\/01\/OHMYGOT1-100x100.jpg 100w\" sizes=\"(max-width: 150px) 100vw, 150px\" \/><\/a><a style=\"color: #000000;\" href=\"http:\/\/bisbalpenedes.com\/web\/wp-content\/uploads\/2019\/01\/OHMYGOT1.jpg\"><br \/>\n<\/a><\/span><\/p>\n<hr \/>\n<p><span style=\"color: #000000;\"><strong>CASTELLANO |<\/strong> El pr\u00f3ximo<strong> jueves 10 de enero, a las 19h,<\/strong> el CMC acoger\u00e1 una reuni\u00f3n abierta, dirigida a los j\u00f3venes del municipio, para decidir que grupos actuar\u00e1n durante la Nit Jove de la Fiesta Mayor 2019.<\/span><\/p>\n<p><span style=\"color: #000000;\">La idea ganadora del VideoBox 2018 de la Fiesta Mayor fue &#8220;que los j\u00f3venes escojan los grupos que actuar\u00e1n en la Bisbal durante la Nit Jove de la Festa Major&#8221; y, ahora, el Ayuntamiento lleva a cabo esta iniciativa, haciendo realidad la propuesta. El a\u00f1o 2017 la idea ganadora fue la de utilizar vasos reutilizables durante la Fiesta Mayor y, este a\u00f1o, los vasos de la Fiesta Major han sido reutilizables y las concejal\u00edas de Joventut y Medi Ambient han promovido la campa\u00f1a &#8216;Oh my got&#8217;.<\/span><\/p>\n<p><a href=\"http:\/\/bisbalpenedes.com\/web\/wp-content\/uploads\/2019\/01\/OHMYGOT1.jpg\"><img loading=\"lazy\" class=\"alignleft size-thumbnail wp-image-8303\" src=\"http:\/\/bisbalpenedes.com\/web\/wp-content\/uploads\/2019\/01\/OHMYGOT1-150x150.jpg\" alt=\"OHMYGOT1\" width=\"150\" height=\"150\" srcset=\"https:\/\/bisbalpenedes.com\/web\/wp-content\/uploads\/2019\/01\/OHMYGOT1-150x150.jpg 150w, https:\/\/bisbalpenedes.com\/web\/wp-content\/uploads\/2019\/01\/OHMYGOT1-300x300.jpg 300w, https:\/\/bisbalpenedes.com\/web\/wp-content\/uploads\/2019\/01\/OHMYGOT1-100x100.jpg 100w\" sizes=\"(max-width: 150px) 100vw, 150px\" \/><\/a><\/p>\n<p><a href=\"http:\/\/bisbalpenedes.com\/web\/wp-content\/uploads\/2019\/01\/NIT_JOVE_19_B.jpg\">\u00a0<\/a><\/p>\n","protected":false},"excerpt":{"rendered":"<p>El proper dijous 10 de gener, a les 19h, el CMC acollir\u00e0 una reuni\u00f3 oberta, adre\u00e7ada als joves del municipi, per decidir quins grups actuaran durant la Nit Jove de &hellip; <a href=\"https:\/\/bisbalpenedes.com\/web\/2019\/01\/07\/jove-vols-triar-els-grups-que-actuaran-durant-la-nit-jove-de-la-festa-majortesperem-al-cmc-el-dijous-10-de-gener-a-les-19h\/\" class=\"more-link\">Read More<\/a><\/p>\n","protected":false},"author":4,"featured_media":8318,"comment_status":"closed","ping_status":"closed","sticky":false,"template":"","format":"standard","meta":[],"categories":[1486,8],"tags":[639,280,2730,210,505,72,397,706],"_links":{"self":[{"href":"https:\/\/bisbalpenedes.com\/web\/wp-json\/wp\/v2\/posts\/8301"}],"collection":[{"href":"https:\/\/bisbalpenedes.com\/web\/wp-json\/wp\/v2\/posts"}],"about":[{"href":"https:\/\/bisbalpenedes.com\/web\/wp-json\/wp\/v2\/types\/post"}],"author":[{"embeddable":true,"href":"https:\/\/bisbalpenedes.com\/web\/wp-json\/wp\/v2\/users\/4"}],"replies":[{"embeddable":true,"href":"https:\/\/bisbalpenedes.com\/web\/wp-json\/wp\/v2\/comments?post=8301"}],"version-history":[{"count":6,"href":"https:\/\/bisbalpenedes.com\/web\/wp-json\/wp\/v2\/posts\/8301\/revisions"}],"predecessor-version":[{"id":8319,"href":"https:\/\/bisbalpenedes.com\/web\/wp-json\/wp\/v2\/posts\/8301\/revisions\/8319"}],"wp:featuredmedia":[{"embeddable":true,"href":"https:\/\/bisbalpenedes.com\/web\/wp-json\/wp\/v2\/media\/8318"}],"wp:attachment":[{"href":"https:\/\/bisbalpenedes.com\/web\/wp-json\/wp\/v2\/media?parent=8301"}],"wp:term":[{"taxonomy":"category","embeddable":true,"href":"https:\/\/bisbalpenedes.com\/web\/wp-json\/wp\/v2\/categories?post=8301"},{"taxonomy":"post_tag","embeddable":true,"href":"https:\/\/bisbalpenedes.com\/web\/wp-json\/wp\/v2\/tags?post=8301"}],"curies":[{"name":"wp","href":"https:\/\/api.w.org\/{rel}","templated":true}]}}