{"id":8291,"date":"2019-01-05T10:54:19","date_gmt":"2019-01-05T09:54:19","guid":{"rendered":"http:\/\/bisbalpenedes.com\/web\/?p=8291"},"modified":"2019-01-05T10:54:19","modified_gmt":"2019-01-05T09:54:19","slug":"fins-al-15-de-gener-podeu-sollicitar-les-subvencions-per-a-bateries-associades-a-installacions-fotovoltaiques-dautoconsum","status":"publish","type":"post","link":"https:\/\/bisbalpenedes.com\/web\/2019\/01\/05\/fins-al-15-de-gener-podeu-sollicitar-les-subvencions-per-a-bateries-associades-a-installacions-fotovoltaiques-dautoconsum\/","title":{"rendered":"Fins al 15 de gener podeu sol\u00b7licitar les subvencions per a bateries associades a instal\u00b7lacions fotovoltaiques d&#8217;autoconsum"},"content":{"rendered":"<p style=\"text-align: justify;\"><span style=\"color: #000000;\">El 15 de gener finalitza el termini per sol\u00b7licitar les subvencions per a bateries associades a instal\u00b7lacions fotovoltaiques d\u2019autoconsum de l&#8217;Institut Catal\u00e0 d&#8217;Energia. Es consideren subvencionables aquells sistemes d\u2019emmagatzematge d\u2019energia el\u00e8ctrica amb bateries de la tecnologia i\u00f3-liti que formin part d\u2019una instal\u00b7laci\u00f3 fotovoltaica acollida a qualsevol de les modalitats d\u2019autoconsum d\u2019energia el\u00e8ctrica que defineix l\u2019article 9 de la Llei 24\/2013, de 26 de desembre, del Sector El\u00e8ctric, ubicats en edificis d\u2019\u00fas residencial dom\u00e8stic que s\u2019instal\u00b7lin dintre del territori catal\u00e0. No seran subvencionables els sistemes d\u2019emmagatzematge per instal\u00b7lacions a\u00efllades.<\/span><\/p>\n<p style=\"text-align: justify;\"><span style=\"color: #000000;\">Per a m\u00e9s informaci\u00f3 podeu accedir a l\u2019enlla\u00e7: <a style=\"color: #000000;\" href=\"http:\/\/icaen.gencat.cat\/ca\/energia\/ajuts\/icaen-sistemes-demmagatzematge-denergia-electrica-amb-bateries-associats-a-installacions-fotovoltaiques-dautoconsum\/\">Sistemes d&#8217;emmagatzematge d&#8217;energia el\u00e8ctrica amb bateries associats a instal\u00b7lacions fotovoltaiques d&#8217;autoconsum 2018<\/a><\/span><\/p>\n<hr \/>\n<p style=\"text-align: justify;\"><span style=\"color: #000000;\"><strong>CASTELLANO |<\/strong> El 15 de enero finaliza el plazo para solicitar las subvenciones para bater\u00edas asociadas a instalaciones fotovoltaicas de autoconsumo del Institut Catal\u00e0 d&#8217;Energia. Se consideran subvencionables aquellos sistemas de almacenamiento de energ\u00eda el\u00e9ctrica con bater\u00edas de la tecnolog\u00eda i\u00f3n-litio que formen parte de una instalaci\u00f3n fotovoltaica acogida en cualquiera de las\u00a0 modalidades de autoconsumo de energ\u00eda el\u00e9ctrica que se define en el art\u00edculo 9 de la Ley 24\/2013, de 26 de diciembre, del Sector El\u00e9ctrico, ubicados en edificios de uso residencial dom\u00e9stico que se instalen dentro del territorio catal\u00e1n. No ser\u00e1n subvencionables los sistemas de almacenamiento para instalaciones aisladas.<\/span><\/p>\n<p style=\"text-align: justify;\"><span style=\"color: #000000;\">Para\u00a0 m\u00e1s informaci\u00f3n pod\u00e9is acceder al enlace: <a style=\"color: #000000;\" href=\"http:\/\/icaen.gencat.cat\/ca\/energia\/ajuts\/icaen-sistemes-demmagatzematge-denergia-electrica-amb-bateries-associats-a-installacions-fotovoltaiques-dautoconsum\/\">Sistemes d&#8217;emmagatzematge d&#8217;energia el\u00e8ctrica amb bateries associats a instal\u00b7lacions fotovoltaiques d&#8217;autoconsum 2018<\/a><\/span><\/p>\n","protected":false},"excerpt":{"rendered":"<p>El 15 de gener finalitza el termini per sol\u00b7licitar les subvencions per a bateries associades a instal\u00b7lacions fotovoltaiques d\u2019autoconsum de l&#8217;Institut Catal\u00e0 d&#8217;Energia. Es consideren subvencionables aquells sistemes d\u2019emmagatzematge d\u2019energia &hellip; <a href=\"https:\/\/bisbalpenedes.com\/web\/2019\/01\/05\/fins-al-15-de-gener-podeu-sollicitar-les-subvencions-per-a-bateries-associades-a-installacions-fotovoltaiques-dautoconsum\/\" class=\"more-link\">Read More<\/a><\/p>\n","protected":false},"author":4,"featured_media":8292,"comment_status":"closed","ping_status":"closed","sticky":false,"template":"","format":"standard","meta":[],"categories":[32],"tags":[2726,2724,120,2725,2727],"_links":{"self":[{"href":"https:\/\/bisbalpenedes.com\/web\/wp-json\/wp\/v2\/posts\/8291"}],"collection":[{"href":"https:\/\/bisbalpenedes.com\/web\/wp-json\/wp\/v2\/posts"}],"about":[{"href":"https:\/\/bisbalpenedes.com\/web\/wp-json\/wp\/v2\/types\/post"}],"author":[{"embeddable":true,"href":"https:\/\/bisbalpenedes.com\/web\/wp-json\/wp\/v2\/users\/4"}],"replies":[{"embeddable":true,"href":"https:\/\/bisbalpenedes.com\/web\/wp-json\/wp\/v2\/comments?post=8291"}],"version-history":[{"count":1,"href":"https:\/\/bisbalpenedes.com\/web\/wp-json\/wp\/v2\/posts\/8291\/revisions"}],"predecessor-version":[{"id":8293,"href":"https:\/\/bisbalpenedes.com\/web\/wp-json\/wp\/v2\/posts\/8291\/revisions\/8293"}],"wp:featuredmedia":[{"embeddable":true,"href":"https:\/\/bisbalpenedes.com\/web\/wp-json\/wp\/v2\/media\/8292"}],"wp:attachment":[{"href":"https:\/\/bisbalpenedes.com\/web\/wp-json\/wp\/v2\/media?parent=8291"}],"wp:term":[{"taxonomy":"category","embeddable":true,"href":"https:\/\/bisbalpenedes.com\/web\/wp-json\/wp\/v2\/categories?post=8291"},{"taxonomy":"post_tag","embeddable":true,"href":"https:\/\/bisbalpenedes.com\/web\/wp-json\/wp\/v2\/tags?post=8291"}],"curies":[{"name":"wp","href":"https:\/\/api.w.org\/{rel}","templated":true}]}}