{"id":8283,"date":"2019-01-05T09:57:50","date_gmt":"2019-01-05T08:57:50","guid":{"rendered":"http:\/\/bisbalpenedes.com\/web\/?p=8283"},"modified":"2019-01-05T10:45:59","modified_gmt":"2019-01-05T09:45:59","slug":"la-brigada-municipal-disposara-de-tres-magatzems-mentre-no-es-formalitzi-la-compra-de-lantiga-fassina","status":"publish","type":"post","link":"https:\/\/bisbalpenedes.com\/web\/2019\/01\/05\/la-brigada-municipal-disposara-de-tres-magatzems-mentre-no-es-formalitzi-la-compra-de-lantiga-fassina\/","title":{"rendered":"La brigada municipal disposar\u00e0 de tres magatzems mentre es treballa en la formalitzaci\u00f3 de la compra de l\u2019antiga fassina i en la seva adequaci\u00f3"},"content":{"rendered":"<p style=\"text-align: justify;\"><span style=\"color: #000000;\">La Junta de govern del 3 de gener ha aprovat el lloguer de dos locals de 80 i 250m\u00b2, respectivament, per un import anual de 6.360\u20ac i ubicats al Papiolet. D\u2019altra banda ha aprovat el lloguer d\u2019un magatzem de 316m\u00b2, ubicat al nucli de la Bisbal, per un import anual de 9.000\u20ac. En tots els casos es tracta d\u2019espais que estan preparats per al seu \u00fas i en els quals no cal fer cap mena d\u2019obra d\u2019adequaci\u00f3.<\/span><\/p>\n<p style=\"text-align: justify;\"><span style=\"color: #000000;\">L\u2019Ajuntament ha tirat endavant el lloguer d\u2019aquests espais, de forma provisional, mentre no es finalitza la compra de l\u2019antiga fassina, que ha de servir com a nou magatzem per a la brigada municipal.<\/span><\/p>\n<p style=\"text-align: justify;\"><span style=\"color: #000000;\">Es dona el cas que l\u2019Ajuntament tenia llogat un magatzem per a la brigada al terme municipal de Santa Oliva per\u00f2 el seu lloguer finalitzava en data de 31 d\u2019octubre de 2018 i, segons ha explicat l\u2019alcaldessa i regidora d\u2019Urbanisme, Agn\u00e8s Ferr\u00e9, \u201ccom que no hi havia possibilitat de pr\u00f2rroga, hem estat buscant un nou magatzem per a la brigada que, finalment, ser\u00e0 l\u2019antiga fassina, mitjan\u00e7ant compra\u201d. Segons l\u2019alcaldessa, \u201cja hem aprovat la compra i la reserva de l\u2019import, aix\u00ed com la seva reforma, que pagarem amb el super\u00e0vit de 2017, per\u00f2 ara estem pendents que la propietat de l\u2019immoble aprovi la venda i es fixin les dates per fer la signatura\u201d. Ferr\u00e9 ha aclarit que \u201cla propiet\u00e0ria de l\u2019antiga fassina \u00e9s una immobili\u00e0ria d\u2019una entitat financera i, per aquest motiu, \u00a0els tr\u00e0mits estan essent m\u00e9s lents del que voldr\u00edem. Per aquest motiu hem hagut de buscar uns espais adequats perqu\u00e8 la brigada municipal pugui seguir treballant amb normalitat\u201d.<\/span><\/p>\n<hr \/>\n<p style=\"text-align: justify;\"><span style=\"color: #000000;\"><strong>CASTELLANO |<\/strong> La Junta de gobierno del 3 de enero ha aprobado el alquiler de dos locales de 80 y 250m\u00b2, respectivamente, por un importe anual de 6.360\u20ac y ubicados en el Papiolet. Por otro lado ha aprobado el alquiler de un almac\u00e9n de 316m\u00b2, ubicado en el n\u00facleo de la Bisbal, por un importe anual de 9.000m\u00b2. En todos los casos se trata de espacios que est\u00e1n preparados para su uso y en los cuales no hace falta hacer ning\u00fan tipo de obra de adecuaci\u00f3n.<\/span><\/p>\n<p style=\"text-align: justify;\"><span style=\"color: #000000;\">El Ayuntamiento ha llevado a cabo el alquiler de estos espacios, de forma provisional, mientras se finaliza la compra de la antigua <em>fassina<\/em>, que servir\u00e1 como nuevo almac\u00e9n para la brigada municipal.<\/span><\/p>\n<p style=\"text-align: justify;\"><span style=\"color: #000000;\">Se da el caso que el Ayuntamiento ten\u00eda alquilado un almac\u00e9n para la brigada en el t\u00e9rmino municipal de Santa Oliva pero su alquiler finalizaba en fecha de 31 de octubre del 2018 y, seg\u00fan ha explicado la alcaldesa i regidora de Urbanismo, Agn\u00e8s Ferr\u00e9, \u201ccomo que no exist\u00eda la posibilidad de pr\u00f3rroga, hemos estado buscando un nuevo almac\u00e9n para la brigada que, finalmente, ser\u00e1 la antigua <em>fassina<\/em>, mediante compra\u201d. Seg\u00fan la alcaldesa, \u201cya hemos aprobado la compra y la reserva del importe, as\u00ed como su reforma, que pagaremos con el super\u00e1vit del 2017, pero ahora estamos pendientes que la propiedad del inmueble apruebe la venta y se fijen las fechas para hacer la firma\u201d. Ferr\u00e9 ha aclarado que \u201cla propietaria de la antigua <em>fassina<\/em> es una inmobiliaria de una entidad financiera y, por este motivo, los tr\u00e1mites est\u00e1n siendo m\u00e1s lentos de lo que querr\u00edamos. Por este motivo hemos tenido que buscar unos espacios adecuados para que la brigada municipal pueda seguir trabajando con normalidad\u201d.<\/span><\/p>\n<p>&nbsp;<\/p>\n<p>&nbsp;<\/p>\n<p>&nbsp;<\/p>\n<p>&nbsp;<\/p>\n<p><span style=\"color: #000000;\"><strong>\u00a0<\/strong><\/span><\/p>\n<p>&nbsp;<\/p>\n","protected":false},"excerpt":{"rendered":"<p>La Junta de govern del 3 de gener ha aprovat el lloguer de dos locals de 80 i 250m\u00b2, respectivament, per un import anual de 6.360\u20ac i ubicats al Papiolet. &hellip; <a href=\"https:\/\/bisbalpenedes.com\/web\/2019\/01\/05\/la-brigada-municipal-disposara-de-tres-magatzems-mentre-no-es-formalitzi-la-compra-de-lantiga-fassina\/\" class=\"more-link\">Read More<\/a><\/p>\n","protected":false},"author":4,"featured_media":7002,"comment_status":"closed","ping_status":"closed","sticky":false,"template":"","format":"standard","meta":[],"categories":[2402],"tags":[2462,2317,686,1249],"_links":{"self":[{"href":"https:\/\/bisbalpenedes.com\/web\/wp-json\/wp\/v2\/posts\/8283"}],"collection":[{"href":"https:\/\/bisbalpenedes.com\/web\/wp-json\/wp\/v2\/posts"}],"about":[{"href":"https:\/\/bisbalpenedes.com\/web\/wp-json\/wp\/v2\/types\/post"}],"author":[{"embeddable":true,"href":"https:\/\/bisbalpenedes.com\/web\/wp-json\/wp\/v2\/users\/4"}],"replies":[{"embeddable":true,"href":"https:\/\/bisbalpenedes.com\/web\/wp-json\/wp\/v2\/comments?post=8283"}],"version-history":[{"count":4,"href":"https:\/\/bisbalpenedes.com\/web\/wp-json\/wp\/v2\/posts\/8283\/revisions"}],"predecessor-version":[{"id":8287,"href":"https:\/\/bisbalpenedes.com\/web\/wp-json\/wp\/v2\/posts\/8283\/revisions\/8287"}],"wp:featuredmedia":[{"embeddable":true,"href":"https:\/\/bisbalpenedes.com\/web\/wp-json\/wp\/v2\/media\/7002"}],"wp:attachment":[{"href":"https:\/\/bisbalpenedes.com\/web\/wp-json\/wp\/v2\/media?parent=8283"}],"wp:term":[{"taxonomy":"category","embeddable":true,"href":"https:\/\/bisbalpenedes.com\/web\/wp-json\/wp\/v2\/categories?post=8283"},{"taxonomy":"post_tag","embeddable":true,"href":"https:\/\/bisbalpenedes.com\/web\/wp-json\/wp\/v2\/tags?post=8283"}],"curies":[{"name":"wp","href":"https:\/\/api.w.org\/{rel}","templated":true}]}}