{"id":8280,"date":"2019-01-05T09:29:54","date_gmt":"2019-01-05T08:29:54","guid":{"rendered":"http:\/\/bisbalpenedes.com\/web\/?p=8280"},"modified":"2019-01-05T09:30:12","modified_gmt":"2019-01-05T08:30:12","slug":"les-activitats-del-raco-de-la-gent-gran-es-rependran-la-segona-quinzena-de-gener","status":"publish","type":"post","link":"https:\/\/bisbalpenedes.com\/web\/2019\/01\/05\/les-activitats-del-raco-de-la-gent-gran-es-rependran-la-segona-quinzena-de-gener\/","title":{"rendered":"Les activitats del Rac\u00f3 de la Gent Gran es reprendran la segona quinzena de gener"},"content":{"rendered":"<p><a href=\"http:\/\/bisbalpenedes.com\/web\/wp-content\/uploads\/2018\/12\/RACO-GENT-GRAN-3.jpg\"><img loading=\"lazy\" class=\"aligncenter size-medium wp-image-8094\" src=\"http:\/\/bisbalpenedes.com\/web\/wp-content\/uploads\/2018\/12\/RACO-GENT-GRAN-3-300x169.jpg\" alt=\"RACO GENT GRAN 3\" width=\"300\" height=\"169\" srcset=\"https:\/\/bisbalpenedes.com\/web\/wp-content\/uploads\/2018\/12\/RACO-GENT-GRAN-3-300x169.jpg 300w, https:\/\/bisbalpenedes.com\/web\/wp-content\/uploads\/2018\/12\/RACO-GENT-GRAN-3-600x338.jpg 600w, https:\/\/bisbalpenedes.com\/web\/wp-content\/uploads\/2018\/12\/RACO-GENT-GRAN-3-768x432.jpg 768w, https:\/\/bisbalpenedes.com\/web\/wp-content\/uploads\/2018\/12\/RACO-GENT-GRAN-3-1024x576.jpg 1024w, https:\/\/bisbalpenedes.com\/web\/wp-content\/uploads\/2018\/12\/RACO-GENT-GRAN-3.jpg 1600w\" sizes=\"(max-width: 300px) 100vw, 300px\" \/><\/a><\/p>\n<p><span style=\"color: #000000;\">La Regidoria de la Gent Gran informa que les activitats di\u00e0ries del Rac\u00f3 de la Gent Gran, aix\u00ed com la gimn\u00e0stica i els tallers de benestar emocional, es reprendran a partir de la segona quinzena de gener.\u00a0<\/span><\/p>\n<p><span style=\"color: #000000;\">&#8212;<\/span><\/p>\n<p><span style=\"color: #000000;\"><b>CASTELLANO |<\/b>\u00a0La Regidoria de la Gent Gran informa de que las actividades diarias del Rac\u00f3 de la Gent Gran, as\u00ed como la gimnasia y los talleres de benestar emocional, se retomar\u00e1n a partir de la segunda quincena de enero.\u00a0<\/span><\/p>\n","protected":false},"excerpt":{"rendered":"<p>La Regidoria de la Gent Gran informa que les activitats di\u00e0ries del Rac\u00f3 de la Gent Gran, aix\u00ed com la gimn\u00e0stica i els tallers de benestar emocional, es reprendran a &hellip; <a href=\"https:\/\/bisbalpenedes.com\/web\/2019\/01\/05\/les-activitats-del-raco-de-la-gent-gran-es-rependran-la-segona-quinzena-de-gener\/\" class=\"more-link\">Read More<\/a><\/p>\n","protected":false},"author":4,"featured_media":8094,"comment_status":"closed","ping_status":"closed","sticky":false,"template":"","format":"standard","meta":[],"categories":[464],"tags":[304,305,83,2115],"_links":{"self":[{"href":"https:\/\/bisbalpenedes.com\/web\/wp-json\/wp\/v2\/posts\/8280"}],"collection":[{"href":"https:\/\/bisbalpenedes.com\/web\/wp-json\/wp\/v2\/posts"}],"about":[{"href":"https:\/\/bisbalpenedes.com\/web\/wp-json\/wp\/v2\/types\/post"}],"author":[{"embeddable":true,"href":"https:\/\/bisbalpenedes.com\/web\/wp-json\/wp\/v2\/users\/4"}],"replies":[{"embeddable":true,"href":"https:\/\/bisbalpenedes.com\/web\/wp-json\/wp\/v2\/comments?post=8280"}],"version-history":[{"count":2,"href":"https:\/\/bisbalpenedes.com\/web\/wp-json\/wp\/v2\/posts\/8280\/revisions"}],"predecessor-version":[{"id":8282,"href":"https:\/\/bisbalpenedes.com\/web\/wp-json\/wp\/v2\/posts\/8280\/revisions\/8282"}],"wp:featuredmedia":[{"embeddable":true,"href":"https:\/\/bisbalpenedes.com\/web\/wp-json\/wp\/v2\/media\/8094"}],"wp:attachment":[{"href":"https:\/\/bisbalpenedes.com\/web\/wp-json\/wp\/v2\/media?parent=8280"}],"wp:term":[{"taxonomy":"category","embeddable":true,"href":"https:\/\/bisbalpenedes.com\/web\/wp-json\/wp\/v2\/categories?post=8280"},{"taxonomy":"post_tag","embeddable":true,"href":"https:\/\/bisbalpenedes.com\/web\/wp-json\/wp\/v2\/tags?post=8280"}],"curies":[{"name":"wp","href":"https:\/\/api.w.org\/{rel}","templated":true}]}}