{"id":8278,"date":"2019-01-04T15:16:04","date_gmt":"2019-01-04T14:16:04","guid":{"rendered":"http:\/\/bisbalpenedes.com\/web\/?p=8278"},"modified":"2019-01-04T15:16:04","modified_gmt":"2019-01-04T14:16:04","slug":"lajuntament-de-la-bisbal-incorporara-el-sistema-de-videoacta-als-plens-municipals","status":"publish","type":"post","link":"https:\/\/bisbalpenedes.com\/web\/2019\/01\/04\/lajuntament-de-la-bisbal-incorporara-el-sistema-de-videoacta-als-plens-municipals\/","title":{"rendered":"L\u2019Ajuntament de la Bisbal incorporar\u00e0 el sistema de v\u00eddeoacta als Plens municipals"},"content":{"rendered":"<p style=\"text-align: justify;\"><span style=\"color: #000000;\">L\u2019Ajuntament de la Bisbal del Pened\u00e8s ha aprovat, en la Junta de Govern del 3 de gener de 2019, contractar el servei i la compra del sistema de v\u00eddeoacta amb l\u2019empresa VitelSA a trav\u00e9s de la central de compres de l\u2019Associaci\u00f3 Catalana de Municipis (ACM). La v\u00eddeoacta \u00e9s un sistema de gesti\u00f3 d\u2019actes municipals que permet l\u2019elaboraci\u00f3 de les actes dels Plens municipals, de manera immediata, integrant el v\u00eddeo i els documents electr\u00f2nics signats digitalment. Aix\u00ed, combina la gravaci\u00f3 en v\u00eddeo dels Plens amb el document electr\u00f2nic que cont\u00e9 l\u2019ordre del dia del Ple i que est\u00e0 signat electr\u00f2nicament, per la secret\u00e0ria municipal, amb la finalitat de donar fe legal de l\u2019acta.<\/span><\/p>\n<p style=\"text-align: justify;\"><span style=\"color: #000000;\">Aix\u00ed, en el moment que el sistema de v\u00eddeoacta estigui instal\u00b7lat, la gravaci\u00f3 ser\u00e0 signada electr\u00f2nicament per la secret\u00e0ria, juntament amb l\u2019ordre del dia i el resultat de les votacions de cada proposta, i aquesta ser\u00e0 l\u2019acta que es portar\u00e0 a aprovaci\u00f3, amb la qual cosa ja no caldr\u00e0 que un treballador resumeixi les intervencions sin\u00f3 que el Ple estar\u00e0, al complet, dins l\u2019acta amb totes les intervencions. A m\u00e9s, aquest sistema facilitar\u00e0 tenir les actes al moment i amb l\u2019exactitud de totes les intervencions.<\/span><\/p>\n<p style=\"text-align: justify;\"><span style=\"color: #000000;\">L\u2019import de la compra ascendeix a 10.796,37\u20ac (IVA incl\u00f2s), amb c\u00e0rrec al pressupost del 2018 (on hi ha la partida corresponent) i inclou:<\/span><\/p>\n<p style=\"padding-left: 30px; text-align: justify;\"><span style=\"color: #000000;\">-El software de gravaci\u00f3, gesti\u00f3 i signatura digital<\/span><\/p>\n<p style=\"padding-left: 30px; text-align: justify;\"><span style=\"color: #000000;\">-Equip de control<\/span><\/p>\n<p style=\"padding-left: 30px; text-align: justify;\"><span style=\"color: #000000;\">-Sistema de v\u00eddeo per a la sala de Plens<\/span><\/p>\n<p style=\"padding-left: 30px; text-align: justify;\"><span style=\"color: #000000;\">-Sistema d\u2019\u00e0udio per a la sala de Plens<\/span><\/p>\n<p style=\"padding-left: 30px; text-align: justify;\"><span style=\"color: #000000;\">-Instal\u00b7laci\u00f3 i servei de formaci\u00f3 per a la posada en funcionament de la v\u00eddeoacta.<\/span><\/p>\n<hr \/>\n<p style=\"text-align: justify;\"><span style=\"color: #000000;\"><strong>CASTELLANO |<\/strong> El Ayuntamiento de la Bisbal del Pened\u00e8s ha aprobado, en la Junta de Gobierno del 3 de enero de 2019, contratar el servicio y la compra del sistema de v\u00eddeoacta con la empresa VitelSA a trav\u00e9s de la central de compras de la Associaci\u00f3 Catalana de Municipis (ACM). La v\u00eddeoacta es un sistema de gesti\u00f3n de actas municipales que permite la elaboraci\u00f3n de las actas de los Plenos municipales, de forma inmediata, integrando el v\u00eddeo y los documentos electr\u00f3nicos firmados digitalmente. As\u00ed, combina la grabaci\u00f3n en v\u00eddeo de los Plenos con el documento electr\u00f3nico que contiene el orden del d\u00eda del Pleno y que est\u00e1 firmado electr\u00f3nicamente, por la secretaria municipal, con la finalidad de dar fe legal del acta.<\/span><\/p>\n<p style=\"text-align: justify;\"><span style=\"color: #000000;\">As\u00ed, en el momento que el sistema de v\u00eddeoacta est\u00e9 instalado, la grabaci\u00f3n ser\u00e1 firmada electr\u00f3nicamente por la secretaria, junto con el orden del d\u00eda y el resultado de las votaciones de cada propuesta, y este ser\u00e1 el acta que se llevar\u00e1 a aprobaci\u00f3n, con la cual cosa no ser\u00e1 necesario que un trabajador resuma las intervenciones, sino que el Pleno estar\u00e1, al completo, dentro del acta con todas las intervenciones. Adem\u00e1s, este sistema facilitar\u00e1 tener las actas al momento y con la exactitud de todas las intervenciones.<\/span><\/p>\n<p style=\"text-align: justify;\"><span style=\"color: #000000;\">El importe de la compra asciende a 10.796,37\u20ac (IVA incluido), con cargo al presupuesto del 2018 (donde hay la partida correspondiente) e incluye:<\/span><\/p>\n<p style=\"padding-left: 30px; text-align: justify;\"><span style=\"color: #000000;\">-El software de grabaci\u00f3n, gesti\u00f3n y firma digital<\/span><\/p>\n<p style=\"padding-left: 30px; text-align: justify;\"><span style=\"color: #000000;\">-Equipo de control<\/span><\/p>\n<p style=\"padding-left: 30px; text-align: justify;\"><span style=\"color: #000000;\">-Sistema de v\u00eddeo para la sala de Plenos<\/span><\/p>\n<p style=\"padding-left: 30px; text-align: justify;\"><span style=\"color: #000000;\">-Sistema de audio para la sala de Plenos<\/span><\/p>\n<p style=\"padding-left: 30px; text-align: justify;\"><span style=\"color: #000000;\">-Instalaci\u00f3n y servicio de formaci\u00f3n para la puesta en funcionamiento de la v\u00eddeoacta<\/span><\/p>\n","protected":false},"excerpt":{"rendered":"<p>L\u2019Ajuntament de la Bisbal del Pened\u00e8s ha aprovat, en la Junta de Govern del 3 de gener de 2019, contractar el servei i la compra del sistema de v\u00eddeoacta amb &hellip; <a href=\"https:\/\/bisbalpenedes.com\/web\/2019\/01\/04\/lajuntament-de-la-bisbal-incorporara-el-sistema-de-videoacta-als-plens-municipals\/\" class=\"more-link\">Read More<\/a><\/p>\n","protected":false},"author":4,"featured_media":6737,"comment_status":"closed","ping_status":"closed","sticky":false,"template":"","format":"standard","meta":[],"categories":[2250],"tags":[2720,2719,2721,2722],"_links":{"self":[{"href":"https:\/\/bisbalpenedes.com\/web\/wp-json\/wp\/v2\/posts\/8278"}],"collection":[{"href":"https:\/\/bisbalpenedes.com\/web\/wp-json\/wp\/v2\/posts"}],"about":[{"href":"https:\/\/bisbalpenedes.com\/web\/wp-json\/wp\/v2\/types\/post"}],"author":[{"embeddable":true,"href":"https:\/\/bisbalpenedes.com\/web\/wp-json\/wp\/v2\/users\/4"}],"replies":[{"embeddable":true,"href":"https:\/\/bisbalpenedes.com\/web\/wp-json\/wp\/v2\/comments?post=8278"}],"version-history":[{"count":1,"href":"https:\/\/bisbalpenedes.com\/web\/wp-json\/wp\/v2\/posts\/8278\/revisions"}],"predecessor-version":[{"id":8279,"href":"https:\/\/bisbalpenedes.com\/web\/wp-json\/wp\/v2\/posts\/8278\/revisions\/8279"}],"wp:featuredmedia":[{"embeddable":true,"href":"https:\/\/bisbalpenedes.com\/web\/wp-json\/wp\/v2\/media\/6737"}],"wp:attachment":[{"href":"https:\/\/bisbalpenedes.com\/web\/wp-json\/wp\/v2\/media?parent=8278"}],"wp:term":[{"taxonomy":"category","embeddable":true,"href":"https:\/\/bisbalpenedes.com\/web\/wp-json\/wp\/v2\/categories?post=8278"},{"taxonomy":"post_tag","embeddable":true,"href":"https:\/\/bisbalpenedes.com\/web\/wp-json\/wp\/v2\/tags?post=8278"}],"curies":[{"name":"wp","href":"https:\/\/api.w.org\/{rel}","templated":true}]}}