{"id":8275,"date":"2019-01-04T11:51:03","date_gmt":"2019-01-04T10:51:03","guid":{"rendered":"http:\/\/bisbalpenedes.com\/web\/?p=8275"},"modified":"2019-01-04T11:52:12","modified_gmt":"2019-01-04T10:52:12","slug":"dilluns-hi-haura-servei-de-bus-a-demanda-i-a-partir-de-dimarts-a-demanda-i-amb-parades-fixes","status":"publish","type":"post","link":"https:\/\/bisbalpenedes.com\/web\/2019\/01\/04\/dilluns-hi-haura-servei-de-bus-a-demanda-i-a-partir-de-dimarts-a-demanda-i-amb-parades-fixes\/","title":{"rendered":"Dilluns hi haur\u00e0 servei de bus a demanda i, a partir de dimarts, a demanda i amb parades fixes"},"content":{"rendered":"<p style=\"text-align: justify;\"><a href=\"http:\/\/bisbalpenedes.com\/web\/wp-content\/uploads\/2018\/11\/Foto-9-11-18-13-37-37-2.jpg\"><img loading=\"lazy\" class=\"aligncenter size-medium wp-image-7839\" src=\"http:\/\/bisbalpenedes.com\/web\/wp-content\/uploads\/2018\/11\/Foto-9-11-18-13-37-37-2-300x225.jpg\" alt=\"bus hife 2\" width=\"300\" height=\"225\" srcset=\"https:\/\/bisbalpenedes.com\/web\/wp-content\/uploads\/2018\/11\/Foto-9-11-18-13-37-37-2-300x225.jpg 300w, https:\/\/bisbalpenedes.com\/web\/wp-content\/uploads\/2018\/11\/Foto-9-11-18-13-37-37-2-600x450.jpg 600w, https:\/\/bisbalpenedes.com\/web\/wp-content\/uploads\/2018\/11\/Foto-9-11-18-13-37-37-2-768x576.jpg 768w, https:\/\/bisbalpenedes.com\/web\/wp-content\/uploads\/2018\/11\/Foto-9-11-18-13-37-37-2-1024x768.jpg 1024w\" sizes=\"(max-width: 300px) 100vw, 300px\" \/><\/a><\/p>\n<p style=\"text-align: justify;\"><span style=\"color: #000000;\">L\u2019Ajuntament de la Bisbal del Pened\u00e8s continua apostant, aquest 2019, pel servei de bus urb\u00e0 amb vehicle a demanda (durant unes hores determinades del dia) i pel servei amb parades fixes, amb diferents rutes, que coincideixen amb els horaris d\u2019entrades i sortides de l\u2019institut, pensant tamb\u00e9 en les persones que a primera hora del mat\u00ed van al consultori m\u00e8dic o a darrera hora en surten. A m\u00e9s,\u00a0<span style=\"text-decoration: underline;\">a partir del 7 de gener, quan no hi hagi institut, el servei funcionar\u00e0 a demanda de 8 a 14h.<\/span><\/span><\/p>\n<p style=\"text-align: justify;\"><span style=\"color: #0000ff;\"><strong><span style=\"text-decoration: underline;\">IMPORTANT:<\/span> El dilluns 7 de gener el bus nom\u00e9s ser\u00e0 a demanda (de 8 a 14h, demanant-lo avui divendres 4 de gener) i, a partir del dia 8 de gener, ser\u00e0 a demanda i amb parades fixes. Podeu consultar els dies que el bus \u00e9s a demanda i amb parades fixes i quan nom\u00e9s \u00e9s a demanda al calendari que trobareu en aquesta mateixa p\u00e0gina.<\/strong><\/span><\/p>\n<p style=\"text-align: justify;\"><span style=\"color: #000000;\"><strong>Els preus per al bus, independentment de si es tria l\u2019opci\u00f3 de servei regular o a demanda, es redueixen<\/strong>\u00a0i, a partir d\u2019aquest gener, seran els seg\u00fcents:<\/span><\/p>\n<table>\n<tbody>\n<tr>\n<td width=\"179\"><span style=\"color: #000000;\"><strong>BITLLET<\/strong><\/span><\/td>\n<td width=\"38\"><span style=\"color: #000000;\"><strong>PREU<\/strong><\/span><\/td>\n<\/tr>\n<tr>\n<td width=\"179\"><span style=\"color: #000000;\">Bitllet senzill est\u00e0ndard<\/span><\/td>\n<td width=\"38\"><span style=\"color: #000000;\">1,00\u20ac<\/span><\/td>\n<\/tr>\n<tr>\n<td width=\"179\"><span style=\"color: #000000;\">Bitllet senzill per a jubilats<\/span><\/td>\n<td width=\"38\"><span style=\"color: #000000;\">0,60\u20ac<\/span><\/td>\n<\/tr>\n<tr>\n<td width=\"179\"><span style=\"color: #000000;\">Abonament de 10 viatges<\/span><\/td>\n<td width=\"38\"><span style=\"color: #000000;\">8,00\u20ac<\/span><\/td>\n<\/tr>\n<\/tbody>\n<\/table>\n<p style=\"padding-left: 30px;\"><span style=\"color: #000000;\"><strong>El\u00a0bitllet senzill i l&#8217;abonament es compren al bus. Per comprar el bitllet\u00a0per a jubilats, primer heu de demanar el carnet de jubilat a les oficines de l&#8217;Ajuntament (fins al 20 de gener de 2019 encara podeu usar el del 2018, mentre no tingueu el de l&#8217;any 2019).<\/strong><\/span><\/p>\n<p style=\"text-align: justify;\"><span style=\"color: #000000;\"><strong>DOS TIPUS DE SERVEI PER FER UN\u00a0MITJ\u00c0 DE TRANSPORT SOSTENIBLE I ADAPTAT A A LES NECESSITATS DE CADA USUARI<\/strong><\/span><\/p>\n<p style=\"text-align: justify; padding-left: 30px;\"><span style=\"color: #000000;\"><span style=\"text-decoration: underline;\"><strong>Servei Regular:<\/strong><\/span>\u00a0funciona de dilluns a divendres, de 07.30h a 14.30h i fa les parades en uns horaris determinats, coincidint amb l\u2019entrada i la sortida de l\u2019Institut Coster de la Torre.<\/span><\/p>\n<p style=\"text-align: justify; padding-left: 30px;\"><span style=\"color: #000000;\">L\u2019inici del recorregut \u00e9s a les 07.30h perqu\u00e8 els usuaris puguin arribar a l\u2019Institut i al consultori m\u00e8dic a les 8.00h. A les 14.30h, el bus torna a passar per l\u2019Institut i fa el recorregut per les urbanitzacions, amb dues l\u00ednies de minib\u00fas de 25 places, amb la finalitat de no allargar excessivament el trajecte.<\/span><\/p>\n<p style=\"text-align: justify; padding-left: 30px;\"><span style=\"color: #000000;\">El servei regular s\u2019ofereix els dies que hi ha institut (m\u00e9s avall us facilitem el calendari)<\/span><\/p>\n<p style=\"text-align: justify; padding-left: 30px;\"><span style=\"color: #000000;\">Podeu consultar els horaris del servei regular de bus en aquest enlla\u00e7:\u00a0<a style=\"color: #000000;\" href=\"http:\/\/bisbalpenedes.com\/web\/transports\/\" target=\"_blank\">http:\/\/bisbalpenedes.com\/web\/transports\/<\/a><\/span><\/p>\n<p style=\"text-align: justify; padding-left: 30px;\"><span style=\"color: #000000;\"><span style=\"text-decoration: underline;\"><strong>Servei a demanda (TAD):<\/strong><\/span>\u00a0funciona de dilluns a divendres amb un sol vehicle i es reserva mitjan\u00e7ant una trucada telef\u00f2nica.<\/span><\/p>\n<p style=\"text-align: justify; padding-left: 30px;\"><span style=\"color: #000000;\">Arriba a tot el municipi: el nucli, el Priorat, la Miralba, l\u2019Ortig\u00f3s, el Papagai, l\u2019Esplai, Can Gordei, la Masieta i Santa Cristina.<\/span><\/p>\n<p style=\"text-align: justify; padding-left: 30px;\"><span style=\"color: #000000;\">Els horaris s\u00f3n:<\/span><\/p>\n<ul style=\"text-align: justify;\">\n<li><span style=\"color: #000000;\">Si hi ha institut: de dilluns a divendres de 09.00h a 14.00h.<\/span><\/li>\n<li><span style=\"color: #000000;\">Els dies que no hi ha institut: de dilluns a divendres de 08.00h a 14.00h.<\/span><\/li>\n<\/ul>\n<p style=\"text-align: justify; padding-left: 30px;\"><span style=\"color: #000000;\">Per reservar el viatge cal trucar el dia abans, entre les 08.00h i les 20.00h al tel\u00e8fon gratu\u00eft\u00a0<strong>900 69 65 66<\/strong>\u00a0(en el cas de voler reservar per dilluns, caldr\u00e0 trucar el divendres). A la tarda es confirmar\u00e0 a l\u2019usuari l\u2019hora i el lloc del servei per a l\u2019endem\u00e0.<\/span><\/p>\n<p style=\"text-align: justify; padding-left: 30px;\"><span style=\"color: #000000;\">El servei de bus a demanda permet que el vehicle nom\u00e9s circuli si hi ha demanda per part dels usuaris, la qual cosa fa que el sistema de transport sigui m\u00e9s eficient i respectu\u00f3s amb el medi ambient.<\/span><\/p>\n<p style=\"text-align: justify;\"><span style=\"color: #000000;\">El tel\u00e8fon gratu\u00eft\u00a0<strong>900 69 65 66<\/strong>\u00a0\u00e9s d\u2019AMTU, l\u2019Associaci\u00f3 de Municipis per la Mobilitat i el Transport Urb\u00e0, una entitat d\u2019\u00e0mbit catal\u00e0 que treballa per la millora de la mobilitat i de les infraestructures del transport p\u00fablic d\u2019arreu de Catalunya a la que l\u2019Ajuntament de la Bisbal del Pened\u00e8s s\u2019ha adherit recentment (al Ple Ordinari del 17 de desembre de 2018 es va aprovar l\u2019adhesi\u00f3 de l\u2019Ajuntament de la Bisbal del Pened\u00e8s a AMTU).<\/span><\/p>\n<p style=\"text-align: justify;\"><a href=\"http:\/\/bisbalpenedes.com\/web\/wp-content\/uploads\/2018\/12\/CALENDARI-BUS-GENER-2019-001.jpg\"><img loading=\"lazy\" class=\"aligncenter size-full wp-image-8223\" src=\"http:\/\/bisbalpenedes.com\/web\/wp-content\/uploads\/2018\/12\/CALENDARI-BUS-GENER-2019-001.jpg\" alt=\"CALENDARI BUS GENER 2019-001\" width=\"1186\" height=\"1329\" srcset=\"https:\/\/bisbalpenedes.com\/web\/wp-content\/uploads\/2018\/12\/CALENDARI-BUS-GENER-2019-001.jpg 1186w, https:\/\/bisbalpenedes.com\/web\/wp-content\/uploads\/2018\/12\/CALENDARI-BUS-GENER-2019-001-600x672.jpg 600w, https:\/\/bisbalpenedes.com\/web\/wp-content\/uploads\/2018\/12\/CALENDARI-BUS-GENER-2019-001-268x300.jpg 268w, https:\/\/bisbalpenedes.com\/web\/wp-content\/uploads\/2018\/12\/CALENDARI-BUS-GENER-2019-001-768x861.jpg 768w, https:\/\/bisbalpenedes.com\/web\/wp-content\/uploads\/2018\/12\/CALENDARI-BUS-GENER-2019-001-914x1024.jpg 914w\" sizes=\"(max-width: 1186px) 100vw, 1186px\" \/><\/a><\/p>\n<hr \/>\n<p style=\"text-align: justify;\"><a href=\"http:\/\/bisbalpenedes.com\/web\/wp-content\/uploads\/2018\/11\/Foto-9-11-18-13-37-37-2.jpg\"><img loading=\"lazy\" class=\"aligncenter size-medium wp-image-7839\" src=\"http:\/\/bisbalpenedes.com\/web\/wp-content\/uploads\/2018\/11\/Foto-9-11-18-13-37-37-2-300x225.jpg\" alt=\"bus hife 2\" width=\"300\" height=\"225\" srcset=\"https:\/\/bisbalpenedes.com\/web\/wp-content\/uploads\/2018\/11\/Foto-9-11-18-13-37-37-2-300x225.jpg 300w, https:\/\/bisbalpenedes.com\/web\/wp-content\/uploads\/2018\/11\/Foto-9-11-18-13-37-37-2-600x450.jpg 600w, https:\/\/bisbalpenedes.com\/web\/wp-content\/uploads\/2018\/11\/Foto-9-11-18-13-37-37-2-768x576.jpg 768w, https:\/\/bisbalpenedes.com\/web\/wp-content\/uploads\/2018\/11\/Foto-9-11-18-13-37-37-2-1024x768.jpg 1024w\" sizes=\"(max-width: 300px) 100vw, 300px\" \/><\/a><\/p>\n<p style=\"text-align: justify;\"><span style=\"color: #000000;\"><strong>CASTELLANO| El Ayuntamiento de la Bisbal del Pened\u00e8s contin\u00faa apostando por el servicio de bus a demanda y con paradas y reduce el precio de los billetes<\/strong><\/span><\/p>\n<p style=\"text-align: justify;\"><span style=\"color: #000000;\">El Ayuntamiento de la Bisbal del Pened\u00e8s contin\u00faa apostando, este 2019, por el servicio de bus urbano con veh\u00edculo a demanda (durante unas horas determinadas del d\u00eda) y por el servicio con paradas fijas, con diferentes rutas, que coinciden con los horarios de las entradas y salidas del instituto, pensando tambi\u00e9n en las personas que a primera hora de la ma\u00f1ana van al consultorio m\u00e9dico o a \u00faltima hora salen de all\u00ed. Adem\u00e1s,\u00a0<span style=\"text-decoration: underline;\">a partir del 7 de enero, cuando no haya instituto, el servicio funcionar\u00e1 a demanda de 8 a 14h.<\/span><\/span><\/p>\n<p style=\"text-align: justify;\"><span style=\"color: #0000ff;\"><strong><span style=\"text-decoration: underline;\">IMPORTANTE:<\/span> El lunes 7 de enero el bus solo ser\u00e1 a demanda (de 8 a 14h, pidi\u00e9ndolo hoy viernes 4 de enero) y, a partir del d\u00eda 8 de enero, ser\u00e1 a demanda y con paradas fijas. Pod\u00e9is consultar los d\u00edas que el bus es a demanda y con paradas fijas y cu\u00e1ndo solo es a demanda en el calendario que encontrar\u00e9is en esta misma p\u00e1gina.\u00a0<\/strong><\/span><\/p>\n<p style=\"text-align: justify;\"><span style=\"color: #000000;\"><strong>Los precios para el bus, independientemente de si se escoge la opci\u00f3n de servicio regular o a demanda, se reducen<\/strong>\u00a0y, a partir de este enero, ser\u00e1n los siguientes:<\/span><\/p>\n<table>\n<tbody>\n<tr>\n<td width=\"179\"><span style=\"color: #000000;\"><strong>BILLETE<\/strong><\/span><\/td>\n<td width=\"38\"><span style=\"color: #000000;\"><strong>PRECIO<\/strong><\/span><\/td>\n<\/tr>\n<tr>\n<td width=\"179\"><span style=\"color: #000000;\">Billete sencillo est\u00e1ndar<\/span><\/td>\n<td width=\"38\"><span style=\"color: #000000;\">1,00\u20ac<\/span><\/td>\n<\/tr>\n<tr>\n<td width=\"179\"><span style=\"color: #000000;\">Billete sencillo para jubilados<\/span><\/td>\n<td width=\"38\"><span style=\"color: #000000;\">0,60\u20ac<\/span><\/td>\n<\/tr>\n<tr>\n<td width=\"179\"><span style=\"color: #000000;\">Bono de 10 viajes<\/span><\/td>\n<td width=\"38\"><span style=\"color: #000000;\">8,00\u20ac<\/span><\/td>\n<\/tr>\n<\/tbody>\n<\/table>\n<p style=\"text-align: justify; padding-left: 30px;\"><span style=\"color: #000000;\"><strong>El\u00a0billete sencillo y el bono se compran en el bus. Para comprar el\u00a0billete para jubilados, primero ten\u00e9is que pedir el carn\u00e9 del jubilado en las oficinas del Ayuntamiento (hasta el 20 de enero del 2019 todav\u00eda pod\u00e9is usar el del 2018, mientras\u00a0no teng\u00e1is el del a\u00f1o 2019).\u00a0<\/strong><\/span><\/p>\n<p style=\"text-align: justify;\"><span style=\"color: #000000;\"><strong>DOS TIPOS DE SERVICIO PARA UN MEDIO DE TRANSPORTE SOSTENIBLE Y ADAPTADO A LAS NECESIDADES DE CADA USUARIO<\/strong><\/span><\/p>\n<p style=\"text-align: justify; padding-left: 30px;\"><span style=\"color: #000000;\"><span style=\"text-decoration: underline;\"><strong>Servicio Regular:<\/strong><\/span>\u00a0funciona de lunes a viernes, de 07.30h a 14.30h y hace las paradas en unos horarios determinados, coincidiendo con la entrada y la salida del Instituto Coster de la Torre.<\/span><\/p>\n<p style=\"text-align: justify; padding-left: 30px;\"><span style=\"color: #000000;\">El inicio del recorrido es a las 07.30h para qu\u00e9 los usuarios puedan llegar al Instituto y al consultorio m\u00e9dico a las 8.00h. A las 14.30h, el bus vuelve a pasar por el Instituto y hace el recorrido por las urbanizaciones, con dos l\u00edneas de minib\u00fas de 25 plazas, con la finalidad de no alargar excesivamente el trayecto.<\/span><\/p>\n<p style=\"text-align: justify; padding-left: 30px;\"><span style=\"color: #000000;\">El servicio regular se ofrece los d\u00edas que hay instituto (m\u00e1s abajo os facilitamos el calendario).<\/span><\/p>\n<p style=\"text-align: justify; padding-left: 30px;\"><span style=\"color: #000000;\">Pod\u00e9is consultar los horarios del servicio regular de bus en este enlace:\u00a0<a style=\"color: #000000;\" href=\"http:\/\/bisbalpenedes.com\/web\/transports\/\" target=\"_blank\">http:\/\/bisbalpenedes.com\/web\/transports\/<\/a><\/span><\/p>\n<p style=\"text-align: justify; padding-left: 30px;\"><span style=\"color: #000000;\"><span style=\"text-decoration: underline;\"><strong>Servicio a demanda (TAD):<\/strong><\/span>\u00a0funciona de lunes a viernes con un solo veh\u00edculo y se reserva mediante una llamada telef\u00f3nica.<\/span><\/p>\n<p style=\"text-align: justify; padding-left: 30px;\"><span style=\"color: #000000;\">Llega a todo el municipio: el n\u00facleo, el Priorat, la Miralba, l&#8217;Ortig\u00f3s, el Papagai, l&#8217;Esplai, Can Gordei, la Masieta y Santa Cristina.<\/span><\/p>\n<p style=\"text-align: justify; padding-left: 30px;\"><span style=\"color: #000000;\">Los horarios son:<\/span><\/p>\n<ul style=\"text-align: justify;\">\n<li><span style=\"color: #000000;\">Si hay instituto: de lunes a viernes de 09.00h a 14.00h<\/span><\/li>\n<li><span style=\"color: #000000;\">Los d\u00edas que no hay instituto: de lunes a viernes de 08.00h a 14.00h<\/span><\/li>\n<\/ul>\n<p style=\"text-align: justify; padding-left: 30px;\"><span style=\"color: #000000;\">Para reservar el viaje hay que llamar el d\u00eda antes, entre las 08.00h y las 20.00h al tel\u00e9fono gratuito\u00a0<strong>900 69 65 66<\/strong>\u00a0(en el caso de querer reservar para el lunes, habr\u00e1 que llamar el viernes). Por la tarde se confirmar\u00e1 al usuario la hora y el lugar del servicio del d\u00eda siguiente.<\/span><\/p>\n<p style=\"text-align: justify; padding-left: 30px;\"><span style=\"color: #000000;\">El servicio de bus a demanda permite que el veh\u00edculo solo circule si hay demanda por parte de los usuarios, la cual cosa hace que el sistema de transporte sea m\u00e1s eficiente y respetuoso con el medio ambiente.<\/span><\/p>\n<p style=\"text-align: justify;\"><span style=\"color: #000000;\">El tel\u00e9fono gratuito\u00a0<strong>900 69 65 66<\/strong>\u00a0es de AMTU, la Associaci\u00f3 de Municipis per la Mobilitat i el Transport Urb\u00e0, una entidad de \u00e1mbito catal\u00e1n que trabaja por la mejora de la movilidad y de las infraestructuras del transporte p\u00fablico en toda Catalunya a la que el Ayuntamiento de la Bisbal del Pened\u00e8s se ha adherido recientemente (en el Pleno Ordinario del 17 de diciembre del 2018 se aprob\u00f3 la adhesi\u00f3n del Ayuntamiento de la Bisbal del Pened\u00e8s a AMTU).<\/span><\/p>\n<p><a href=\"http:\/\/bisbalpenedes.com\/web\/wp-content\/uploads\/2018\/12\/CALENDARI-BUS-GENER-2019-001.jpg\"><img loading=\"lazy\" class=\"aligncenter size-full wp-image-8223\" src=\"http:\/\/bisbalpenedes.com\/web\/wp-content\/uploads\/2018\/12\/CALENDARI-BUS-GENER-2019-001.jpg\" alt=\"CALENDARI BUS GENER 2019-001\" width=\"1186\" height=\"1329\" srcset=\"https:\/\/bisbalpenedes.com\/web\/wp-content\/uploads\/2018\/12\/CALENDARI-BUS-GENER-2019-001.jpg 1186w, https:\/\/bisbalpenedes.com\/web\/wp-content\/uploads\/2018\/12\/CALENDARI-BUS-GENER-2019-001-600x672.jpg 600w, https:\/\/bisbalpenedes.com\/web\/wp-content\/uploads\/2018\/12\/CALENDARI-BUS-GENER-2019-001-268x300.jpg 268w, https:\/\/bisbalpenedes.com\/web\/wp-content\/uploads\/2018\/12\/CALENDARI-BUS-GENER-2019-001-768x861.jpg 768w, https:\/\/bisbalpenedes.com\/web\/wp-content\/uploads\/2018\/12\/CALENDARI-BUS-GENER-2019-001-914x1024.jpg 914w\" sizes=\"(max-width: 1186px) 100vw, 1186px\" \/><\/a><\/p>\n","protected":false},"excerpt":{"rendered":"<p>L\u2019Ajuntament de la Bisbal del Pened\u00e8s continua apostant, aquest 2019, pel servei de bus urb\u00e0 amb vehicle a demanda (durant unes hores determinades del dia) i pel servei amb parades &hellip; <a href=\"https:\/\/bisbalpenedes.com\/web\/2019\/01\/04\/dilluns-hi-haura-servei-de-bus-a-demanda-i-a-partir-de-dimarts-a-demanda-i-amb-parades-fixes\/\" class=\"more-link\">Read More<\/a><\/p>\n","protected":false},"author":4,"featured_media":7839,"comment_status":"closed","ping_status":"closed","sticky":false,"template":"","format":"standard","meta":[],"categories":[2711,15],"tags":[2529,1766,2530,2672,788,2715,2714,727,2718,2717,823,2712,127,2716,2713,2007,2335],"_links":{"self":[{"href":"https:\/\/bisbalpenedes.com\/web\/wp-json\/wp\/v2\/posts\/8275"}],"collection":[{"href":"https:\/\/bisbalpenedes.com\/web\/wp-json\/wp\/v2\/posts"}],"about":[{"href":"https:\/\/bisbalpenedes.com\/web\/wp-json\/wp\/v2\/types\/post"}],"author":[{"embeddable":true,"href":"https:\/\/bisbalpenedes.com\/web\/wp-json\/wp\/v2\/users\/4"}],"replies":[{"embeddable":true,"href":"https:\/\/bisbalpenedes.com\/web\/wp-json\/wp\/v2\/comments?post=8275"}],"version-history":[{"count":1,"href":"https:\/\/bisbalpenedes.com\/web\/wp-json\/wp\/v2\/posts\/8275\/revisions"}],"predecessor-version":[{"id":8276,"href":"https:\/\/bisbalpenedes.com\/web\/wp-json\/wp\/v2\/posts\/8275\/revisions\/8276"}],"wp:featuredmedia":[{"embeddable":true,"href":"https:\/\/bisbalpenedes.com\/web\/wp-json\/wp\/v2\/media\/7839"}],"wp:attachment":[{"href":"https:\/\/bisbalpenedes.com\/web\/wp-json\/wp\/v2\/media?parent=8275"}],"wp:term":[{"taxonomy":"category","embeddable":true,"href":"https:\/\/bisbalpenedes.com\/web\/wp-json\/wp\/v2\/categories?post=8275"},{"taxonomy":"post_tag","embeddable":true,"href":"https:\/\/bisbalpenedes.com\/web\/wp-json\/wp\/v2\/tags?post=8275"}],"curies":[{"name":"wp","href":"https:\/\/api.w.org\/{rel}","templated":true}]}}