{"id":8268,"date":"2019-01-03T16:37:02","date_gmt":"2019-01-03T15:37:02","guid":{"rendered":"http:\/\/bisbalpenedes.com\/web\/?p=8268"},"modified":"2019-01-03T16:43:52","modified_gmt":"2019-01-03T15:43:52","slug":"comunicat-de-lajuntament-de-la-bisbal-del-penedes-sobre-gos-que-estava-atrapat-en-un-habitatge-de-lesplai","status":"publish","type":"post","link":"https:\/\/bisbalpenedes.com\/web\/2019\/01\/03\/comunicat-de-lajuntament-de-la-bisbal-del-penedes-sobre-gos-que-estava-atrapat-en-un-habitatge-de-lesplai\/","title":{"rendered":"Comunicat de l\u2019Ajuntament de la Bisbal del Pened\u00e8s sobre gos que estava atrapat en un habitatge de l&#8217;Esplai"},"content":{"rendered":"<p style=\"text-align: justify;\"><a href=\"http:\/\/bisbalpenedes.com\/web\/wp-content\/uploads\/2019\/01\/GOS-LESPLAI-ALLIBERAT-e1546529606871.jpg\"><img loading=\"lazy\" class=\"aligncenter size-large wp-image-8269\" src=\"http:\/\/bisbalpenedes.com\/web\/wp-content\/uploads\/2019\/01\/GOS-LESPLAI-ALLIBERAT-e1546529606871-1024x640.jpg\" alt=\"GOS L'ESPLAI ALLIBERAT\" width=\"630\" height=\"394\" srcset=\"https:\/\/bisbalpenedes.com\/web\/wp-content\/uploads\/2019\/01\/GOS-LESPLAI-ALLIBERAT-e1546529606871-1024x640.jpg 1024w, https:\/\/bisbalpenedes.com\/web\/wp-content\/uploads\/2019\/01\/GOS-LESPLAI-ALLIBERAT-e1546529606871-600x375.jpg 600w, https:\/\/bisbalpenedes.com\/web\/wp-content\/uploads\/2019\/01\/GOS-LESPLAI-ALLIBERAT-e1546529606871-300x188.jpg 300w, https:\/\/bisbalpenedes.com\/web\/wp-content\/uploads\/2019\/01\/GOS-LESPLAI-ALLIBERAT-e1546529606871-768x480.jpg 768w, https:\/\/bisbalpenedes.com\/web\/wp-content\/uploads\/2019\/01\/GOS-LESPLAI-ALLIBERAT-e1546529606871.jpg 1388w\" sizes=\"(max-width: 630px) 100vw, 630px\" \/><\/a><\/p>\n<p style=\"text-align: justify;\"><span style=\"color: #000000;\">En relaci\u00f3 al gos que estava atrapat en un habitatge del barri de l\u2019Esplai de la Bisbal del Pened\u00e8s, l\u2019Ajuntament de la Bisbal del Pened\u00e8s us fa saber:<\/span><\/p>\n<ul style=\"text-align: justify;\">\n<li><span style=\"color: #000000;\">Que l\u2019Ajuntament ha tingut const\u00e0ncia d\u2019aquests fets el dia 2 de gener de 2019 i ha intentat localitzar els propietaris de l\u2019habitatge, sense \u00e8xit. Abans d\u2019aquesta data, l\u2019Ajuntament no ha rebut cap av\u00eds sobre aquesta situaci\u00f3.<\/span><\/li>\n<\/ul>\n<ul style=\"text-align: justify;\">\n<li><span style=\"color: #000000;\">Que, com que no s\u2019han trobat els propietaris, s\u2019ha avisat els Mossos d\u2019Esquadra i el Servei de Protecci\u00f3 de la Natura (SEPRONA) de la Gu\u00e0rdia Civil.<\/span><\/li>\n<\/ul>\n<ul style=\"text-align: justify;\">\n<li><span style=\"color: #000000;\">Que l\u2019Ajuntament de la Bisbal del Pened\u00e8s no pot accedir a un habitatge privat sense autoritzaci\u00f3 judicial i que, per aix\u00f2, s\u2019ha encarregat de l\u2019alliberament del gos el Servei de Protecci\u00f3 de la Natura (SEPRONA) de la Gu\u00e0rdia Civil.<\/span><\/li>\n<\/ul>\n<ul style=\"text-align: justify;\">\n<li><span style=\"color: #000000;\">Que el gos ha estat alliberat donat el seu estat de necessitat i sempre buscant el seu benestar.<\/span><\/li>\n<\/ul>\n<ul style=\"text-align: justify;\">\n<li><span style=\"color: #000000;\">Que l\u2019Ajuntament ha estat fent el seguiment del cas i ha estat en contacte continu amb el Servei de Protecci\u00f3 de la Natura (SEPRONA) de la Gu\u00e0rdia Civil.<\/span><\/li>\n<\/ul>\n<ul style=\"text-align: justify;\">\n<li><span style=\"color: #000000;\">Que el gos no est\u00e0 censat a l\u2019Ajuntament i que no disposa de xip identificatiu.<\/span><\/li>\n<\/ul>\n<ul style=\"text-align: justify;\">\n<li><span style=\"color: #000000;\">Que l\u2019Ajuntament de la Bisbal del Pened\u00e8s procedir\u00e0 a emprendre les accions legals oportunes contra els propietaris de l\u2019habitatge per les condicions en les quals es trobava l\u2019animal.\n<p><\/span><\/li>\n<li><span style=\"color: #000000;\"><span style=\"color: #000000;\">Que el gos ha quedat alliberat al terreny de la finca per\u00f2 com que l\u2019Ajuntament no pot accedir a una propietat privada, una vegada disposi de l\u2019acta redactada pel SEPRONA procedir\u00e0 a demanar autoritzaci\u00f3 judicial per poder accedir a la finca i poder entregar l\u2019animal a una protectora d\u2019animals, sempre que no apareguin abans els propietaris i es puguin esclarir els fets.\n<p><\/span><\/span><\/li>\n<li><span style=\"color: #000000;\">Que l\u2019Ajuntament de la Bisbal del Pened\u00e8s proveir\u00e0 d\u2019aliments i aigua el gos, mentre no es disposi de l\u2019autoritzaci\u00f3 judicial, i que buscar\u00e0 solucions per a la seva protecci\u00f3 i benestar si no apareixen els propietaris de l\u2019animal.<\/span><\/li>\n<\/ul>\n<hr \/>\n<p style=\"text-align: justify;\"><span style=\"color: #000000;\"><strong>CASTELLANO |<\/strong> En relaci\u00f3n con el perro que estaba atrapado en una vivienda del barrio de l&#8217;Esplai de la Bisbal del Pened\u00e8s, el Ayuntamiento de la Bisbal del Pened\u00e8s os hace saber:<\/span><\/p>\n<ul>\n<li style=\"text-align: justify;\"><span style=\"color: #000000;\"><span style=\"color: #000000;\">Que el Ayuntamiento ha tenido constancia de estos hechos el d\u00eda 2 de enero del 2019 y que ha intentado localizar a los propietarios de la vivienda, sin \u00e9xito. Antes de esta fecha, el Ayuntamiento no ha recibido ning\u00fan aviso sobre esta situaci\u00f3n.\n<p><\/span><\/span><\/li>\n<li style=\"text-align: justify;\"><span style=\"color: #000000;\"><span style=\"color: #000000;\">Que, como que no se ha encontrado a los propietarios, se ha avisado a los Mossos d&#8217;Esquadra y al Servicio de Protecci\u00f3n de la Naturaleza\u00a0(SEPRONA) de la Guardia Civil.\n<p><\/span><\/span><\/li>\n<li style=\"text-align: justify;\"><span style=\"color: #000000;\">Que el Ayuntamiento de la Bisbal del Pened\u00e8s no puede acceder a una vivienda privada sin autorizaci\u00f3n judicial y que, por este motivo, se ha encargado de la liberaci\u00f3n del perro el Servicio de Protecci\u00f3n de la Naturaleza (SEPRONA) de la Guardia Civil.\n<p><\/span><\/li>\n<li style=\"text-align: justify;\"><span style=\"color: #000000;\">Que el perro ha sido liberado dado su estado de necesidad y siempre buscando su bienestar.\n<p><\/span><\/li>\n<li style=\"text-align: justify;\"><span style=\"color: #000000;\"><span style=\"color: #000000;\">Que el Ayuntamiento ha estado haciendo el seguimiento del caso y ha estado en contacto continuo con el Servicio de Protecci\u00f3n de la Naturaleza (SEPRONA) de la Guardia Civil.\n<p><\/span><\/span><\/li>\n<li style=\"text-align: justify;\"><span style=\"color: #000000;\"><span style=\"color: #000000;\">Que el perro no est\u00e1 censado en el Ayuntamiento y que no dispone de chip identificativo.\n<p><\/span><\/span><\/li>\n<li style=\"text-align: justify;\"><span style=\"color: #000000;\"><span style=\"color: #000000;\">Que el Ayuntamiento de la Bisbal del Pened\u00e8s proceder\u00e1 a emprender las acciones legales oportunas contra los propietarios de la vivienda por las condiciones en las cuales se encontraba el animal.\n<p><\/span><\/span><\/li>\n<li style=\"text-align: justify;\"><span style=\"color: #000000;\"><span style=\"color: #000000;\">Que el perro ha quedado liberado en el terreno de la finca pero, como que el Ayuntamiento no puede acceder a una propiedad privada, una vez disponga del acta redactada por el SEPRONA proceder\u00e1 a pedir autorizaci\u00f3n judicial para poder acceder a la finca y poder entregar al animal a una protectora de animales, siempre y cuando no aparezcan los propietarios y se puedan esclarecer los hechos.<br \/>\n<\/span><\/span><\/li>\n<li style=\"text-align: justify;\"><span style=\"color: #000000;\">Que el Ayuntamiento de la Bisbal del Pened\u00e8s proveer\u00e1 de alimentos y agua al perro, mientras no se disponga de la autorizaci\u00f3n judicial, y que buscar\u00e1 soluciones para su protecci\u00f3n y bienestar si no aparecen los propietarios del animal.<\/span><\/li>\n<\/ul>\n<p>&nbsp;<\/p>\n","protected":false},"excerpt":{"rendered":"<p>En relaci\u00f3 al gos que estava atrapat en un habitatge del barri de l\u2019Esplai de la Bisbal del Pened\u00e8s, l\u2019Ajuntament de la Bisbal del Pened\u00e8s us fa saber: Que l\u2019Ajuntament &hellip; <a href=\"https:\/\/bisbalpenedes.com\/web\/2019\/01\/03\/comunicat-de-lajuntament-de-la-bisbal-del-penedes-sobre-gos-que-estava-atrapat-en-un-habitatge-de-lesplai\/\" class=\"more-link\">Read More<\/a><\/p>\n","protected":false},"author":4,"featured_media":8269,"comment_status":"closed","ping_status":"closed","sticky":false,"template":"","format":"standard","meta":[],"categories":[32],"tags":[138,1594,2710,220,2709],"_links":{"self":[{"href":"https:\/\/bisbalpenedes.com\/web\/wp-json\/wp\/v2\/posts\/8268"}],"collection":[{"href":"https:\/\/bisbalpenedes.com\/web\/wp-json\/wp\/v2\/posts"}],"about":[{"href":"https:\/\/bisbalpenedes.com\/web\/wp-json\/wp\/v2\/types\/post"}],"author":[{"embeddable":true,"href":"https:\/\/bisbalpenedes.com\/web\/wp-json\/wp\/v2\/users\/4"}],"replies":[{"embeddable":true,"href":"https:\/\/bisbalpenedes.com\/web\/wp-json\/wp\/v2\/comments?post=8268"}],"version-history":[{"count":4,"href":"https:\/\/bisbalpenedes.com\/web\/wp-json\/wp\/v2\/posts\/8268\/revisions"}],"predecessor-version":[{"id":8273,"href":"https:\/\/bisbalpenedes.com\/web\/wp-json\/wp\/v2\/posts\/8268\/revisions\/8273"}],"wp:featuredmedia":[{"embeddable":true,"href":"https:\/\/bisbalpenedes.com\/web\/wp-json\/wp\/v2\/media\/8269"}],"wp:attachment":[{"href":"https:\/\/bisbalpenedes.com\/web\/wp-json\/wp\/v2\/media?parent=8268"}],"wp:term":[{"taxonomy":"category","embeddable":true,"href":"https:\/\/bisbalpenedes.com\/web\/wp-json\/wp\/v2\/categories?post=8268"},{"taxonomy":"post_tag","embeddable":true,"href":"https:\/\/bisbalpenedes.com\/web\/wp-json\/wp\/v2\/tags?post=8268"}],"curies":[{"name":"wp","href":"https:\/\/api.w.org\/{rel}","templated":true}]}}