{"id":8260,"date":"2019-01-02T15:54:15","date_gmt":"2019-01-02T14:54:15","guid":{"rendered":"http:\/\/bisbalpenedes.com\/web\/?p=8260"},"modified":"2019-01-02T15:57:05","modified_gmt":"2019-01-02T14:57:05","slug":"la-comissio-de-festes-de-can-gordei-i-el-bar-polideportivo-de-can-gordei-han-organitzat-un-pessebre-vivent-i-una-xocolatada","status":"publish","type":"post","link":"https:\/\/bisbalpenedes.com\/web\/2019\/01\/02\/la-comissio-de-festes-de-can-gordei-i-el-bar-polideportivo-de-can-gordei-han-organitzat-un-pessebre-vivent-i-una-xocolatada\/","title":{"rendered":"La Comissi\u00f3 de Festes de Can Gordei i el Bar Polideportivo de Can Gordei han organitzat un pessebre vivent i una xocolatada"},"content":{"rendered":"<p><span style=\"color: #000000;\">El dissabte 5 de gener arriben els Reis Mags a la Bisbal del Pened\u00e8s i els diferents barris i entitats estan preparant les seves activitats. En el cas de Can Gordei, podreu ajudar els Patges a preparar els regals entre les 09:00h i les 14:00h.\u00a0<\/span><\/p>\n<p><span style=\"color: #000000;\">A partir de les 17:00h podreu contemplar el Pessebre Vivent i a les 17:30h es far\u00e0 una xocolatada.\u00a0<\/span><\/p>\n<p><span style=\"color: #000000;\">L&#8217;arribada de SSMM els Reis Mags est\u00e0 prevista entre les 18:45h i les 19:00h.<\/span><\/p>\n<hr \/>\n<p><span style=\"color: #000000;\"><strong>CASTELLANO |<\/strong> El s\u00e1bado 5 de enero llegan los Reyes Magos a la Bisbal del Pened\u00e8s y los distintos barrios y entidades est\u00e1n preparando sus actividades. En el caso de Can Gordei, podr\u00e9is ayudar a los Pajes a preparar los regalos entre las 09:00h y las 14:00h.<\/span><\/p>\n<p><span style=\"color: #000000;\">A partir de las 17:00h podr\u00e9is contemplar el Bel\u00e9n Viviente y a las 17:30h se har\u00e1 una chocolatada.<\/span><\/p>\n<p><span style=\"color: #000000;\">La llegada de SSMM los Reyes Magos est\u00e1 prevista entre las 18:45h y las 19:00h.<\/span><\/p>\n<p><a href=\"http:\/\/bisbalpenedes.com\/web\/wp-content\/uploads\/2018\/02\/can-gordei-reis-2019.jpg\"><img loading=\"lazy\" class=\"aligncenter size-full wp-image-8255\" src=\"http:\/\/bisbalpenedes.com\/web\/wp-content\/uploads\/2018\/02\/can-gordei-reis-2019.jpg\" alt=\"can gordei - reis 2019\" width=\"960\" height=\"682\" srcset=\"https:\/\/bisbalpenedes.com\/web\/wp-content\/uploads\/2018\/02\/can-gordei-reis-2019.jpg 960w, https:\/\/bisbalpenedes.com\/web\/wp-content\/uploads\/2018\/02\/can-gordei-reis-2019-600x426.jpg 600w, https:\/\/bisbalpenedes.com\/web\/wp-content\/uploads\/2018\/02\/can-gordei-reis-2019-300x213.jpg 300w, https:\/\/bisbalpenedes.com\/web\/wp-content\/uploads\/2018\/02\/can-gordei-reis-2019-768x546.jpg 768w\" sizes=\"(max-width: 960px) 100vw, 960px\" \/><\/a><\/p>\n<p><a href=\"http:\/\/bisbalpenedes.com\/web\/wp-content\/uploads\/2018\/02\/belen-viviente-can-gordei-2019.jpg\"><img loading=\"lazy\" class=\"aligncenter size-full wp-image-8254\" src=\"http:\/\/bisbalpenedes.com\/web\/wp-content\/uploads\/2018\/02\/belen-viviente-can-gordei-2019.jpg\" alt=\"belen viviente can gordei 2019\" width=\"960\" height=\"682\" srcset=\"https:\/\/bisbalpenedes.com\/web\/wp-content\/uploads\/2018\/02\/belen-viviente-can-gordei-2019.jpg 960w, https:\/\/bisbalpenedes.com\/web\/wp-content\/uploads\/2018\/02\/belen-viviente-can-gordei-2019-600x426.jpg 600w, https:\/\/bisbalpenedes.com\/web\/wp-content\/uploads\/2018\/02\/belen-viviente-can-gordei-2019-300x213.jpg 300w, https:\/\/bisbalpenedes.com\/web\/wp-content\/uploads\/2018\/02\/belen-viviente-can-gordei-2019-768x546.jpg 768w\" sizes=\"(max-width: 960px) 100vw, 960px\" \/><\/a><\/p>\n","protected":false},"excerpt":{"rendered":"<p>El dissabte 5 de gener arriben els Reis Mags a la Bisbal del Pened\u00e8s i els diferents barris i entitats estan preparant les seves activitats. En el cas de Can &hellip; <a href=\"https:\/\/bisbalpenedes.com\/web\/2019\/01\/02\/la-comissio-de-festes-de-can-gordei-i-el-bar-polideportivo-de-can-gordei-han-organitzat-un-pessebre-vivent-i-una-xocolatada\/\" class=\"more-link\">Read More<\/a><\/p>\n","protected":false},"author":4,"featured_media":8255,"comment_status":"closed","ping_status":"closed","sticky":false,"template":"","format":"standard","meta":[],"categories":[20],"tags":[198,2708,984,1241],"_links":{"self":[{"href":"https:\/\/bisbalpenedes.com\/web\/wp-json\/wp\/v2\/posts\/8260"}],"collection":[{"href":"https:\/\/bisbalpenedes.com\/web\/wp-json\/wp\/v2\/posts"}],"about":[{"href":"https:\/\/bisbalpenedes.com\/web\/wp-json\/wp\/v2\/types\/post"}],"author":[{"embeddable":true,"href":"https:\/\/bisbalpenedes.com\/web\/wp-json\/wp\/v2\/users\/4"}],"replies":[{"embeddable":true,"href":"https:\/\/bisbalpenedes.com\/web\/wp-json\/wp\/v2\/comments?post=8260"}],"version-history":[{"count":5,"href":"https:\/\/bisbalpenedes.com\/web\/wp-json\/wp\/v2\/posts\/8260\/revisions"}],"predecessor-version":[{"id":8265,"href":"https:\/\/bisbalpenedes.com\/web\/wp-json\/wp\/v2\/posts\/8260\/revisions\/8265"}],"wp:featuredmedia":[{"embeddable":true,"href":"https:\/\/bisbalpenedes.com\/web\/wp-json\/wp\/v2\/media\/8255"}],"wp:attachment":[{"href":"https:\/\/bisbalpenedes.com\/web\/wp-json\/wp\/v2\/media?parent=8260"}],"wp:term":[{"taxonomy":"category","embeddable":true,"href":"https:\/\/bisbalpenedes.com\/web\/wp-json\/wp\/v2\/categories?post=8260"},{"taxonomy":"post_tag","embeddable":true,"href":"https:\/\/bisbalpenedes.com\/web\/wp-json\/wp\/v2\/tags?post=8260"}],"curies":[{"name":"wp","href":"https:\/\/api.w.org\/{rel}","templated":true}]}}