{"id":8247,"date":"2019-01-02T14:56:27","date_gmt":"2019-01-02T13:56:27","guid":{"rendered":"http:\/\/bisbalpenedes.com\/web\/?p=8247"},"modified":"2019-01-02T15:12:33","modified_gmt":"2019-01-02T14:12:33","slug":"els-dies-4-i-5-de-gener-tindra-lloc-la-recollida-dencarrecs-reials-organitzada-per-la-societat-cultural-i-recreativa-bisbalenca","status":"publish","type":"post","link":"https:\/\/bisbalpenedes.com\/web\/2019\/01\/02\/els-dies-4-i-5-de-gener-tindra-lloc-la-recollida-dencarrecs-reials-organitzada-per-la-societat-cultural-i-recreativa-bisbalenca\/","title":{"rendered":"Els dies 4 i 5 de gener tindr\u00e0 lloc la recollida d&#8217;enc\u00e0rrecs reials organitzada per la Societat Cultural i Recreativa Bisbalenca"},"content":{"rendered":"<p><a href=\"http:\/\/bisbalpenedes.com\/web\/wp-content\/uploads\/2019\/01\/PHOTO-2019-01-02-13-50-49-1.jpg\"><img loading=\"lazy\" class=\"aligncenter size-large wp-image-8249\" src=\"http:\/\/bisbalpenedes.com\/web\/wp-content\/uploads\/2019\/01\/PHOTO-2019-01-02-13-50-49-1-724x1024.jpg\" alt=\"PHOTO-2019-01-02-13-50-49\" width=\"630\" height=\"891\" srcset=\"https:\/\/bisbalpenedes.com\/web\/wp-content\/uploads\/2019\/01\/PHOTO-2019-01-02-13-50-49-1-724x1024.jpg 724w, https:\/\/bisbalpenedes.com\/web\/wp-content\/uploads\/2019\/01\/PHOTO-2019-01-02-13-50-49-1-600x849.jpg 600w, https:\/\/bisbalpenedes.com\/web\/wp-content\/uploads\/2019\/01\/PHOTO-2019-01-02-13-50-49-1-212x300.jpg 212w, https:\/\/bisbalpenedes.com\/web\/wp-content\/uploads\/2019\/01\/PHOTO-2019-01-02-13-50-49-1-768x1086.jpg 768w, https:\/\/bisbalpenedes.com\/web\/wp-content\/uploads\/2019\/01\/PHOTO-2019-01-02-13-50-49-1.jpg 842w\" sizes=\"(max-width: 630px) 100vw, 630px\" \/><\/a><\/p>\n<p><span style=\"color: #000000;\">Els dies 4 i 5 de gener tindr\u00e0 lloc la recollida d&#8217;enc\u00e0rrecs reials organitzada per la Societat Cultural i Recreativa Bisbalenca.<\/span><\/p>\n<hr \/>\n<p><span style=\"color: #000000;\">Los d\u00edas 4 y 5 de enero tendr\u00e1 lugar la recogida de encargos reales organizada por la Societat Cultural i Recreativa Bisbalenca.<\/span><\/p>\n","protected":false},"excerpt":{"rendered":"<p>Els dies 4 i 5 de gener tindr\u00e0 lloc la recollida d&#8217;enc\u00e0rrecs reials organitzada per la Societat Cultural i Recreativa Bisbalenca. Los d\u00edas 4 y 5 de enero tendr\u00e1 lugar &hellip; <a href=\"https:\/\/bisbalpenedes.com\/web\/2019\/01\/02\/els-dies-4-i-5-de-gener-tindra-lloc-la-recollida-dencarrecs-reials-organitzada-per-la-societat-cultural-i-recreativa-bisbalenca\/\" class=\"more-link\">Read More<\/a><\/p>\n","protected":false},"author":4,"featured_media":8248,"comment_status":"closed","ping_status":"closed","sticky":false,"template":"","format":"standard","meta":[],"categories":[20],"tags":[2707,300,1085,97,1084,984,2612],"_links":{"self":[{"href":"https:\/\/bisbalpenedes.com\/web\/wp-json\/wp\/v2\/posts\/8247"}],"collection":[{"href":"https:\/\/bisbalpenedes.com\/web\/wp-json\/wp\/v2\/posts"}],"about":[{"href":"https:\/\/bisbalpenedes.com\/web\/wp-json\/wp\/v2\/types\/post"}],"author":[{"embeddable":true,"href":"https:\/\/bisbalpenedes.com\/web\/wp-json\/wp\/v2\/users\/4"}],"replies":[{"embeddable":true,"href":"https:\/\/bisbalpenedes.com\/web\/wp-json\/wp\/v2\/comments?post=8247"}],"version-history":[{"count":2,"href":"https:\/\/bisbalpenedes.com\/web\/wp-json\/wp\/v2\/posts\/8247\/revisions"}],"predecessor-version":[{"id":8252,"href":"https:\/\/bisbalpenedes.com\/web\/wp-json\/wp\/v2\/posts\/8247\/revisions\/8252"}],"wp:featuredmedia":[{"embeddable":true,"href":"https:\/\/bisbalpenedes.com\/web\/wp-json\/wp\/v2\/media\/8248"}],"wp:attachment":[{"href":"https:\/\/bisbalpenedes.com\/web\/wp-json\/wp\/v2\/media?parent=8247"}],"wp:term":[{"taxonomy":"category","embeddable":true,"href":"https:\/\/bisbalpenedes.com\/web\/wp-json\/wp\/v2\/categories?post=8247"},{"taxonomy":"post_tag","embeddable":true,"href":"https:\/\/bisbalpenedes.com\/web\/wp-json\/wp\/v2\/tags?post=8247"}],"curies":[{"name":"wp","href":"https:\/\/api.w.org\/{rel}","templated":true}]}}