{"id":8242,"date":"2019-01-02T14:53:41","date_gmt":"2019-01-02T13:53:41","guid":{"rendered":"http:\/\/bisbalpenedes.com\/web\/?p=8242"},"modified":"2019-01-02T14:54:17","modified_gmt":"2019-01-02T13:54:17","slug":"els-dies-4-i-5-de-gener-tindra-lloc-la-recollida-dencarrecs-reials-al-club-segle-xx","status":"publish","type":"post","link":"https:\/\/bisbalpenedes.com\/web\/2019\/01\/02\/els-dies-4-i-5-de-gener-tindra-lloc-la-recollida-dencarrecs-reials-al-club-segle-xx\/","title":{"rendered":"Els dies 4 i 5 de gener tindr\u00e0 lloc la recollida d&#8217;enc\u00e0rrecs reials organitzada pel Club Segle XX"},"content":{"rendered":"<p><a href=\"http:\/\/bisbalpenedes.com\/web\/wp-content\/uploads\/2019\/01\/reis-2019_publi_poli.jpg\"><img loading=\"lazy\" class=\"aligncenter size-large wp-image-8243\" src=\"http:\/\/bisbalpenedes.com\/web\/wp-content\/uploads\/2019\/01\/reis-2019_publi_poli-724x1024.jpg\" alt=\"reis-2019_publi_poli\" width=\"630\" height=\"891\" srcset=\"https:\/\/bisbalpenedes.com\/web\/wp-content\/uploads\/2019\/01\/reis-2019_publi_poli-724x1024.jpg 724w, https:\/\/bisbalpenedes.com\/web\/wp-content\/uploads\/2019\/01\/reis-2019_publi_poli-600x849.jpg 600w, https:\/\/bisbalpenedes.com\/web\/wp-content\/uploads\/2019\/01\/reis-2019_publi_poli-212x300.jpg 212w, https:\/\/bisbalpenedes.com\/web\/wp-content\/uploads\/2019\/01\/reis-2019_publi_poli-768x1086.jpg 768w, https:\/\/bisbalpenedes.com\/web\/wp-content\/uploads\/2019\/01\/reis-2019_publi_poli.jpg 842w\" sizes=\"(max-width: 630px) 100vw, 630px\" \/><\/a><\/p>\n<p><span style=\"color: #000000;\">Els dies 4 i 5 de gener tindr\u00e0 lloc la recollida d&#8217;enc\u00e0rrecs reials al Poliesportiu Municipal, organitzada pel Club Segle XX.<\/span><\/p>\n<hr \/>\n<p><span style=\"color: #000000;\">Los d\u00edas 4 y 5 de enero tendr\u00e1 lugar la recogida de encargos reales en el Polideportivo Municipal, organizada por el Club Segle XX.<\/span><\/p>\n","protected":false},"excerpt":{"rendered":"<p>Els dies 4 i 5 de gener tindr\u00e0 lloc la recollida d&#8217;enc\u00e0rrecs reials al Poliesportiu Municipal, organitzada pel Club Segle XX. Los d\u00edas 4 y 5 de enero tendr\u00e1 lugar &hellip; <a href=\"https:\/\/bisbalpenedes.com\/web\/2019\/01\/02\/els-dies-4-i-5-de-gener-tindra-lloc-la-recollida-dencarrecs-reials-al-club-segle-xx\/\" class=\"more-link\">Read More<\/a><\/p>\n","protected":false},"author":4,"featured_media":8243,"comment_status":"closed","ping_status":"closed","sticky":false,"template":"","format":"standard","meta":[],"categories":[20],"tags":[2707,1085,1084,984,2612],"_links":{"self":[{"href":"https:\/\/bisbalpenedes.com\/web\/wp-json\/wp\/v2\/posts\/8242"}],"collection":[{"href":"https:\/\/bisbalpenedes.com\/web\/wp-json\/wp\/v2\/posts"}],"about":[{"href":"https:\/\/bisbalpenedes.com\/web\/wp-json\/wp\/v2\/types\/post"}],"author":[{"embeddable":true,"href":"https:\/\/bisbalpenedes.com\/web\/wp-json\/wp\/v2\/users\/4"}],"replies":[{"embeddable":true,"href":"https:\/\/bisbalpenedes.com\/web\/wp-json\/wp\/v2\/comments?post=8242"}],"version-history":[{"count":3,"href":"https:\/\/bisbalpenedes.com\/web\/wp-json\/wp\/v2\/posts\/8242\/revisions"}],"predecessor-version":[{"id":8246,"href":"https:\/\/bisbalpenedes.com\/web\/wp-json\/wp\/v2\/posts\/8242\/revisions\/8246"}],"wp:featuredmedia":[{"embeddable":true,"href":"https:\/\/bisbalpenedes.com\/web\/wp-json\/wp\/v2\/media\/8243"}],"wp:attachment":[{"href":"https:\/\/bisbalpenedes.com\/web\/wp-json\/wp\/v2\/media?parent=8242"}],"wp:term":[{"taxonomy":"category","embeddable":true,"href":"https:\/\/bisbalpenedes.com\/web\/wp-json\/wp\/v2\/categories?post=8242"},{"taxonomy":"post_tag","embeddable":true,"href":"https:\/\/bisbalpenedes.com\/web\/wp-json\/wp\/v2\/tags?post=8242"}],"curies":[{"name":"wp","href":"https:\/\/api.w.org\/{rel}","templated":true}]}}