{"id":8214,"date":"2018-12-27T19:05:13","date_gmt":"2018-12-27T18:05:13","guid":{"rendered":"http:\/\/bisbalpenedes.com\/web\/?p=8214"},"modified":"2018-12-29T15:38:13","modified_gmt":"2018-12-29T14:38:13","slug":"el-diumenge-30-de-desembre-arriba-el-patge-reial-a-la-bisbal","status":"publish","type":"post","link":"https:\/\/bisbalpenedes.com\/web\/2018\/12\/27\/el-diumenge-30-de-desembre-arriba-el-patge-reial-a-la-bisbal\/","title":{"rendered":"El diumenge 30 de desembre arriba el Patge Reial a la Bisbal"},"content":{"rendered":"<div class=\"\" data-block=\"true\" data-editor=\"d04k2\" data-offset-key=\"3k36q-0-0\">\n<div class=\"_1mf _1mj\" data-offset-key=\"3k36q-0-0\"><a href=\"http:\/\/bisbalpenedes.com\/web\/wp-content\/uploads\/2018\/12\/patge-reial.jpg\"><img loading=\"lazy\" class=\"aligncenter size-medium wp-image-8215\" src=\"http:\/\/bisbalpenedes.com\/web\/wp-content\/uploads\/2018\/12\/patge-reial-300x225.jpg\" alt=\"patge reial 2018\" width=\"300\" height=\"225\" srcset=\"https:\/\/bisbalpenedes.com\/web\/wp-content\/uploads\/2018\/12\/patge-reial-300x225.jpg 300w, https:\/\/bisbalpenedes.com\/web\/wp-content\/uploads\/2018\/12\/patge-reial-600x450.jpg 600w, https:\/\/bisbalpenedes.com\/web\/wp-content\/uploads\/2018\/12\/patge-reial-768x576.jpg 768w, https:\/\/bisbalpenedes.com\/web\/wp-content\/uploads\/2018\/12\/patge-reial.jpg 960w\" sizes=\"(max-width: 300px) 100vw, 300px\" \/><\/a><\/div>\n<div class=\"_1mf _1mj\" data-offset-key=\"3k36q-0-0\"><span style=\"color: #000000;\" data-offset-key=\"3k36q-0-0\"><span data-text=\"true\">La Regidoria de Cultura informa que el proper diumenge 30 de desembre arriba el Patge Reial a la Bisbal del Pened\u00e8s. Ens ha fet arribar una carta on explica que vindr\u00e0 a la pla\u00e7a Pau Casals, on podreu gaudir de diverses activitats:<\/span><\/span><\/div>\n<\/div>\n<div class=\"\" data-block=\"true\" data-editor=\"d04k2\" data-offset-key=\"3bode-0-0\">\n<ul>\n<li class=\"_1mf _1mj\" data-offset-key=\"3bode-0-0\"><span style=\"color: #000000;\" data-offset-key=\"3bode-0-0\"><span data-text=\"true\">A partir de les 11h els nens i nenes podreu fer dibuixos i entrar en el sorteig per pujar al balc\u00f3 de l&#8217;Ajuntament i saludar-los la nit de Reis.<\/span><\/span><\/li>\n<\/ul>\n<\/div>\n<div class=\"\" data-block=\"true\" data-editor=\"d04k2\" data-offset-key=\"179it-0-0\">\n<ul>\n<li class=\"_1mf _1mj\" data-offset-key=\"179it-0-0\"><span style=\"color: #000000;\" data-offset-key=\"179it-0-0\"><span data-text=\"true\">D&#8217;11.00 a 14.00h podreu gaudir de la m\u00e0gia de la Bola de Nadal. Us ho passareu molt b\u00e9!<\/span><\/span><\/li>\n<\/ul>\n<\/div>\n<div class=\"\" data-block=\"true\" data-editor=\"d04k2\" data-offset-key=\"ae3ic-0-0\">\n<ul>\n<li class=\"_1mf _1mj\" data-offset-key=\"ae3ic-0-0\"><span style=\"color: #000000;\" data-offset-key=\"ae3ic-0-0\"><span data-text=\"true\">A les 12.00h arribar\u00e0 el Patge Reial i recollir\u00e0 les cartes dels nens i nenes de la Bisbal<\/span><\/span><\/li>\n<\/ul>\n<\/div>\n<div class=\"\" data-block=\"true\" data-editor=\"d04k2\" data-offset-key=\"9shmt-0-0\">\n<ul>\n<li class=\"_1mf _1mj\" data-offset-key=\"9shmt-0-0\"><span style=\"color: #000000;\" data-offset-key=\"9shmt-0-0\"><span data-text=\"true\">De 16.00h a 20:30h podreu seguir gaudint de la Bola de Nadal i d&#8217;una xocolatada (17.00h).<\/span><\/span><\/li>\n<\/ul>\n<\/div>\n<div class=\"\" data-block=\"true\" data-editor=\"d04k2\" data-offset-key=\"cdqie-0-0\">\n<div class=\"_1mf _1mj\" data-offset-key=\"cdqie-0-0\">\n<hr \/>\n<\/div>\n<\/div>\n<div class=\"\" data-block=\"true\" data-editor=\"d04k2\" data-offset-key=\"fcqpg-0-0\">\n<div class=\"_1mf _1mj\" data-offset-key=\"fcqpg-0-0\"><span style=\"color: #000000;\" data-offset-key=\"fcqpg-0-0\"><span data-text=\"true\"><strong>CASTELLANO |<\/strong> La Regidoria de Cultura informa de que el pr\u00f3ximo domingo 30 de diciembre llega el Paje Real a la Bisbal del Pened\u00e8s. Nos ha hecho llegar una carta en la que nos explica que vendr\u00e1 a la plaza Pau Casals, d\u00f3nde podr\u00e9is disfrutar de varias actividades:<\/span><\/span><\/div>\n<\/div>\n<div class=\"\" data-block=\"true\" data-editor=\"d04k2\" data-offset-key=\"1jivk-0-0\">\n<ul>\n<li class=\"_1mf _1mj\" data-offset-key=\"1jivk-0-0\"><span style=\"color: #000000;\" data-offset-key=\"1jivk-0-0\"><span data-text=\"true\">A partir de las 11.00h los ni\u00f1os y las ni\u00f1as podr\u00e9is hacer dibujos y entrar en el sorteo para subir al balc\u00f3n del Ayuntamiento y saludarlos la noche de Reyes.<\/span><\/span><\/li>\n<\/ul>\n<\/div>\n<div class=\"\" data-block=\"true\" data-editor=\"d04k2\" data-offset-key=\"7e1bj-0-0\">\n<ul>\n<li class=\"_1mf _1mj\" data-offset-key=\"7e1bj-0-0\"><span style=\"color: #000000;\" data-offset-key=\"7e1bj-0-0\"><span data-text=\"true\">De 11.00 a 14.00h podr\u00e9is disfrutar de la magia de la Bola de Navidad.\u00a0<\/span><\/span><span style=\"color: #000000;\">\u00a1Os lo pasar\u00e9is muy bien!<\/span><\/li>\n<\/ul>\n<\/div>\n<div class=\"\" data-block=\"true\" data-editor=\"d04k2\" data-offset-key=\"9h6ei-0-0\">\n<ul>\n<li class=\"_1mf _1mj\" data-offset-key=\"9h6ei-0-0\"><span style=\"color: #000000;\" data-offset-key=\"9h6ei-0-0\"><span data-text=\"true\">A las 12.00h llegar\u00e1 el Paje Real y recoger\u00e1 las cartas de los ni\u00f1os y las ni\u00f1as de la Bisbal.<\/span><\/span><\/li>\n<\/ul>\n<\/div>\n<div class=\"\" data-block=\"true\" data-editor=\"d04k2\" data-offset-key=\"fod4p-0-0\">\n<ul>\n<li class=\"_1mf _1mj\" data-offset-key=\"fod4p-0-0\"><span style=\"color: #000000;\" data-offset-key=\"fod4p-0-0\"><span data-text=\"true\">De 16.00h a 20.30h podr\u00e9is seguir disfrutando de la Bola de Navidad y de una chocolatada (17.00h).<\/span><\/span><\/li>\n<li class=\"_1mf _1mj\" data-offset-key=\"fod4p-0-0\"><a href=\"http:\/\/bisbalpenedes.com\/web\/wp-content\/uploads\/2018\/12\/CARTELL-REIS-MAGS-REDUIT.jpg\"><img loading=\"lazy\" class=\"aligncenter size-full wp-image-8217\" src=\"http:\/\/bisbalpenedes.com\/web\/wp-content\/uploads\/2018\/12\/CARTELL-REIS-MAGS-REDUIT.jpg\" alt=\"CARTELL REIS MAGS REDUIT\" width=\"569\" height=\"792\" srcset=\"https:\/\/bisbalpenedes.com\/web\/wp-content\/uploads\/2018\/12\/CARTELL-REIS-MAGS-REDUIT.jpg 569w, https:\/\/bisbalpenedes.com\/web\/wp-content\/uploads\/2018\/12\/CARTELL-REIS-MAGS-REDUIT-216x300.jpg 216w\" sizes=\"(max-width: 569px) 100vw, 569px\" \/><\/a><\/li>\n<\/ul>\n<\/div>\n<div class=\"\" data-block=\"true\" data-editor=\"d04k2\" data-offset-key=\"14me2-0-0\">\n<div class=\"_1mf _1mj\" data-offset-key=\"14me2-0-0\"><span style=\"color: #000000;\" data-offset-key=\"14me2-0-0\">\u00a0<\/span><\/div>\n<\/div>\n<div class=\"\" data-block=\"true\" data-editor=\"d04k2\" data-offset-key=\"2e93t-0-0\"><\/div>\n","protected":false},"excerpt":{"rendered":"<p>La Regidoria de Cultura informa que el proper diumenge 30 de desembre arriba el Patge Reial a la Bisbal del Pened\u00e8s. Ens ha fet arribar una carta on explica que &hellip; <a href=\"https:\/\/bisbalpenedes.com\/web\/2018\/12\/27\/el-diumenge-30-de-desembre-arriba-el-patge-reial-a-la-bisbal\/\" class=\"more-link\">Read More<\/a><\/p>\n","protected":false},"author":4,"featured_media":8215,"comment_status":"closed","ping_status":"closed","sticky":false,"template":"","format":"standard","meta":[],"categories":[13],"tags":[2696,2697,2698,2699,1390,1389,1078,1084,1241],"_links":{"self":[{"href":"https:\/\/bisbalpenedes.com\/web\/wp-json\/wp\/v2\/posts\/8214"}],"collection":[{"href":"https:\/\/bisbalpenedes.com\/web\/wp-json\/wp\/v2\/posts"}],"about":[{"href":"https:\/\/bisbalpenedes.com\/web\/wp-json\/wp\/v2\/types\/post"}],"author":[{"embeddable":true,"href":"https:\/\/bisbalpenedes.com\/web\/wp-json\/wp\/v2\/users\/4"}],"replies":[{"embeddable":true,"href":"https:\/\/bisbalpenedes.com\/web\/wp-json\/wp\/v2\/comments?post=8214"}],"version-history":[{"count":3,"href":"https:\/\/bisbalpenedes.com\/web\/wp-json\/wp\/v2\/posts\/8214\/revisions"}],"predecessor-version":[{"id":8219,"href":"https:\/\/bisbalpenedes.com\/web\/wp-json\/wp\/v2\/posts\/8214\/revisions\/8219"}],"wp:featuredmedia":[{"embeddable":true,"href":"https:\/\/bisbalpenedes.com\/web\/wp-json\/wp\/v2\/media\/8215"}],"wp:attachment":[{"href":"https:\/\/bisbalpenedes.com\/web\/wp-json\/wp\/v2\/media?parent=8214"}],"wp:term":[{"taxonomy":"category","embeddable":true,"href":"https:\/\/bisbalpenedes.com\/web\/wp-json\/wp\/v2\/categories?post=8214"},{"taxonomy":"post_tag","embeddable":true,"href":"https:\/\/bisbalpenedes.com\/web\/wp-json\/wp\/v2\/tags?post=8214"}],"curies":[{"name":"wp","href":"https:\/\/api.w.org\/{rel}","templated":true}]}}