{"id":8211,"date":"2018-12-27T14:46:27","date_gmt":"2018-12-27T13:46:27","guid":{"rendered":"http:\/\/bisbalpenedes.com\/web\/?p=8211"},"modified":"2018-12-27T14:50:46","modified_gmt":"2018-12-27T13:50:46","slug":"lassociacio-de-jubilats-de-la-bisbal-del-penedes-organitza-una-sortida-a-blancafort","status":"publish","type":"post","link":"https:\/\/bisbalpenedes.com\/web\/2018\/12\/27\/lassociacio-de-jubilats-de-la-bisbal-del-penedes-organitza-una-sortida-a-blancafort\/","title":{"rendered":"L&#8217;Associaci\u00f3 de Jubilats de la Bisbal del Pened\u00e8s organitza una sortida a Blancafort"},"content":{"rendered":"<p><span style=\"color: #000000;\">L&#8217;Associaci\u00f3 de Jubilats de la Bisbal del Pened\u00e8s ha organitzat una sortida per visitar el balneari de Blancafort &#8211; La Garriga, amb circuit termal i jornada gastron\u00f2mica.\u00a0<\/span><\/p>\n<p><span style=\"color: #000000;\">La sortida tindr\u00e0 lloc el 16 de gener de 2019.\u00a0<\/span><\/p>\n<p><span style=\"color: #000000;\">Tant l&#8217;esmorzar com el dinar seran buffet al Balneari Blancafort i es visitar\u00e0 La Garriga. Tamb\u00e9 es podr\u00e0 accedir, durant 60 minuts, a la piscina termal SPA.\u00a0<\/span><\/p>\n<p><span style=\"color: #000000;\">Per a m\u00e9s informaci\u00f3 us podeu adre\u00e7ar al Rac\u00f3 de la Gent Gran, on trobareu l&#8217;Associaci\u00f3 de la Gent Gran.<\/span><\/p>\n<hr \/>\n<p><span style=\"color: #000000;\">CASTELLANO | La Associaci\u00f3 de Jubilats de la Bisbal del Pened\u00e8s ha organizado una salida para visitar el balneario de Blancafort &#8211; La Garriga, con circuito termal y jornada gastron\u00f3mica.\u00a0<\/span><\/p>\n<p><span style=\"color: #000000;\">La salida tendr\u00e1 lugar el 16 de enero del 2019.<\/span><\/p>\n<p><span style=\"color: #000000;\">Tanto el almuerzo como la comida ser\u00e1n de buffet en el Balnerario Blancafort y se visitar\u00e1 la Garriga. Tambi\u00e9n se podr\u00e1 acceder, durante 60 minutos, a la piscina termal SPA.<\/span><\/p>\n<p><span style=\"color: #000000;\">Para m\u00e1s informaci\u00f3n os pod\u00e9is dirigir al Rac\u00f3 de la Gent Gran, donde encontrar\u00e9is la Associaci\u00f3 de la Gent Gran.<\/span><\/p>\n","protected":false},"excerpt":{"rendered":"<p>L&#8217;Associaci\u00f3 de Jubilats de la Bisbal del Pened\u00e8s ha organitzat una sortida per visitar el balneari de Blancafort &#8211; La Garriga, amb circuit termal i jornada gastron\u00f2mica.\u00a0 La sortida tindr\u00e0 &hellip; <a href=\"https:\/\/bisbalpenedes.com\/web\/2018\/12\/27\/lassociacio-de-jubilats-de-la-bisbal-del-penedes-organitza-una-sortida-a-blancafort\/\" class=\"more-link\">Read More<\/a><\/p>\n","protected":false},"author":4,"featured_media":8212,"comment_status":"closed","ping_status":"closed","sticky":false,"template":"","format":"standard","meta":[],"categories":[20],"tags":[2693,2694,351,127,2695,2115],"_links":{"self":[{"href":"https:\/\/bisbalpenedes.com\/web\/wp-json\/wp\/v2\/posts\/8211"}],"collection":[{"href":"https:\/\/bisbalpenedes.com\/web\/wp-json\/wp\/v2\/posts"}],"about":[{"href":"https:\/\/bisbalpenedes.com\/web\/wp-json\/wp\/v2\/types\/post"}],"author":[{"embeddable":true,"href":"https:\/\/bisbalpenedes.com\/web\/wp-json\/wp\/v2\/users\/4"}],"replies":[{"embeddable":true,"href":"https:\/\/bisbalpenedes.com\/web\/wp-json\/wp\/v2\/comments?post=8211"}],"version-history":[{"count":1,"href":"https:\/\/bisbalpenedes.com\/web\/wp-json\/wp\/v2\/posts\/8211\/revisions"}],"predecessor-version":[{"id":8213,"href":"https:\/\/bisbalpenedes.com\/web\/wp-json\/wp\/v2\/posts\/8211\/revisions\/8213"}],"wp:featuredmedia":[{"embeddable":true,"href":"https:\/\/bisbalpenedes.com\/web\/wp-json\/wp\/v2\/media\/8212"}],"wp:attachment":[{"href":"https:\/\/bisbalpenedes.com\/web\/wp-json\/wp\/v2\/media?parent=8211"}],"wp:term":[{"taxonomy":"category","embeddable":true,"href":"https:\/\/bisbalpenedes.com\/web\/wp-json\/wp\/v2\/categories?post=8211"},{"taxonomy":"post_tag","embeddable":true,"href":"https:\/\/bisbalpenedes.com\/web\/wp-json\/wp\/v2\/tags?post=8211"}],"curies":[{"name":"wp","href":"https:\/\/api.w.org\/{rel}","templated":true}]}}