{"id":8208,"date":"2018-12-27T14:27:33","date_gmt":"2018-12-27T13:27:33","guid":{"rendered":"http:\/\/bisbalpenedes.com\/web\/?p=8208"},"modified":"2018-12-27T14:27:33","modified_gmt":"2018-12-27T13:27:33","slug":"prades-cor-i-la-coral-antistiana-faran-un-concert-el-divendres-4-de-gener-a-les-19h-amb-motiu-de-les-festes-nadalenques","status":"publish","type":"post","link":"https:\/\/bisbalpenedes.com\/web\/2018\/12\/27\/prades-cor-i-la-coral-antistiana-faran-un-concert-el-divendres-4-de-gener-a-les-19h-amb-motiu-de-les-festes-nadalenques\/","title":{"rendered":"Prades Cor i la Coral Antistiana faran un concert el divendres 4 de gener a les 19h amb motiu de les festes nadalenques"},"content":{"rendered":"<p><span style=\"color: #000000;\">Prades Cor i la Coral Antistiana, amb l&#8217;acompanyament d&#8217;Ernest Manch\u00f3n als teclats i sota la direcci\u00f3 de Carles Capseta,\u00a0faran un concert, amb motiu de les festes nadalenques, el pr\u00f2xim divendres 4 de gener a les 19h a l&#8217;Esgl\u00e9sia parroquial de Santa Maria de la Bisbal.<\/span><\/p>\n<hr \/>\n<p><span style=\"color: #000000;\"><strong>CASTELLANO |<\/strong> Prades Cor y la Coral Antistiana, con el acompa\u00f1amiento de Ernest Manch\u00f3n a los teclados y bajo la direcci\u00f3n de Carles Capseta, har\u00e1n un concierto, con motivo de las fiestas navide\u00f1as, el pr\u00f3ximo viernes 4 de enero a las 19h en la Esgl\u00e9sia parroquial de Santa Maria de la Bisbal.<\/span><\/p>\n<p><a href=\"http:\/\/bisbalpenedes.com\/web\/wp-content\/uploads\/2018\/12\/2019-01-04-TMB-Concert-Nadal-Cartell-001.jpg\"><img loading=\"lazy\" class=\"aligncenter size-medium wp-image-8209\" src=\"http:\/\/bisbalpenedes.com\/web\/wp-content\/uploads\/2018\/12\/2019-01-04-TMB-Concert-Nadal-Cartell-001-212x300.jpg\" alt=\"2019-01-04 TMB Concert Nadal Cartell -001\" width=\"212\" height=\"300\" srcset=\"https:\/\/bisbalpenedes.com\/web\/wp-content\/uploads\/2018\/12\/2019-01-04-TMB-Concert-Nadal-Cartell-001-212x300.jpg 212w, https:\/\/bisbalpenedes.com\/web\/wp-content\/uploads\/2018\/12\/2019-01-04-TMB-Concert-Nadal-Cartell-001-600x849.jpg 600w, https:\/\/bisbalpenedes.com\/web\/wp-content\/uploads\/2018\/12\/2019-01-04-TMB-Concert-Nadal-Cartell-001-768x1087.jpg 768w, https:\/\/bisbalpenedes.com\/web\/wp-content\/uploads\/2018\/12\/2019-01-04-TMB-Concert-Nadal-Cartell-001-724x1024.jpg 724w, https:\/\/bisbalpenedes.com\/web\/wp-content\/uploads\/2018\/12\/2019-01-04-TMB-Concert-Nadal-Cartell-001.jpg 1190w\" sizes=\"(max-width: 212px) 100vw, 212px\" \/><\/a><\/p>\n","protected":false},"excerpt":{"rendered":"<p>Prades Cor i la Coral Antistiana, amb l&#8217;acompanyament d&#8217;Ernest Manch\u00f3n als teclats i sota la direcci\u00f3 de Carles Capseta,\u00a0faran un concert, amb motiu de les festes nadalenques, el pr\u00f2xim divendres &hellip; <a href=\"https:\/\/bisbalpenedes.com\/web\/2018\/12\/27\/prades-cor-i-la-coral-antistiana-faran-un-concert-el-divendres-4-de-gener-a-les-19h-amb-motiu-de-les-festes-nadalenques\/\" class=\"more-link\">Read More<\/a><\/p>\n","protected":false},"author":4,"featured_media":8209,"comment_status":"closed","ping_status":"closed","sticky":false,"template":"","format":"standard","meta":[],"categories":[20],"tags":[73,2692,1072,95,1109],"_links":{"self":[{"href":"https:\/\/bisbalpenedes.com\/web\/wp-json\/wp\/v2\/posts\/8208"}],"collection":[{"href":"https:\/\/bisbalpenedes.com\/web\/wp-json\/wp\/v2\/posts"}],"about":[{"href":"https:\/\/bisbalpenedes.com\/web\/wp-json\/wp\/v2\/types\/post"}],"author":[{"embeddable":true,"href":"https:\/\/bisbalpenedes.com\/web\/wp-json\/wp\/v2\/users\/4"}],"replies":[{"embeddable":true,"href":"https:\/\/bisbalpenedes.com\/web\/wp-json\/wp\/v2\/comments?post=8208"}],"version-history":[{"count":1,"href":"https:\/\/bisbalpenedes.com\/web\/wp-json\/wp\/v2\/posts\/8208\/revisions"}],"predecessor-version":[{"id":8210,"href":"https:\/\/bisbalpenedes.com\/web\/wp-json\/wp\/v2\/posts\/8208\/revisions\/8210"}],"wp:featuredmedia":[{"embeddable":true,"href":"https:\/\/bisbalpenedes.com\/web\/wp-json\/wp\/v2\/media\/8209"}],"wp:attachment":[{"href":"https:\/\/bisbalpenedes.com\/web\/wp-json\/wp\/v2\/media?parent=8208"}],"wp:term":[{"taxonomy":"category","embeddable":true,"href":"https:\/\/bisbalpenedes.com\/web\/wp-json\/wp\/v2\/categories?post=8208"},{"taxonomy":"post_tag","embeddable":true,"href":"https:\/\/bisbalpenedes.com\/web\/wp-json\/wp\/v2\/tags?post=8208"}],"curies":[{"name":"wp","href":"https:\/\/api.w.org\/{rel}","templated":true}]}}