{"id":8184,"date":"2017-07-26T01:19:20","date_gmt":"2017-07-26T00:19:20","guid":{"rendered":"http:\/\/bisbalpenedes.com\/web\/?p=8184"},"modified":"2018-12-24T18:17:42","modified_gmt":"2018-12-24T17:17:42","slug":"a-partir-del-3-de-juliol-els-rebuts-de-laigua-son-mes-baixos","status":"publish","type":"post","link":"https:\/\/bisbalpenedes.com\/web\/2017\/07\/26\/a-partir-del-3-de-juliol-els-rebuts-de-laigua-son-mes-baixos\/","title":{"rendered":"A partir del 3 de juliol els rebuts de l\u2019aigua s\u00f3n m\u00e9s baixos"},"content":{"rendered":"<p>L\u2019Ajuntament de La Bisbal del Pened\u00e8s ha aconseguit rebaixar la quota de servei, la quota de conservaci\u00f3 d\u2019infraestructures i la quota de conservaci\u00f3 de comptadors. Aquesta rebaixa t\u00e9 efecte des del passat 3 de juliol per a tots els ve\u00efns del municipi i, per tant, ja es podr\u00e0 notar en el proper rebut.<\/p>\n<p>Ja en el ple del 3 d\u2019agost de 2016 es va fer un primer pas per rebaixar el rebut de l\u2019aigua aprovant la tarifa social de l\u2019aigua (que s\u2019havia eliminat), incloure una tarifa de fuites, canviar els blocs de consum d\u2019aigua (adequant-los als de l\u2019ACA), incrementar les tarifes d\u2019aigua de manera que qui m\u00e9s consumeix \u00e9s qui m\u00e9s paga i rebaixar les quotes fixes pels empadronats. Posteriorment, al ple del mes de desembre de 2016, es va aprovar una modificaci\u00f3 per igualar les tarifes de l\u2019aigua entre els empadronats i els no empadronats. Per tant, les tarifes que tenen vig\u00e8ncia des del 3 de juliol de 2017 s\u00f3n iguals per a tots.<\/p>\n<p>Ara l\u2019Ajuntament ha aconseguit una rebaixa aplicable des del passat 3 de juliol. Les quotes queden aix\u00ed:<\/p>\n<p><strong>Quotes fixes (bimensuals)<\/strong><\/p>\n<p style=\"padding-left: 30px;\">-Quota de servei:<\/p>\n<p style=\"padding-left: 30px;\">Des del 2013: 21\u20ac<\/p>\n<p style=\"padding-left: 30px;\">A partir del 3 de juliol de 2017: 14,66\u20ac<\/p>\n<p style=\"padding-left: 30px;\">-Quota de conservaci\u00f3 d\u2019infraestructures:<\/p>\n<p style=\"padding-left: 30px;\">Des del 2013: 12\u20ac<\/p>\n<p style=\"padding-left: 30px;\">A partir del 3 de juliol de 2017: 8,40\u20ac<\/p>\n<p style=\"padding-left: 30px;\">-Quota de conservaci\u00f3 de comptadors:<\/p>\n<p style=\"padding-left: 30px;\">Des del 2013: 3\u20ac<\/p>\n<p style=\"padding-left: 30px;\">A partir del 3 de juliol de 2017: 1,96\u20ac<\/p>\n<p><strong>Simulaci\u00f3 d\u2019un rebut d\u2019aigua:<\/strong><\/p>\n<p style=\"padding-left: 30px;\">\u00b7Consum 18m3: 45,56\u20ac (ara paguem 53,23\u20ac). Amb les noves tarifes la rebaixa \u00e9s d\u2019un 11,40%<\/p>\n<p style=\"padding-left: 30px;\">\u00b7Consum 20m3: 52,93\u20ac (ara paguem 55,92\u20ac). Amb les noves tarifes la rebaixa \u00e9s d\u2019un 5,30%.<\/p>\n<p>El 2013 es va fer un dip\u00f2sit a la urbanitzaci\u00f3 del Priorat de la Bisbal amb un cost de m\u00e9s d\u2019un mili\u00f3 d\u2019euros i el mateix any les quotes de l\u2019aigua van pujar m\u00e9s d\u2019un 40% perqu\u00e8 aquest dip\u00f2sit s\u2019havia de pagar a trav\u00e9s del rebut de l\u2019aigua de tots els bisbalencs i bisbalenques. Ara l\u2019Ajuntament de La Bisbal est\u00e0 fent els possibles per reduir aquest rebut.<\/p>\n<p>Cal recordar que, en l\u2019actualitat, l\u2019Ajuntament de La Bisbal del Pened\u00e8s ofereix la possibilitat d\u2019acollir-se a la tarifa social de l\u2019aigua. El rebut social permet una rebaixa d\u2019entre un 41% i un 55% del rebut final. S\u00f3n condicions indispensables que l\u2019habitatge sigui una primera resid\u00e8ncia i que pr\u00e8viament s\u2019hagi demanat a l\u2019ACA el\u00a0<a href=\"http:\/\/bisbalpenedes.com\/web\/2017\/03\/27\/informacio-sobre-els-requisits-per-poder-se-acollir-al-canon-social-de-laigua\/\" target=\"_blank\">c\u00e0non social<\/a>. Una vegada fet aquest pas cal que l\u2019usuari s\u2019adreci a Aqualia per demanar que se li apliqui la tarifa social.<\/p>\n<p>D\u2019altra banda cal recordar que l\u2019Ag\u00e8ncia Catalana de l\u2019Aigua (ACA) contempla l\u2019ampliaci\u00f3 de 3m\u00b3\/persona\/mes als l\u00edmits de consum d\u2019aigua establerts pel 1r. tram, 2m\u00b3\/persona\/mes pel 2n. Aquesta ampliaci\u00f3 dels trams del c\u00e0non d\u2019aigua es dirigeix a les unitats de conviv\u00e8ncia de quatre o m\u00e9s membres o en habitatges on hi visquin 4 o m\u00e9s membres. Tamb\u00e9 s\u2019adre\u00e7a a les unitats familiars o habitatges amb persones amb un grau de discapacitaci\u00f3 superior al 75%, les quals computaran com a dues, persones, que afegides als altres membres sumin 4 o m\u00e9s persones. Podeu sol\u00b7licitar l\u2019ampliaci\u00f3 per internet, presencialment o per correu postal a l&#8217;ACA, que \u00e9s l&#8217;organisme que pot fer aquest tr\u00e0mit. Trobareu tota la informaci\u00f3 fent clic\u00a0<a href=\"http:\/\/web.gencat.cat\/ca\/tramits\/tramits-temes\/Ampliacio-dels-trams-del-canon-de-laigua-per-unitats-familiars-de-mes-de-tres-membres?category=730e9680-a82c-11e3-a972-000c29052e2c\">aqu\u00ed<\/a>.<\/p>\n<p><a href=\"http:\/\/bisbalpenedes.com\/web\/wp-content\/uploads\/2017\/07\/FullSizeRender-24.jpg\"><img loading=\"lazy\" class=\"aligncenter size-full wp-image-2902\" title=\"quotes aigua tarifes 2017\" src=\"http:\/\/bisbalpenedes.com\/web\/wp-content\/uploads\/2017\/07\/FullSizeRender-24.jpg\" alt=\"\" width=\"797\" height=\"704\" srcset=\"https:\/\/bisbalpenedes.com\/web\/wp-content\/uploads\/2017\/07\/FullSizeRender-24.jpg 797w, https:\/\/bisbalpenedes.com\/web\/wp-content\/uploads\/2017\/07\/FullSizeRender-24-600x530.jpg 600w, https:\/\/bisbalpenedes.com\/web\/wp-content\/uploads\/2017\/07\/FullSizeRender-24-300x264.jpg 300w\" sizes=\"(max-width: 797px) 100vw, 797px\" \/><\/a><\/p>\n","protected":false},"excerpt":{"rendered":"<p>L\u2019Ajuntament de La Bisbal del Pened\u00e8s ha aconseguit rebaixar la quota de servei, la quota de conservaci\u00f3 d\u2019infraestructures i la quota de conservaci\u00f3 de comptadors. Aquesta rebaixa t\u00e9 efecte des &hellip; <a href=\"https:\/\/bisbalpenedes.com\/web\/2017\/07\/26\/a-partir-del-3-de-juliol-els-rebuts-de-laigua-son-mes-baixos\/\" class=\"more-link\">Read More<\/a><\/p>\n","protected":false},"author":4,"featured_media":2903,"comment_status":"closed","ping_status":"closed","sticky":false,"template":"","format":"standard","meta":[],"categories":[4],"tags":[161,649,2685],"_links":{"self":[{"href":"https:\/\/bisbalpenedes.com\/web\/wp-json\/wp\/v2\/posts\/8184"}],"collection":[{"href":"https:\/\/bisbalpenedes.com\/web\/wp-json\/wp\/v2\/posts"}],"about":[{"href":"https:\/\/bisbalpenedes.com\/web\/wp-json\/wp\/v2\/types\/post"}],"author":[{"embeddable":true,"href":"https:\/\/bisbalpenedes.com\/web\/wp-json\/wp\/v2\/users\/4"}],"replies":[{"embeddable":true,"href":"https:\/\/bisbalpenedes.com\/web\/wp-json\/wp\/v2\/comments?post=8184"}],"version-history":[{"count":2,"href":"https:\/\/bisbalpenedes.com\/web\/wp-json\/wp\/v2\/posts\/8184\/revisions"}],"predecessor-version":[{"id":8186,"href":"https:\/\/bisbalpenedes.com\/web\/wp-json\/wp\/v2\/posts\/8184\/revisions\/8186"}],"wp:featuredmedia":[{"embeddable":true,"href":"https:\/\/bisbalpenedes.com\/web\/wp-json\/wp\/v2\/media\/2903"}],"wp:attachment":[{"href":"https:\/\/bisbalpenedes.com\/web\/wp-json\/wp\/v2\/media?parent=8184"}],"wp:term":[{"taxonomy":"category","embeddable":true,"href":"https:\/\/bisbalpenedes.com\/web\/wp-json\/wp\/v2\/categories?post=8184"},{"taxonomy":"post_tag","embeddable":true,"href":"https:\/\/bisbalpenedes.com\/web\/wp-json\/wp\/v2\/tags?post=8184"}],"curies":[{"name":"wp","href":"https:\/\/api.w.org\/{rel}","templated":true}]}}