{"id":8154,"date":"2018-12-21T14:19:52","date_gmt":"2018-12-21T13:19:52","guid":{"rendered":"http:\/\/bisbalpenedes.com\/web\/?p=8154"},"modified":"2018-12-21T14:40:52","modified_gmt":"2018-12-21T13:40:52","slug":"les-regidories-durbanisme-i-medi-ambient-han-fet-diverses-actuacions-al-barri-de-la-riba","status":"publish","type":"post","link":"https:\/\/bisbalpenedes.com\/web\/2018\/12\/21\/les-regidories-durbanisme-i-medi-ambient-han-fet-diverses-actuacions-al-barri-de-la-riba\/","title":{"rendered":"Les Regidories d&#8217;Urbanisme i Medi Ambient han fet diverses actuacions al barri de la Riba"},"content":{"rendered":"<p style=\"text-align: justify;\"><span style=\"color: #000000;\">Les Regidories d&#8217;Urbanisme i Medi Ambient\u00a0han fet diverses actuacions a la Riba a petici\u00f3 dels ve\u00efns del barri.<\/span><\/p>\n<p style=\"text-align: justify;\"><span style=\"color: #000000;\">S&#8217;han instal\u00b7lat pivots al passeig Llu\u00eds Companys amb carrer General Romagosa perqu\u00e8 hi havia vehicles que feien el tomb a massa velocitat, arribant a pujar a la vorera en alguns casos. Amb aquesta actuaci\u00f3 s&#8217;evita que els cotxes puguin pujar a la vorera i, per tant, tamb\u00e9 s&#8217;aconsegueix una reducci\u00f3 de la velocitat per part dels vehicles.<\/span><\/p>\n<p style=\"text-align: justify;\"><span style=\"color: #000000;\"><a style=\"color: #000000;\" href=\"http:\/\/bisbalpenedes.com\/web\/wp-content\/uploads\/2018\/12\/9eb2a309-523b-46f7-9ba4-88e44c6c8378.jpg\"><img loading=\"lazy\" class=\"aligncenter size-medium wp-image-8155\" src=\"http:\/\/bisbalpenedes.com\/web\/wp-content\/uploads\/2018\/12\/9eb2a309-523b-46f7-9ba4-88e44c6c8378-300x225.jpg\" alt=\"9eb2a309-523b-46f7-9ba4-88e44c6c8378\" width=\"300\" height=\"225\" srcset=\"https:\/\/bisbalpenedes.com\/web\/wp-content\/uploads\/2018\/12\/9eb2a309-523b-46f7-9ba4-88e44c6c8378-300x225.jpg 300w, https:\/\/bisbalpenedes.com\/web\/wp-content\/uploads\/2018\/12\/9eb2a309-523b-46f7-9ba4-88e44c6c8378-600x450.jpg 600w, https:\/\/bisbalpenedes.com\/web\/wp-content\/uploads\/2018\/12\/9eb2a309-523b-46f7-9ba4-88e44c6c8378-768x576.jpg 768w, https:\/\/bisbalpenedes.com\/web\/wp-content\/uploads\/2018\/12\/9eb2a309-523b-46f7-9ba4-88e44c6c8378-1024x768.jpg 1024w, https:\/\/bisbalpenedes.com\/web\/wp-content\/uploads\/2018\/12\/9eb2a309-523b-46f7-9ba4-88e44c6c8378.jpg 1600w\" sizes=\"(max-width: 300px) 100vw, 300px\" \/><\/a><\/span><\/p>\n<p style=\"text-align: justify;\"><span style=\"color: #000000;\">S&#8217;ha col\u00b7locat una barana al carrer Santa Cristina en una zona en la qual hi havia molt de desnivell. Amb aquesta actuaci\u00f3 es millora la seguretat dels vianants.<\/span><\/p>\n<p style=\"text-align: justify;\"><a href=\"http:\/\/bisbalpenedes.com\/web\/wp-content\/uploads\/2018\/12\/496aeda5-e43e-4cd8-a557-cc4b9d168925.jpg\"><img loading=\"lazy\" class=\"aligncenter size-medium wp-image-8156\" src=\"http:\/\/bisbalpenedes.com\/web\/wp-content\/uploads\/2018\/12\/496aeda5-e43e-4cd8-a557-cc4b9d168925-300x225.jpg\" alt=\"barana la riba\" width=\"300\" height=\"225\" srcset=\"https:\/\/bisbalpenedes.com\/web\/wp-content\/uploads\/2018\/12\/496aeda5-e43e-4cd8-a557-cc4b9d168925-300x225.jpg 300w, https:\/\/bisbalpenedes.com\/web\/wp-content\/uploads\/2018\/12\/496aeda5-e43e-4cd8-a557-cc4b9d168925-600x450.jpg 600w, https:\/\/bisbalpenedes.com\/web\/wp-content\/uploads\/2018\/12\/496aeda5-e43e-4cd8-a557-cc4b9d168925-768x576.jpg 768w, https:\/\/bisbalpenedes.com\/web\/wp-content\/uploads\/2018\/12\/496aeda5-e43e-4cd8-a557-cc4b9d168925-1024x768.jpg 1024w, https:\/\/bisbalpenedes.com\/web\/wp-content\/uploads\/2018\/12\/496aeda5-e43e-4cd8-a557-cc4b9d168925.jpg 1600w\" sizes=\"(max-width: 300px) 100vw, 300px\" \/><\/a><\/p>\n<p style=\"text-align: justify;\"><span style=\"color: #000000;\">S&#8217;ha pintat de groc la vorera de la cantonada entre el carrer Santa Cristina i el carrer Lleida per evitar que els vehicles estacionin en aquest punt i millorar aix\u00ed la visibilitat dels conductors.<\/span><\/p>\n<p style=\"text-align: justify;\"><span style=\"color: #000000;\"><a style=\"color: #000000;\" href=\"http:\/\/bisbalpenedes.com\/web\/wp-content\/uploads\/2018\/12\/a8d69c4e-2156-4347-b6a1-87d37fb4be79.jpg\"><img loading=\"lazy\" class=\"aligncenter size-medium wp-image-8157\" src=\"http:\/\/bisbalpenedes.com\/web\/wp-content\/uploads\/2018\/12\/a8d69c4e-2156-4347-b6a1-87d37fb4be79-300x225.jpg\" alt=\"pintura vorera la riba\" width=\"300\" height=\"225\" srcset=\"https:\/\/bisbalpenedes.com\/web\/wp-content\/uploads\/2018\/12\/a8d69c4e-2156-4347-b6a1-87d37fb4be79-300x225.jpg 300w, https:\/\/bisbalpenedes.com\/web\/wp-content\/uploads\/2018\/12\/a8d69c4e-2156-4347-b6a1-87d37fb4be79-600x450.jpg 600w, https:\/\/bisbalpenedes.com\/web\/wp-content\/uploads\/2018\/12\/a8d69c4e-2156-4347-b6a1-87d37fb4be79-768x576.jpg 768w, https:\/\/bisbalpenedes.com\/web\/wp-content\/uploads\/2018\/12\/a8d69c4e-2156-4347-b6a1-87d37fb4be79-1024x768.jpg 1024w, https:\/\/bisbalpenedes.com\/web\/wp-content\/uploads\/2018\/12\/a8d69c4e-2156-4347-b6a1-87d37fb4be79.jpg 1600w\" sizes=\"(max-width: 300px) 100vw, 300px\" \/><\/a><\/span><\/p>\n<hr \/>\n<p style=\"text-align: justify;\"><span style=\"color: #000000;\"><strong>CASTELLANO |<\/strong>\u00a0Las Concejalias de Urbanismo y Medio Ambiente han hecho varias actuaciones de mejora en la Riba a petici\u00f3n de los vecinos del barrio.<\/span><\/p>\n<p style=\"text-align: justify;\"><span style=\"color: #000000;\">Se han instalado pivotes en el paseo Llu\u00eds Companys con calle General Romagosa porqu\u00e9 hab\u00eda veh\u00edculos que daban la vuelta a demasiada velocidad, llegando a subir a la acera en algunos casos. Con esta actuaci\u00f3n se evita que los coches puedan subir en la acera y, por lo tanto, tambi\u00e9n se consigue una reducci\u00f3n de la velocidad por parte de los veh\u00edculos.<\/span><\/p>\n<p style=\"text-align: justify;\"><span style=\"color: #000000;\"><a style=\"color: #000000;\" href=\"http:\/\/bisbalpenedes.com\/web\/wp-content\/uploads\/2018\/12\/9eb2a309-523b-46f7-9ba4-88e44c6c8378.jpg\"><img loading=\"lazy\" class=\"aligncenter size-medium wp-image-8155\" src=\"http:\/\/bisbalpenedes.com\/web\/wp-content\/uploads\/2018\/12\/9eb2a309-523b-46f7-9ba4-88e44c6c8378-300x225.jpg\" alt=\"pivots la riba\" width=\"300\" height=\"225\" srcset=\"https:\/\/bisbalpenedes.com\/web\/wp-content\/uploads\/2018\/12\/9eb2a309-523b-46f7-9ba4-88e44c6c8378-300x225.jpg 300w, https:\/\/bisbalpenedes.com\/web\/wp-content\/uploads\/2018\/12\/9eb2a309-523b-46f7-9ba4-88e44c6c8378-600x450.jpg 600w, https:\/\/bisbalpenedes.com\/web\/wp-content\/uploads\/2018\/12\/9eb2a309-523b-46f7-9ba4-88e44c6c8378-768x576.jpg 768w, https:\/\/bisbalpenedes.com\/web\/wp-content\/uploads\/2018\/12\/9eb2a309-523b-46f7-9ba4-88e44c6c8378-1024x768.jpg 1024w, https:\/\/bisbalpenedes.com\/web\/wp-content\/uploads\/2018\/12\/9eb2a309-523b-46f7-9ba4-88e44c6c8378.jpg 1600w\" sizes=\"(max-width: 300px) 100vw, 300px\" \/><\/a><\/span><\/p>\n<p style=\"text-align: justify;\"><span style=\"color: #000000;\">Se ha colocado una baranda en la calle Santa Cristina en una zona en la que hab\u00eda mucho desnivel. Con esta actuaci\u00f3n se mejora la seguridad de los peatones.<\/span><\/p>\n<p style=\"text-align: justify;\"><span style=\"color: #000000;\"><a style=\"color: #000000;\" href=\"http:\/\/bisbalpenedes.com\/web\/wp-content\/uploads\/2018\/12\/496aeda5-e43e-4cd8-a557-cc4b9d168925.jpg\"><img loading=\"lazy\" class=\"aligncenter size-medium wp-image-8156\" src=\"http:\/\/bisbalpenedes.com\/web\/wp-content\/uploads\/2018\/12\/496aeda5-e43e-4cd8-a557-cc4b9d168925-300x225.jpg\" alt=\"barana la riba\" width=\"300\" height=\"225\" srcset=\"https:\/\/bisbalpenedes.com\/web\/wp-content\/uploads\/2018\/12\/496aeda5-e43e-4cd8-a557-cc4b9d168925-300x225.jpg 300w, https:\/\/bisbalpenedes.com\/web\/wp-content\/uploads\/2018\/12\/496aeda5-e43e-4cd8-a557-cc4b9d168925-600x450.jpg 600w, https:\/\/bisbalpenedes.com\/web\/wp-content\/uploads\/2018\/12\/496aeda5-e43e-4cd8-a557-cc4b9d168925-768x576.jpg 768w, https:\/\/bisbalpenedes.com\/web\/wp-content\/uploads\/2018\/12\/496aeda5-e43e-4cd8-a557-cc4b9d168925-1024x768.jpg 1024w, https:\/\/bisbalpenedes.com\/web\/wp-content\/uploads\/2018\/12\/496aeda5-e43e-4cd8-a557-cc4b9d168925.jpg 1600w\" sizes=\"(max-width: 300px) 100vw, 300px\" \/><\/a><\/span><\/p>\n<p style=\"text-align: justify;\"><span style=\"color: #000000;\">Se ha pintado de amarillo la acera de la esquina entre la calle Santa Cristina y la calle Lleida para evitar que los veh\u00edculos estacionen en este punto y mejorar as\u00ed la visibilidad de los conductores.<\/span><\/p>\n<p style=\"text-align: justify;\"><span style=\"color: #000000;\"><a style=\"color: #000000;\" href=\"http:\/\/bisbalpenedes.com\/web\/wp-content\/uploads\/2018\/12\/a8d69c4e-2156-4347-b6a1-87d37fb4be79.jpg\"><img loading=\"lazy\" class=\"aligncenter size-medium wp-image-8157\" src=\"http:\/\/bisbalpenedes.com\/web\/wp-content\/uploads\/2018\/12\/a8d69c4e-2156-4347-b6a1-87d37fb4be79-300x225.jpg\" alt=\"pintura vorera la riba\" width=\"300\" height=\"225\" srcset=\"https:\/\/bisbalpenedes.com\/web\/wp-content\/uploads\/2018\/12\/a8d69c4e-2156-4347-b6a1-87d37fb4be79-300x225.jpg 300w, https:\/\/bisbalpenedes.com\/web\/wp-content\/uploads\/2018\/12\/a8d69c4e-2156-4347-b6a1-87d37fb4be79-600x450.jpg 600w, https:\/\/bisbalpenedes.com\/web\/wp-content\/uploads\/2018\/12\/a8d69c4e-2156-4347-b6a1-87d37fb4be79-768x576.jpg 768w, https:\/\/bisbalpenedes.com\/web\/wp-content\/uploads\/2018\/12\/a8d69c4e-2156-4347-b6a1-87d37fb4be79-1024x768.jpg 1024w, https:\/\/bisbalpenedes.com\/web\/wp-content\/uploads\/2018\/12\/a8d69c4e-2156-4347-b6a1-87d37fb4be79.jpg 1600w\" sizes=\"(max-width: 300px) 100vw, 300px\" \/><\/a><\/span><\/p>\n","protected":false},"excerpt":{"rendered":"<p>Les Regidories d&#8217;Urbanisme i Medi Ambient\u00a0han fet diverses actuacions a la Riba a petici\u00f3 dels ve\u00efns del barri. S&#8217;han instal\u00b7lat pivots al passeig Llu\u00eds Companys amb carrer General Romagosa perqu\u00e8 &hellip; <a href=\"https:\/\/bisbalpenedes.com\/web\/2018\/12\/21\/les-regidories-durbanisme-i-medi-ambient-han-fet-diverses-actuacions-al-barri-de-la-riba\/\" class=\"more-link\">Read More<\/a><\/p>\n","protected":false},"author":4,"featured_media":8156,"comment_status":"closed","ping_status":"closed","sticky":false,"template":"","format":"standard","meta":[],"categories":[32,15],"tags":[605,196,1337,574,919,2679,46],"_links":{"self":[{"href":"https:\/\/bisbalpenedes.com\/web\/wp-json\/wp\/v2\/posts\/8154"}],"collection":[{"href":"https:\/\/bisbalpenedes.com\/web\/wp-json\/wp\/v2\/posts"}],"about":[{"href":"https:\/\/bisbalpenedes.com\/web\/wp-json\/wp\/v2\/types\/post"}],"author":[{"embeddable":true,"href":"https:\/\/bisbalpenedes.com\/web\/wp-json\/wp\/v2\/users\/4"}],"replies":[{"embeddable":true,"href":"https:\/\/bisbalpenedes.com\/web\/wp-json\/wp\/v2\/comments?post=8154"}],"version-history":[{"count":4,"href":"https:\/\/bisbalpenedes.com\/web\/wp-json\/wp\/v2\/posts\/8154\/revisions"}],"predecessor-version":[{"id":8161,"href":"https:\/\/bisbalpenedes.com\/web\/wp-json\/wp\/v2\/posts\/8154\/revisions\/8161"}],"wp:featuredmedia":[{"embeddable":true,"href":"https:\/\/bisbalpenedes.com\/web\/wp-json\/wp\/v2\/media\/8156"}],"wp:attachment":[{"href":"https:\/\/bisbalpenedes.com\/web\/wp-json\/wp\/v2\/media?parent=8154"}],"wp:term":[{"taxonomy":"category","embeddable":true,"href":"https:\/\/bisbalpenedes.com\/web\/wp-json\/wp\/v2\/categories?post=8154"},{"taxonomy":"post_tag","embeddable":true,"href":"https:\/\/bisbalpenedes.com\/web\/wp-json\/wp\/v2\/tags?post=8154"}],"curies":[{"name":"wp","href":"https:\/\/api.w.org\/{rel}","templated":true}]}}