{"id":8152,"date":"2018-12-21T13:37:50","date_gmt":"2018-12-21T12:37:50","guid":{"rendered":"http:\/\/bisbalpenedes.com\/web\/?p=8152"},"modified":"2018-12-21T13:38:02","modified_gmt":"2018-12-21T12:38:02","slug":"el-raco-de-la-gent-gran-tanca-per-vacances-fins-al-6-de-gener","status":"publish","type":"post","link":"https:\/\/bisbalpenedes.com\/web\/2018\/12\/21\/el-raco-de-la-gent-gran-tanca-per-vacances-fins-al-6-de-gener\/","title":{"rendered":"El Rac\u00f3 de la Gent Gran tanca per vacances fins al 6 de gener"},"content":{"rendered":"<p><span style=\"color: #000000;\">Les activitats del Rac\u00f3 de la Gent Gran s&#8217;aturen fins al 6 de gener amb motiu de les festes de Nadal i cap d&#8217;any. L&#8217;Associaci\u00f3 de la Gent Gran continuar\u00e0 fent \u00fas de l&#8217;equipament i tirant endavant les seves activitats habituals.<\/span><\/p>\n<p><span style=\"color: #000000;\">&#8212;<\/span><\/p>\n<p><span style=\"color: #000000;\"><b>CASTELLANO |<\/b>\u00a0Las actividades del Rac\u00f3 de la Gent Gran se detienen hasta el 6 de enero con motivo de las fiestas de Navidad y fin de a\u00f1o. La Associaci\u00f3 de la Gent Gran continuar\u00e1 haciendo uso del equipamiento y llevando a cabo sus actividades habituales.<\/span><\/p>\n","protected":false},"excerpt":{"rendered":"<p>Les activitats del Rac\u00f3 de la Gent Gran s&#8217;aturen fins al 6 de gener amb motiu de les festes de Nadal i cap d&#8217;any. L&#8217;Associaci\u00f3 de la Gent Gran continuar\u00e0 &hellip; <a href=\"https:\/\/bisbalpenedes.com\/web\/2018\/12\/21\/el-raco-de-la-gent-gran-tanca-per-vacances-fins-al-6-de-gener\/\" class=\"more-link\">Read More<\/a><\/p>\n","protected":false},"author":4,"featured_media":8094,"comment_status":"closed","ping_status":"closed","sticky":false,"template":"","format":"standard","meta":[],"categories":[464],"tags":[305,2115],"_links":{"self":[{"href":"https:\/\/bisbalpenedes.com\/web\/wp-json\/wp\/v2\/posts\/8152"}],"collection":[{"href":"https:\/\/bisbalpenedes.com\/web\/wp-json\/wp\/v2\/posts"}],"about":[{"href":"https:\/\/bisbalpenedes.com\/web\/wp-json\/wp\/v2\/types\/post"}],"author":[{"embeddable":true,"href":"https:\/\/bisbalpenedes.com\/web\/wp-json\/wp\/v2\/users\/4"}],"replies":[{"embeddable":true,"href":"https:\/\/bisbalpenedes.com\/web\/wp-json\/wp\/v2\/comments?post=8152"}],"version-history":[{"count":1,"href":"https:\/\/bisbalpenedes.com\/web\/wp-json\/wp\/v2\/posts\/8152\/revisions"}],"predecessor-version":[{"id":8153,"href":"https:\/\/bisbalpenedes.com\/web\/wp-json\/wp\/v2\/posts\/8152\/revisions\/8153"}],"wp:featuredmedia":[{"embeddable":true,"href":"https:\/\/bisbalpenedes.com\/web\/wp-json\/wp\/v2\/media\/8094"}],"wp:attachment":[{"href":"https:\/\/bisbalpenedes.com\/web\/wp-json\/wp\/v2\/media?parent=8152"}],"wp:term":[{"taxonomy":"category","embeddable":true,"href":"https:\/\/bisbalpenedes.com\/web\/wp-json\/wp\/v2\/categories?post=8152"},{"taxonomy":"post_tag","embeddable":true,"href":"https:\/\/bisbalpenedes.com\/web\/wp-json\/wp\/v2\/tags?post=8152"}],"curies":[{"name":"wp","href":"https:\/\/api.w.org\/{rel}","templated":true}]}}