{"id":8147,"date":"2018-12-21T11:48:14","date_gmt":"2018-12-21T10:48:14","guid":{"rendered":"http:\/\/bisbalpenedes.com\/web\/?p=8147"},"modified":"2018-12-21T11:48:14","modified_gmt":"2018-12-21T10:48:14","slug":"sopar-de-cap-dany-a-la-societat-cultural-i-recreativa-bisbalenca","status":"publish","type":"post","link":"https:\/\/bisbalpenedes.com\/web\/2018\/12\/21\/sopar-de-cap-dany-a-la-societat-cultural-i-recreativa-bisbalenca\/","title":{"rendered":"Sopar de cap d&#8217;any a la Societat Cultural i Recreativa Bisbalenca"},"content":{"rendered":"<div class=\"\" data-block=\"true\" data-editor=\"6slie\" data-offset-key=\"7aphq-0-0\">\n<div class=\"_1mf _1mj\" data-offset-key=\"7aphq-0-0\"><span style=\"color: #000000;\">Fins al 26 de desembre podeu reservar el vostre sopar de Cap d&#8217;any amb la Societat Cultural i Recreativa Bisbalenca. Tindr\u00e0 lloc, a partir de les 22h, a la Societat.<\/span><\/div>\n<\/div>\n<div class=\"\" data-block=\"true\" data-editor=\"6slie\" data-offset-key=\"6j7j3-0-0\">\n<div class=\"_1mf _1mj\" data-offset-key=\"6j7j3-0-0\">\n<hr \/>\n<\/div>\n<\/div>\n<div class=\"\" data-block=\"true\" data-editor=\"6slie\" data-offset-key=\"ffbci-0-0\">\n<div class=\"_1mf _1mj\" data-offset-key=\"ffbci-0-0\"><span style=\"color: #000000;\"><b>CASTELLANO |<\/b>\u00a0Hasta el 26 de diciembre pod\u00e9is reservar vuestra cena de Fin de A\u00f1o con la Societat Cultural i Recreativa Bisbalenca. Tendr\u00e1 lugar, a partir de las 22h, en la Societat.<\/span><\/div>\n<div class=\"_1mf _1mj\" data-offset-key=\"ffbci-0-0\"><a href=\"http:\/\/bisbalpenedes.com\/web\/wp-content\/uploads\/2018\/12\/SOPAR-CAP-D-ANY-2018g.jpg\"><img loading=\"lazy\" class=\"aligncenter size-full wp-image-8148\" src=\"http:\/\/bisbalpenedes.com\/web\/wp-content\/uploads\/2018\/12\/SOPAR-CAP-D-ANY-2018g.jpg\" alt=\"SOPAR CAP D ANY 2018g\" width=\"1275\" height=\"1875\" srcset=\"https:\/\/bisbalpenedes.com\/web\/wp-content\/uploads\/2018\/12\/SOPAR-CAP-D-ANY-2018g.jpg 1275w, https:\/\/bisbalpenedes.com\/web\/wp-content\/uploads\/2018\/12\/SOPAR-CAP-D-ANY-2018g-600x882.jpg 600w, https:\/\/bisbalpenedes.com\/web\/wp-content\/uploads\/2018\/12\/SOPAR-CAP-D-ANY-2018g-204x300.jpg 204w, https:\/\/bisbalpenedes.com\/web\/wp-content\/uploads\/2018\/12\/SOPAR-CAP-D-ANY-2018g-768x1129.jpg 768w, https:\/\/bisbalpenedes.com\/web\/wp-content\/uploads\/2018\/12\/SOPAR-CAP-D-ANY-2018g-696x1024.jpg 696w\" sizes=\"(max-width: 1275px) 100vw, 1275px\" \/><\/a><\/div>\n<\/div>\n","protected":false},"excerpt":{"rendered":"<p>Fins al 26 de desembre podeu reservar el vostre sopar de Cap d&#8217;any amb la Societat Cultural i Recreativa Bisbalenca. Tindr\u00e0 lloc, a partir de les 22h, a la Societat. &hellip; <a href=\"https:\/\/bisbalpenedes.com\/web\/2018\/12\/21\/sopar-de-cap-dany-a-la-societat-cultural-i-recreativa-bisbalenca\/\" class=\"more-link\">Read More<\/a><\/p>\n","protected":false},"author":4,"featured_media":8148,"comment_status":"closed","ping_status":"closed","sticky":false,"template":"","format":"standard","meta":[],"categories":[20],"tags":[2678,78,300],"_links":{"self":[{"href":"https:\/\/bisbalpenedes.com\/web\/wp-json\/wp\/v2\/posts\/8147"}],"collection":[{"href":"https:\/\/bisbalpenedes.com\/web\/wp-json\/wp\/v2\/posts"}],"about":[{"href":"https:\/\/bisbalpenedes.com\/web\/wp-json\/wp\/v2\/types\/post"}],"author":[{"embeddable":true,"href":"https:\/\/bisbalpenedes.com\/web\/wp-json\/wp\/v2\/users\/4"}],"replies":[{"embeddable":true,"href":"https:\/\/bisbalpenedes.com\/web\/wp-json\/wp\/v2\/comments?post=8147"}],"version-history":[{"count":1,"href":"https:\/\/bisbalpenedes.com\/web\/wp-json\/wp\/v2\/posts\/8147\/revisions"}],"predecessor-version":[{"id":8149,"href":"https:\/\/bisbalpenedes.com\/web\/wp-json\/wp\/v2\/posts\/8147\/revisions\/8149"}],"wp:featuredmedia":[{"embeddable":true,"href":"https:\/\/bisbalpenedes.com\/web\/wp-json\/wp\/v2\/media\/8148"}],"wp:attachment":[{"href":"https:\/\/bisbalpenedes.com\/web\/wp-json\/wp\/v2\/media?parent=8147"}],"wp:term":[{"taxonomy":"category","embeddable":true,"href":"https:\/\/bisbalpenedes.com\/web\/wp-json\/wp\/v2\/categories?post=8147"},{"taxonomy":"post_tag","embeddable":true,"href":"https:\/\/bisbalpenedes.com\/web\/wp-json\/wp\/v2\/tags?post=8147"}],"curies":[{"name":"wp","href":"https:\/\/api.w.org\/{rel}","templated":true}]}}