{"id":8142,"date":"2018-12-20T09:40:28","date_gmt":"2018-12-20T08:40:28","guid":{"rendered":"http:\/\/bisbalpenedes.com\/web\/?p=8142"},"modified":"2018-12-20T09:40:28","modified_gmt":"2018-12-20T08:40:28","slug":"el-dilluns-24-de-desembre-a-les-13-00h-tindra-lloc-un-ple-extraordinari","status":"publish","type":"post","link":"https:\/\/bisbalpenedes.com\/web\/2018\/12\/20\/el-dilluns-24-de-desembre-a-les-13-00h-tindra-lloc-un-ple-extraordinari\/","title":{"rendered":"El dilluns 24 de desembre a les 13.00h tindr\u00e0 lloc un Ple Extraordinari"},"content":{"rendered":"<p style=\"text-align: justify;\"><span style=\"color: #000000;\">Aquest dimecres 19 de desembre de 2018\u00a0s\u2019ha convocat una sessi\u00f3 extraordin\u00e0ria del Ple de l\u2019Ajuntament de la Bisbal del Pened\u00e8s que tindr\u00e0 lloc\u00a0<b>en el sal\u00f3 de sessions el dilluns 24 de desembre de 2018, a les 13.00h,<\/b>\u00a0per tractar els seg\u00fcents assumptes:<\/span><\/p>\n<ol style=\"text-align: justify;\">\n<li><span style=\"color: #000000;\">Proposta d&#8217;aprovaci\u00f3 per complementar les retribucions a percebre pel personal funcionari i laboral de l&#8217;Ajuntament de la Bisbal del Pened\u00e8s en sup\u00f2sits d&#8217;incapacitat temporal.<\/span><\/li>\n<li><span style=\"color: #000000;\">Proposta d&#8217;aprovaci\u00f3 del Pressupost de l&#8217;Ajuntament de la Bisbal del Pened\u00e8s per al 2019.<\/span><\/li>\n<\/ol>\n<hr \/>\n<p style=\"text-align: justify;\"><span style=\"color: #000000;\">CASTELLANO| Este mi\u00e9rcoles 19 de diciembre del 2018 se ha convocado una sesi\u00f3n extraordinaria del Pleno del Ayuntamiento de la Bisbal del Pened\u00e8s que tendr\u00e1 lugar e<strong>n el sal\u00f3n de sesiones el lunes 24 de diciembre del 2018, a las 13.00h<\/strong>, para tratar los siguientes asuntos:<\/span><\/p>\n<ol>\n<li style=\"text-align: justify;\"><span style=\"color: #000000;\">Propuesta de aprobaci\u00f3n para complementar las retribuciones a percibir por el personal funcionario y laboral del Ayuntamiento de la Bisbal del Pened\u00e8s en supuestos de incapacidad temporal.<\/span><\/li>\n<li style=\"text-align: justify;\"><span style=\"color: #000000;\">Propuesta de aprobaci\u00f3n del Presupuesto del Ayuntamiento de la Bisbal del Pened\u00e8s para el 2019.<\/span><\/li>\n<\/ol>\n","protected":false},"excerpt":{"rendered":"<p>Aquest dimecres 19 de desembre de 2018\u00a0s\u2019ha convocat una sessi\u00f3 extraordin\u00e0ria del Ple de l\u2019Ajuntament de la Bisbal del Pened\u00e8s que tindr\u00e0 lloc\u00a0en el sal\u00f3 de sessions el dilluns 24 &hellip; <a href=\"https:\/\/bisbalpenedes.com\/web\/2018\/12\/20\/el-dilluns-24-de-desembre-a-les-13-00h-tindra-lloc-un-ple-extraordinari\/\" class=\"more-link\">Read More<\/a><\/p>\n","protected":false},"author":4,"featured_media":7089,"comment_status":"closed","ping_status":"closed","sticky":false,"template":"","format":"standard","meta":[],"categories":[2250],"tags":[1137,139,423,515,2677],"_links":{"self":[{"href":"https:\/\/bisbalpenedes.com\/web\/wp-json\/wp\/v2\/posts\/8142"}],"collection":[{"href":"https:\/\/bisbalpenedes.com\/web\/wp-json\/wp\/v2\/posts"}],"about":[{"href":"https:\/\/bisbalpenedes.com\/web\/wp-json\/wp\/v2\/types\/post"}],"author":[{"embeddable":true,"href":"https:\/\/bisbalpenedes.com\/web\/wp-json\/wp\/v2\/users\/4"}],"replies":[{"embeddable":true,"href":"https:\/\/bisbalpenedes.com\/web\/wp-json\/wp\/v2\/comments?post=8142"}],"version-history":[{"count":1,"href":"https:\/\/bisbalpenedes.com\/web\/wp-json\/wp\/v2\/posts\/8142\/revisions"}],"predecessor-version":[{"id":8143,"href":"https:\/\/bisbalpenedes.com\/web\/wp-json\/wp\/v2\/posts\/8142\/revisions\/8143"}],"wp:featuredmedia":[{"embeddable":true,"href":"https:\/\/bisbalpenedes.com\/web\/wp-json\/wp\/v2\/media\/7089"}],"wp:attachment":[{"href":"https:\/\/bisbalpenedes.com\/web\/wp-json\/wp\/v2\/media?parent=8142"}],"wp:term":[{"taxonomy":"category","embeddable":true,"href":"https:\/\/bisbalpenedes.com\/web\/wp-json\/wp\/v2\/categories?post=8142"},{"taxonomy":"post_tag","embeddable":true,"href":"https:\/\/bisbalpenedes.com\/web\/wp-json\/wp\/v2\/tags?post=8142"}],"curies":[{"name":"wp","href":"https:\/\/api.w.org\/{rel}","templated":true}]}}