{"id":8136,"date":"2018-12-19T17:04:03","date_gmt":"2018-12-19T16:04:03","guid":{"rendered":"http:\/\/bisbalpenedes.com\/web\/?p=8136"},"modified":"2018-12-19T17:06:46","modified_gmt":"2018-12-19T16:06:46","slug":"acta-tribunal-de-la-borsa-de-treball-dauxiliar-adm-prova-de-catala","status":"publish","type":"post","link":"https:\/\/bisbalpenedes.com\/web\/2018\/12\/19\/acta-tribunal-de-la-borsa-de-treball-dauxiliar-adm-prova-de-catala\/","title":{"rendered":"Acta tribunal de la borsa de treball d&#8217;auxiliar adm. Prova de catal\u00e0"},"content":{"rendered":"<p>Acta del Tribunal per a la constituci\u00f3 d\u2019una Borsa de treball de la categoria professional d\u2019auxiliar administratiu\/va del personal laboral, mitjan\u00e7ant concurs\/oposici\u00f3 per acumulaci\u00f3 de funcions, de treball, per baixes, vacances, substitucions de data 19 de desembre de 2018. Prova de catal\u00e0.<\/p>\n<p>Descarrega l&#8217;acta en format pdf: <a href=\"http:\/\/bisbalpenedes.com\/web\/wp-content\/uploads\/2018\/12\/Acta_const_tribunal_prova_catala_Aux_Admtv_sig.pdf\">Acta_const_tribunal_prova_catala_Aux_Admtv_sig<\/a><\/p>\n","protected":false},"excerpt":{"rendered":"<p>Acta del Tribunal per a la constituci\u00f3 d\u2019una Borsa de treball de la categoria professional d\u2019auxiliar administratiu\/va del personal laboral, mitjan\u00e7ant concurs\/oposici\u00f3 per acumulaci\u00f3 de funcions, de treball, per baixes, &hellip; <a href=\"https:\/\/bisbalpenedes.com\/web\/2018\/12\/19\/acta-tribunal-de-la-borsa-de-treball-dauxiliar-adm-prova-de-catala\/\" class=\"more-link\">Read More<\/a><\/p>\n","protected":false},"author":1,"featured_media":7089,"comment_status":"closed","ping_status":"closed","sticky":false,"template":"","format":"standard","meta":[],"categories":[8,9],"tags":[111,2636,2635,2456,118,407,2676],"_links":{"self":[{"href":"https:\/\/bisbalpenedes.com\/web\/wp-json\/wp\/v2\/posts\/8136"}],"collection":[{"href":"https:\/\/bisbalpenedes.com\/web\/wp-json\/wp\/v2\/posts"}],"about":[{"href":"https:\/\/bisbalpenedes.com\/web\/wp-json\/wp\/v2\/types\/post"}],"author":[{"embeddable":true,"href":"https:\/\/bisbalpenedes.com\/web\/wp-json\/wp\/v2\/users\/1"}],"replies":[{"embeddable":true,"href":"https:\/\/bisbalpenedes.com\/web\/wp-json\/wp\/v2\/comments?post=8136"}],"version-history":[{"count":3,"href":"https:\/\/bisbalpenedes.com\/web\/wp-json\/wp\/v2\/posts\/8136\/revisions"}],"predecessor-version":[{"id":8141,"href":"https:\/\/bisbalpenedes.com\/web\/wp-json\/wp\/v2\/posts\/8136\/revisions\/8141"}],"wp:featuredmedia":[{"embeddable":true,"href":"https:\/\/bisbalpenedes.com\/web\/wp-json\/wp\/v2\/media\/7089"}],"wp:attachment":[{"href":"https:\/\/bisbalpenedes.com\/web\/wp-json\/wp\/v2\/media?parent=8136"}],"wp:term":[{"taxonomy":"category","embeddable":true,"href":"https:\/\/bisbalpenedes.com\/web\/wp-json\/wp\/v2\/categories?post=8136"},{"taxonomy":"post_tag","embeddable":true,"href":"https:\/\/bisbalpenedes.com\/web\/wp-json\/wp\/v2\/tags?post=8136"}],"curies":[{"name":"wp","href":"https:\/\/api.w.org\/{rel}","templated":true}]}}