{"id":812,"date":"2014-02-28T16:31:45","date_gmt":"2014-02-28T10:31:45","guid":{"rendered":"http:\/\/bisbalpenedes.com\/web\/?p=812"},"modified":"2014-02-28T16:34:22","modified_gmt":"2014-02-28T10:34:22","slug":"consells-contra-el-foc-bacteria","status":"publish","type":"post","link":"https:\/\/bisbalpenedes.com\/web\/2014\/02\/28\/consells-contra-el-foc-bacteria\/","title":{"rendered":"Consells contra el Foc Bacteria"},"content":{"rendered":"<p>El foc bacteri\u00e0 (Erwinia amylovora) \u00e9s un organisme nociu de quarantena que ataca plantes de la fam\u00edlia Ros\u00e0cies entre les quals es troben alguns fruiters: perera, pomera, codonyer i nesprer, aix\u00ed com diverses plantes ornamentals i silvestres que es detallen en el dors.<br \/>\nHi ha una molt diferent sensibilitat a la malaltia segons les esp\u00e8cies i les varietats. Els danys poder ser molt greus, especialment en perera, ja que produeix la mort de l\u2019arbre atacat en un curt per\u00edode de temps.<br \/>\nActualment hi ha greus focus de foc bacteri\u00e0 a diverses comunitats aut\u00f2nomes de l\u2019Estat espanyol, i tamb\u00e9 a Catalunya, on en 2013 s\u2019ha detectat a alguns municipis de les demarcacions de Lleida i Girona, i on s\u2019han dut a terme les mesures adients per a la seva eradicaci\u00f3. El territori catal\u00e0 est\u00e0 considerat zona protegida de foc bacteri\u00e0<\/p>\n<p><strong> Actuacions preventives en els espais verds<\/strong><\/p>\n<blockquote><p>&#8211; Cal comunicar al Servei de Sanitat Vegetal del DAAM si observeu qualsevol s\u00edmptoma sospit\u00f3s en plantes susceptibles, per tal de procedir, cas de detecci\u00f3 del foc bacteri\u00e0, a la seva destrucci\u00f3 immediata.<br \/>\n&#8211; Estar prohibit plantar esp\u00e8cies susceptibles al foc bacteri\u00e0 en espais p\u00fablics de les demarcacions de Lleida i Girona.<br \/>\n&#8211; Estar prohibit plantar esp\u00e8cies susceptibles a les voreres, mitjanes i altres zones enjardinades de carreteres, autovies i autopistes d&#8217;arreu de Catalunya<br \/>\n&#8211; \u00c9s obligatori que totes les plantes susceptibles que s\u2019introdueixin, desplacin i comercialitzin a Catalunya, vagin acompanyes del passaport fitosanitari CE, modalitat ZP (zona protegida).<\/p><\/blockquote>\n<p><a href='http:\/\/bisbalpenedes.com\/web\/wp-content\/uploads\/2014\/02\/focbacteria.pdf'> &#8212;> PDF FOC BACTERIA: ACTUACIONS EN ESPAIS VERDS <---<\/a><\/p>\n<p>PER A M\u00c9S INFORMACI\u00d3 CONSULTEU AL SERVEI DE SANITAT VEGETAL DEL DAMM<br \/>\nBarcelona: 93 409 20 90<br \/>\nGirona: 972 45 43 10<br \/>\nLleida: 973 23 64 12<br \/>\nTarragona: 977 25 04 21<br \/>\nTerres de l&#8217;Ebre: 977 50 01 74<br \/>\nServei de Sanitat Vegetal &#8211; Desembre de 2013 DL: B. 29319-2013<\/p>\n","protected":false},"excerpt":{"rendered":"<p>El foc bacteri\u00e0 (Erwinia amylovora) \u00e9s un organisme nociu de quarantena que ataca plantes de la fam\u00edlia Ros\u00e0cies entre les quals es troben alguns fruiters: perera, pomera, codonyer i nesprer, &hellip; <a href=\"https:\/\/bisbalpenedes.com\/web\/2014\/02\/28\/consells-contra-el-foc-bacteria\/\" class=\"more-link\">Read More<\/a><\/p>\n","protected":false},"author":1,"featured_media":813,"comment_status":"closed","ping_status":"open","sticky":false,"template":"","format":"standard","meta":[],"categories":[8],"tags":[],"_links":{"self":[{"href":"https:\/\/bisbalpenedes.com\/web\/wp-json\/wp\/v2\/posts\/812"}],"collection":[{"href":"https:\/\/bisbalpenedes.com\/web\/wp-json\/wp\/v2\/posts"}],"about":[{"href":"https:\/\/bisbalpenedes.com\/web\/wp-json\/wp\/v2\/types\/post"}],"author":[{"embeddable":true,"href":"https:\/\/bisbalpenedes.com\/web\/wp-json\/wp\/v2\/users\/1"}],"replies":[{"embeddable":true,"href":"https:\/\/bisbalpenedes.com\/web\/wp-json\/wp\/v2\/comments?post=812"}],"version-history":[{"count":4,"href":"https:\/\/bisbalpenedes.com\/web\/wp-json\/wp\/v2\/posts\/812\/revisions"}],"predecessor-version":[{"id":818,"href":"https:\/\/bisbalpenedes.com\/web\/wp-json\/wp\/v2\/posts\/812\/revisions\/818"}],"wp:featuredmedia":[{"embeddable":true,"href":"https:\/\/bisbalpenedes.com\/web\/wp-json\/wp\/v2\/media\/813"}],"wp:attachment":[{"href":"https:\/\/bisbalpenedes.com\/web\/wp-json\/wp\/v2\/media?parent=812"}],"wp:term":[{"taxonomy":"category","embeddable":true,"href":"https:\/\/bisbalpenedes.com\/web\/wp-json\/wp\/v2\/categories?post=812"},{"taxonomy":"post_tag","embeddable":true,"href":"https:\/\/bisbalpenedes.com\/web\/wp-json\/wp\/v2\/tags?post=812"}],"curies":[{"name":"wp","href":"https:\/\/api.w.org\/{rel}","templated":true}]}}