{"id":8104,"date":"2018-12-18T13:33:00","date_gmt":"2018-12-18T12:33:00","guid":{"rendered":"http:\/\/bisbalpenedes.com\/web\/?p=8104"},"modified":"2018-12-18T13:43:19","modified_gmt":"2018-12-18T12:43:19","slug":"aquest-dilluns-17-de-desembre-sha-celebrat-el-ple-ordinari-de-lajuntament-de-la-bisbal-del-penedes","status":"publish","type":"post","link":"https:\/\/bisbalpenedes.com\/web\/2018\/12\/18\/aquest-dilluns-17-de-desembre-sha-celebrat-el-ple-ordinari-de-lajuntament-de-la-bisbal-del-penedes\/","title":{"rendered":"Aquest dilluns 17 de desembre s&#8217;ha celebrat el Ple Ordinari de l&#8217;Ajuntament de la Bisbal del Pened\u00e8s"},"content":{"rendered":"<p style=\"text-align: justify;\"><span style=\"color: #000000;\"><a style=\"color: #000000;\" href=\"http:\/\/bisbalpenedes.com\/web\/wp-content\/uploads\/2018\/12\/Photo-17-12-2018-20-05-07.jpg\"><img loading=\"lazy\" class=\"size-medium wp-image-8105 aligncenter\" src=\"http:\/\/bisbalpenedes.com\/web\/wp-content\/uploads\/2018\/12\/Photo-17-12-2018-20-05-07-300x225.jpg\" alt=\"PLE ORDINARI 18 DE DESEMBRE DE 2018\" width=\"300\" height=\"225\" srcset=\"https:\/\/bisbalpenedes.com\/web\/wp-content\/uploads\/2018\/12\/Photo-17-12-2018-20-05-07-300x225.jpg 300w, https:\/\/bisbalpenedes.com\/web\/wp-content\/uploads\/2018\/12\/Photo-17-12-2018-20-05-07-600x450.jpg 600w, https:\/\/bisbalpenedes.com\/web\/wp-content\/uploads\/2018\/12\/Photo-17-12-2018-20-05-07-768x576.jpg 768w, https:\/\/bisbalpenedes.com\/web\/wp-content\/uploads\/2018\/12\/Photo-17-12-2018-20-05-07-1024x768.jpg 1024w\" sizes=\"(max-width: 300px) 100vw, 300px\" \/><\/a><\/span><\/p>\n<p style=\"text-align: justify;\"><span style=\"color: #000000;\">Aquest dilluns 17 de desembre de 2018 ha tingut lloc el Ple Ordinari de l\u2019Ajuntament de la Bisbal del Pened\u00e8s.<\/span><\/p>\n<p style=\"text-align: justify;\"><span style=\"color: #000000;\">En aquest ple, s\u2019ha excusat l\u2019abs\u00e8ncia del regidor Pere Saumoy (PDeCAT)<\/span><\/p>\n<p style=\"text-align: justify;\"><span style=\"color: #000000;\"><strong>1. Aprovaci\u00f3 de l\u2019acta anterior.<\/strong><\/span><\/p>\n<p style=\"text-align: justify;\"><span style=\"color: #000000;\"><u>No s\u2019aprova<\/u> amb els vots a favor del PDeCAT (4) i en contra d\u2019ERC (5) i la regidora no adscrita (1).<\/span><\/p>\n<p style=\"text-align: justify;\"><span style=\"color: #000000;\"><strong>2. Modificaci\u00f3 del reglament que regula les prestacions econ\u00f2miques d\u2019urg\u00e8ncia social que tenen la finalitat d\u2019atendre situacions de necessitats puntuals, urgents i b\u00e0siques<\/strong>.<\/span><\/p>\n<p style=\"text-align: justify;\"><span style=\"color: #000000;\"><u>No s\u2019aprova<\/u> amb els vots a favor del PDeCAT (4) i en contra d\u2019ERC (5) i la regidora no adscrita (1).<\/span><\/p>\n<p style=\"text-align: justify;\"><span style=\"color: #000000;\">Es proposa modificar el reglament que es va aprovar per acord del Ple del 19 de desembre del 2016 i es va modificar al Ple de 18 de mar\u00e7 de 2018, per incorporar els ajuts a fam\u00edlies en situacions socioecon\u00f2miques desafavorides per a l\u2019adquisici\u00f3 de llibres de text, transport escolar intramunicipal i quota de l\u2019AMPA i tamb\u00e9 per incloure el pagament dels rebuts de l\u2019IBI.<\/span><\/p>\n<p style=\"text-align: justify;\"><span style=\"color: #000000;\">El reglament inicial regula els ajuts puntuals per a subministraments b\u00e0sics com ara l\u2019aigua i la llum aix\u00ed com els comptadors solidaris. Els ajuts per a despeses d\u2019ensenyament com s\u00f3n els llibres, per al transport escolar i per a la quota de l\u2019AMPA, es venen fent via subvencions, el que suposa modificar cada any les bases i despr\u00e9s fer la convocat\u00f2ria, el que fa que una fam\u00edlia que s\u2019adreci a l\u2019Ajuntament una vegada comen\u00e7at el curs, ja no pot optar a aquesta subvenci\u00f3. D\u2019altra banda, aquests ajuts s\u2019han resolt, fins ara, en una mesa per a aquestes subvencions, contemplant nom\u00e9s la documentaci\u00f3 aportada.<\/span><\/p>\n<p style=\"text-align: justify;\"><span style=\"color: #000000;\">Amb aquesta modificaci\u00f3 es proposava l\u2019ampliaci\u00f3 del termini per poder atorgar aquest tipus d\u2019ajuts durant tot l\u2019any per\u00f2 amb un pla de seguiment i de treball a complir, treballant conjuntament amb serveis socials i el servei d\u2019ocupaci\u00f3 municipal. Es tracta d\u2019un ajut social i per aix\u00f2 tamb\u00e9 es vol fer un seguiment i acompanyament des d\u2019Ocupaci\u00f3 amb un pla de formaci\u00f3 i ocupaci\u00f3 realitzat per professionals. D\u2019altra banda, es proposava que aquest ajut pass\u00e9s de ser una subvenci\u00f3 escolar per a fam\u00edlies desafavorides a un ajut escolar amb l\u2019acompanyament i ajuda a la fam\u00edlia perqu\u00e8 busqui feina o es formi o busqui habitatge i pugui sortir de la situaci\u00f3 actual.<\/span><\/p>\n<p style=\"text-align: justify;\"><span style=\"color: #000000;\">Aix\u00ed, la proposta plantejava valorar tots els ajuts en la taula social que es reuneix cada mes amb Serveis Socials del Consell Comarcal i el Servei d\u2019Ocupaci\u00f3 Municipal. Tamb\u00e9 es proposava la modificaci\u00f3 del dia de les reunions mensuals, per celebrar-les els dimarts en comptes dels dimecres.<\/span><\/p>\n<p style=\"text-align: justify;\"><span style=\"color: #000000;\"><strong>3. Proposta d\u2019aprovaci\u00f3 de les actes de delimitaci\u00f3 dels termes municipals de la Bisbal i el Montmell, Lloren\u00e7 i Rodony\u00e0.<\/strong><\/span><\/p>\n<p style=\"text-align: justify;\"><span style=\"color: #000000;\"><u>S\u2019aprova<\/u> per unanimitat.<\/span><\/p>\n<p style=\"text-align: justify;\"><span style=\"color: #000000;\">La Comissi\u00f3 de Delimitaci\u00f3 Territorial, de la Direcci\u00f3 General d\u2019Administraci\u00f3 Local del Departament de Governaci\u00f3, Administracions P\u00fabliques i Habitatge de la Generalitat de Catalunya ha iniciat diversos expedients de delimitaci\u00f3 de termes municipals en el marc de l\u2019elaboraci\u00f3 del Mapa Municipal de Catalunya.<\/span><\/p>\n<p style=\"text-align: justify;\"><span style=\"color: #000000;\">Entre els mesos de setembre de 2018 i mar\u00e7 d\u2019aquest any, es va aprovar per Ple la creaci\u00f3 de les Comissions de Delimitaci\u00f3 municipal per a la Bisbal del Pened\u00e8s i Lloren\u00e7 del Pened\u00e8s, la Bisbal del Pened\u00e8s i Rodony\u00e0 i la Bisbal del Pened\u00e8s i el Montmell. Per part de l\u2019Ajuntament de la Bisbal del Pened\u00e8s la Comissi\u00f3 va estar formada pel secretari municipal, l\u2019arquitecte, els regidors Maguy Antol\u00edn i Pere Saumoy i l\u2019alcaldessa Agn\u00e8s Ferr\u00e9, que van signar les actes dels dies que van tenir lloc les reunions, que van comptar amb membres dels equips de govern dels altres ajuntaments, t\u00e8cnics municipals, representants i t\u00e8cnics de la Generalitat i l\u2019Institut Cartogr\u00e0fic i propietaris de les finques afectades per les delimitacions existents.<\/span><\/p>\n<p style=\"text-align: justify;\"><span style=\"color: #000000;\">En data de 3 de maig de 2018 es va celebrar la Comissi\u00f3 de Delimitaci\u00f3 municipal entre l\u2019Ajuntament de la Bisbal del Pened\u00e8s i el de Lloren\u00e7 del Pened\u00e8s. Els documents de partida que es van utilitzar eren del 1919. Es van recon\u00e8ixer fites i no se\u2019n va modificar cap.<\/span><\/p>\n<p style=\"text-align: justify;\"><span style=\"color: #000000;\">En data de 10 de maig de 2018 es va signar l\u2019acta de les operacions de delimitaci\u00f3 amb l\u2019Ajuntament de Rodony\u00e0. Per a delimitaci\u00f3 amb el municipi de Rodony\u00e0 els documents de partida que es van utilitzar eren de l\u2019any 1921. Es van acceptar les fites dels termes, que s\u00f3n les mateixes, i es va adequar la l\u00ednia del terme a la realitat geogr\u00e0fica del moment, sense que aix\u00f2 suposi cap modificaci\u00f3 del tra\u00e7at.<\/span><\/p>\n<p style=\"text-align: justify;\"><span style=\"color: #000000;\">En data de 15 de maig de 2018 es va signar l\u2019acta de les operacions de delimitaci\u00f3 amb l\u2019Ajuntament del Montmell. Per a la delimitaci\u00f3 amb el municipi del Montmell, els documents de partida que es van utilitzar eren de l\u2019any 1921. Es van acceptar les fites dels termes, que s\u00f3n les mateixes.<\/span><\/p>\n<p style=\"text-align: justify;\"><span style=\"color: #000000;\"><strong>4. Aprovaci\u00f3 de l\u2019adhesi\u00f3 de l\u2019Ajuntament a l\u2019AMTU (Associaci\u00f3 de Municipis per a la Mobilitat i el Transport Urb\u00e0)<\/strong><\/span><\/p>\n<p style=\"text-align: justify;\"><span style=\"color: #000000;\"><u>S\u2019aprova<\/u> per majoria amb 4 vots a favor del PDeCAT, 4 vots a favor d\u2019ERC, 1 vot a favor de la regidora no adscrita i 1 vot en contra d\u2019ERC.<\/span><\/p>\n<p style=\"text-align: justify;\"><span style=\"color: #000000;\"><strong>L\u2019AMTU\u00a0<\/strong>\u00e9s una associaci\u00f3 de municipis que treballa per la millora de la mobilitat i de les infraestructures de transport p\u00fablic d\u2019arreu de Catalunya. Aquesta associaci\u00f3 dona suport t\u00e8cnic, jur\u00eddic i administratiu als seus associats en mat\u00e8ria de mobilitat, infraestructures i transport p\u00fablic. T\u00e9 100 entitats associades: 97 municipis i 3 Consells Comarcals. L\u2019entitat treballa per millorar el transport p\u00fablic i la mobilitat sostenible al pa\u00eds.<\/span><\/p>\n<p style=\"text-align: justify;\"><span style=\"color: #000000;\">El transport urb\u00e0 \u00e9s un servei molt important per al municipi per\u00f2 que no \u00e9s compet\u00e8ncia directa de l\u2019Ajuntament perqu\u00e8 el municipi compta amb menys de 5.000 habitants. Amb la voluntat d\u2019oferir el millor servei possible, es considera que cal comptar amb suport jur\u00eddic i professional que ofereix AMTU. Per al 2019, la quota d\u2019associats a l\u2019AMTU ser\u00e0 de 472\u20ac. Aquest import permet que l\u2019Ajuntament compti amb suport t\u00e8cnic, jur\u00eddic i administratiu en temes de mobilitat i transport p\u00fablic.<\/span><\/p>\n<p style=\"text-align: justify;\"><span style=\"color: #000000;\"><strong>5.Conveni amb FCC Aqualia SA per crear un fons de solidaritat per a garantir l\u2019acc\u00e9s a l\u2019aigua potable en compliment de la normativa de pobresa energ\u00e8tica<\/strong><\/span><\/p>\n<p style=\"text-align: justify;\"><span style=\"color: #000000;\"><u>S\u2019aprova<\/u> per unanimitat.<\/span><\/p>\n<p style=\"text-align: justify;\"><span style=\"color: #000000;\">El mar\u00e7 de 2018 es va modificar, per Ple, el Reglament de prestacions d\u2019urg\u00e8ncies socials complint amb la normativa de pobresa energ\u00e8tica. En aquest Ple es planteja l\u2019aprovaci\u00f3 del conveni per a la creaci\u00f3 d\u2019un fons social de solidaritat per garantir l\u2019acc\u00e9s de tota la ciutadania a l\u2019aigua potable i el compliment de la normativa en mat\u00e8ria de pobresa energ\u00e8tica per part de l\u2019Ajuntament de la Bisbal del Pened\u00e8s i la concession\u00e0ria del servei d\u2019aigua potable, FCC Aqualia SA, donant compliment al que es preveu en l\u2019article 6.3 de la Llei 24\/2015, d\u2019aplicaci\u00f3 de les mesures d\u2019atenci\u00f3 solid\u00e0ria relacionades amb el subministrament b\u00e0sic d\u2019aigua a persones f\u00edsiques i unitats familiars en risc d\u2019exclusi\u00f3 residencial.<\/span><\/p>\n<p style=\"text-align: justify;\"><span style=\"color: #000000;\">Aqualia aporta 3.500\u20ac a aquest Fons Social. Aquest 2018 l\u2019Ajuntament ja l\u2019ha prove\u00eft per fer front als casos sorgits fins ara.<\/span><\/p>\n<p style=\"text-align: justify;\"><span style=\"color: #000000;\"><strong>6.Moci\u00f3 per denunciar el bloqueig jur\u00eddic del Tribunal Constitucional i de suport als presos pol\u00edtics que fan vaga de fam<\/strong><\/span><\/p>\n<p style=\"text-align: justify;\"><span style=\"color: #000000;\"><u>S\u2019aprova<\/u> per majoria amb 4 vots a favor del PDeCAT, 5 vots a favor d\u2019ERC i 1 vot en contra de la regidora no adscrita.<\/span><\/p>\n<p style=\"text-align: justify;\"><span style=\"color: #000000;\">Es tracta d\u2019una moci\u00f3 que presenten AMI i l\u2019ACM als Ajuntaments per \u201cdenunciar el bloqueig del Tribunal Constitucional i de suport als presos pol\u00edtics que fan vaga de fam\u201d.<\/span><\/p>\n<p style=\"text-align: justify;\"><span style=\"color: #000000;\">Podeu consultar el text en aquest enlla\u00e7:\u00a0<a style=\"color: #000000;\" href=\"http:\/\/bisbalpenedes.com\/web\/wp-content\/uploads\/2018\/12\/Mocio-AMI-ACM-Ple-Ordinari-17-de-desembre-de-2018.pdf\">Mocio AMI &#8211; ACM &#8211; Ple Ordinari 17 de desembre de 2018<\/a><\/span><\/p>\n<p style=\"text-align: justify;\"><span style=\"color: #000000;\"><strong>7. Modificaci\u00f3 de cr\u00e8dit.<\/strong><\/span><\/p>\n<p style=\"text-align: justify;\"><span style=\"color: #000000;\"><u>S\u2019aprova<\/u> per unanimitat.<\/span><\/p>\n<p style=\"text-align: justify;\"><span style=\"color: #000000;\">S\u2019aprova inicialment l\u2019expedient de modificaci\u00f3 de cr\u00e8dit n\u00fam. 1855\/2018 del pressupost en vigor, en la modalitat de suplement de cr\u00e8dit, finan\u00e7at amb c\u00e0rrec a majors ingressos efectivament recaptats sobre els totals previstos.<\/span><\/p>\n<p style=\"text-align: justify;\"><span style=\"color: #000000;\">A partir d\u2019una revisi\u00f3 d\u2019aquest any d\u2019un ICIO de fa anys, s\u2019ha fet una recaptaci\u00f3 extraordin\u00e0ria de m\u00e9s de 284.000\u20ac. Com que BASE-Gesti\u00f3 d\u2019Ingressos \u00e9s qui fa la gesti\u00f3 de la recaptaci\u00f3 de l\u2019ICIO, tal com es va aprovar en les dues legislatures anteriors, un percentatge d\u2019aquest import \u00e9s per BASE per la gesti\u00f3 de la revisi\u00f3 i recaptaci\u00f3. Aquesta modificaci\u00f3 de cr\u00e8dit \u00e9s per aquest pagament a BASE.<\/span><\/p>\n<p style=\"text-align: justify;\"><span style=\"color: #000000;\"><strong>8.Donar compte dels Decrets d\u2019alcaldia<\/strong><\/span><\/p>\n<p style=\"text-align: justify;\"><span style=\"color: #000000;\"><u>No es vota.<\/u><\/span><\/p>\n<p style=\"text-align: justify;\"><span style=\"color: #000000;\">Es dona compte de tots els decrets d\u2019alcaldia signats des de l\u2019\u00faltim Ple ordinari fins ara. Tots aquests decrets estan disponibles al portal de transpar\u00e8ncia des del mateix moment en qu\u00e8 es signen.<\/span><\/p>\n<p style=\"text-align: justify;\"><span style=\"color: #000000;\"><strong>9.Informe d\u2019alcaldia<\/strong><\/span><\/p>\n<p style=\"text-align: justify;\"><span style=\"color: #000000;\"><u>No es vota.<\/u><\/span><\/p>\n<p style=\"text-align: justify;\"><span style=\"color: #000000;\">L\u2019alcaldessa Agn\u00e8s Ferr\u00e9 informa sobre dos temes: l\u2019administraci\u00f3 electr\u00f2nica en els \u00f2rgans col\u00b7legiats i la incorporaci\u00f3 d\u2019una nova secret\u00e0ria-interventora.<\/span><\/p>\n<p style=\"padding-left: 30px; text-align: justify;\"><span style=\"color: #000000;\"><u>Administraci\u00f3 electr\u00f2nica<\/u><\/span><\/p>\n<p style=\"padding-left: 30px; text-align: justify;\"><span style=\"color: #000000;\">En compliment de la Llei 40\/2015, de l\u20191 d\u2019octubre, del R\u00e8gim Jur\u00eddic del sector p\u00fablic, s\u2019implementa l\u2019administraci\u00f3 electr\u00f2nica als ens locals. El 2017 es va comen\u00e7ar a treballar amb les convocat\u00f2ries electr\u00f2niques a les Juntes de Govern Local i per al Ple Ordinari d\u2019aquest dilluns ja s\u2019ha fet la convocat\u00f2ria per via electr\u00f2nica. Aix\u00f2 suposa comoditat, perqu\u00e8 es pot rebre la convocat\u00f2ria i tenir acc\u00e9s a les propostes i expedients des de qualsevol lloc, a trav\u00e9s d\u2019un ordinador; estalvi de paper, perqu\u00e8 tota la documentaci\u00f3 est\u00e0 en format digital i es pot consultar sempre i des de qualsevol lloc i, per tant, no cal imprimir-la; i estalvi de personal, perqu\u00e8 no cal destinar recursos a trobar cada regidor perqu\u00e8 signi la convocat\u00f2ria i anar-hi diverses vegades si no el troba a casa seva.<\/span><\/p>\n<p style=\"padding-left: 30px; text-align: justify;\"><span style=\"color: #000000;\"><u>Incorporaci\u00f3 d\u2019una nova secret\u00e0ria-interventora<\/u><\/span><\/p>\n<p style=\"padding-left: 30px; text-align: justify;\"><span style=\"color: #000000;\">El passat mes de setembre el Sr. Manel Pahissa, secretari-interventor municipal, va comunicar que a partir del mes de novembre anava, en comissi\u00f3 de servei, a un altre municipi. Per aquest motiu es va iniciar la convocat\u00f2ria d\u2019interinatge de la pla\u00e7a de secretari\/a-interventor\/a.<\/span><\/p>\n<p style=\"padding-left: 30px; text-align: justify;\"><span style=\"color: #000000;\">Es van presentar 12 candidats\/tes a la convocat\u00f2ria. Despr\u00e9s del proc\u00e9s de selecci\u00f3 es van adjudicar la pla\u00e7a a la Sra. Susana Blas\u00f3n Bayo, que prendr\u00e0 possessi\u00f3 del c\u00e0rrec de secret\u00e0ria-interventora al mes de gener.<\/span><\/p>\n<p style=\"text-align: justify;\"><span style=\"color: #000000;\"><strong>10.Precs i preguntes<\/strong><\/span><\/p>\n<p style=\"text-align: justify;\"><span style=\"color: #000000;\">Es contesten les preguntes que els regidors d\u2019ERC i la regidora no adscrita van fer als regidors de l\u2019equip de govern en l\u2019\u00faltim ple.<\/span><\/p>\n<p style=\"text-align: justify;\"><span style=\"color: #000000;\">Els regidors d\u2019ERC contesten a les preguntes que els ha fet la ciutadania.<\/span><\/p>\n<p style=\"text-align: justify;\"><span style=\"color: #000000;\">L\u2019equip de govern pren nota de les preguntes que formulen els regidors d\u2019ERC i la regidora no adscrita per respondre-les al pr\u00f2xim Ple.<\/span><\/p>\n<hr \/>\n<p style=\"text-align: justify;\"><span style=\"color: #000000;\"><a style=\"color: #000000;\" href=\"http:\/\/bisbalpenedes.com\/web\/wp-content\/uploads\/2018\/12\/Photo-17-12-2018-20-05-07.jpg\"><img loading=\"lazy\" class=\"aligncenter size-medium wp-image-8105\" src=\"http:\/\/bisbalpenedes.com\/web\/wp-content\/uploads\/2018\/12\/Photo-17-12-2018-20-05-07-300x225.jpg\" alt=\"PLE ORDINARI 18 DE DESEMBRE DE 2018\" width=\"300\" height=\"225\" srcset=\"https:\/\/bisbalpenedes.com\/web\/wp-content\/uploads\/2018\/12\/Photo-17-12-2018-20-05-07-300x225.jpg 300w, https:\/\/bisbalpenedes.com\/web\/wp-content\/uploads\/2018\/12\/Photo-17-12-2018-20-05-07-600x450.jpg 600w, https:\/\/bisbalpenedes.com\/web\/wp-content\/uploads\/2018\/12\/Photo-17-12-2018-20-05-07-768x576.jpg 768w, https:\/\/bisbalpenedes.com\/web\/wp-content\/uploads\/2018\/12\/Photo-17-12-2018-20-05-07-1024x768.jpg 1024w\" sizes=\"(max-width: 300px) 100vw, 300px\" \/><\/a><\/span><\/p>\n<p style=\"text-align: justify;\"><span style=\"color: #000000;\"><strong>CASTELLANO |<\/strong> Este lunes 17 de diciembre del 2018 ha tenido lugar el Pleno Ordinario del Ayuntamiento de la Bisbal del Pened\u00e8s.<\/span><\/p>\n<p style=\"text-align: justify;\"><span style=\"color: #000000;\">En este pleno, se ha excusado la ausencia del concejal Pere Saumoy (PDeCAT).<\/span><\/p>\n<p style=\"text-align: justify;\"><span style=\"color: #000000;\"><strong>1. Aprobaci\u00f3n del acta anterior.<\/strong><\/span><\/p>\n<p style=\"text-align: justify;\"><span style=\"color: #000000;\"><u>No se aprueba<\/u> con los votos a favor del PDeCAT (4) y en contra de ERC (5) y la concejala no adscrita (1).<\/span><\/p>\n<p style=\"text-align: justify;\"><span style=\"color: #000000;\"><strong>2. Modificaci\u00f3n del reglamento que regula las prestaciones econ\u00f3micas de urgencia social que tienen la finalidad de atender situaciones de necesidades puntuales, urgentes y b\u00e1sicas.<\/strong><\/span><\/p>\n<p style=\"text-align: justify;\"><span style=\"color: #000000;\"><u>No se aprueba<\/u> con los votos a favor del PDeCAT (4) y en contra de ERC (5) y la concejala no adscrita (1).<\/span><\/p>\n<p style=\"text-align: justify;\"><span style=\"color: #000000;\">Se propone modificar el reglamento que se aprob\u00f3 por acuerdo del Pleno del 19 de diciembre del 2016 y se modific\u00f3 en el Pleno del 18 de marzo del 2018, para incorporar las ayudas a familias en situaciones socioecon\u00f3micas desfavorecidas para la adquisici\u00f3n de libros de texto, para el transporte escolar intramunicipal y para la cuota del AMPA y tambi\u00e9n para incluir el pago de los recibos del IBI.<\/span><\/p>\n<p style=\"text-align: justify;\"><span style=\"color: #000000;\">El reglamento inicial regula las ayudas puntuales para suministros b\u00e1sicos como por ejemplo el agua y la luz as\u00ed como los contadores solidarios. Las ayudas para gastos de educaci\u00f3n como son los libros , el transporte escolar y la cuota del AMPA, se vienen haciendo v\u00eda subvenciones, lo que supone modificar cada a\u00f1o las bases y despu\u00e9s hacer la convocatoria, lo que hace que una familia que se dirija al Ayuntamiento una vez iniciado al curso, ya no puede optar a esta subvenci\u00f3n. Por otro lado, estas ayudas se han resuelto, hasta ahora, en una mesa para estas subvenciones, contemplando solo la documentaci\u00f3n aportada.<\/span><\/p>\n<p style=\"text-align: justify;\"><span style=\"color: #000000;\">Con esta modificaci\u00f3n se propon\u00eda la ampliaci\u00f3n del plazo para poder otorgar este tipo de ayudas durante todo el a\u00f1o pero con un plan de seguimiento y de trabajo a cumplir, trabajando conjuntamente con servicios sociales y el servicio de ocupaci\u00f3n municipal. Se trata de una ayuda social y, por eso, tambi\u00e9n se quiere hacer un seguimiento y acompa\u00f1amiento des de Ocupaci\u00f3 con un plan de formaci\u00f3n y ocupaci\u00f3n realizado por profesionales. Por otro lado, se propon\u00eda que esta ayuda pasase de ser una subvenci\u00f3n escolar para familias desfavorecidas a una ayuda escolar con el acompa\u00f1amiento y ayuda a la familia para que busque trabajo o se forme o busque vivienda y pueda salir de su situaci\u00f3n actual.<\/span><\/p>\n<p style=\"text-align: justify;\"><span style=\"color: #000000;\">As\u00ed, la propuesta planteaba valorar todas las ayudas en la mesa social que se re\u00fane cada mes con Servicios Sociales del Consell Comarcal y el Servei d\u2019Ocupaci\u00f3 Municipal. Tambi\u00e9n se propon\u00eda la modificaci\u00f3n del d\u00eda de las reuniones mensuales, para celebrarlas los martes en lugar de los mi\u00e9rcoles.<\/span><\/p>\n<p style=\"text-align: justify;\"><span style=\"color: #000000;\"><strong>3. Propuesta de aprobaci\u00f3n de las actas de delimitaci\u00f3n de los t\u00e9rminos municipales de la Bisbal y el Montmell, Lloren\u00e7 y Rodony\u00e0.<\/strong><\/span><\/p>\n<p style=\"text-align: justify;\"><span style=\"color: #000000;\"><u>Se aprueba<\/u> por unanimidad.<\/span><\/p>\n<p style=\"text-align: justify;\"><span style=\"color: #000000;\">La Comisi\u00f3n de Delimitaci\u00f3n Territorial de la Direcci\u00f3 General d\u2019Administraci\u00f3 Local del Departament de Governaci\u00f3, Administracions P\u00fabliques i Habitatge de la Generalitat de Catalunya ha iniciado varios expedientes de delimitaci\u00f3n de t\u00e9rminos municipales en el marco de la elaboraci\u00f3n del Mapa Municipal de Catalunya.<\/span><\/p>\n<p style=\"text-align: justify;\"><span style=\"color: #000000;\">Entre los meses de septiembre del 2018 y marzo de este a\u00f1o, se aprob\u00f3 por Pleno la creaci\u00f3n de las Comisiones de Delimitaci\u00f3n municipal para la Bisbal del Pened\u00e8s y Lloren\u00e7 del Pened\u00e8s, la Bisbal del Pened\u00e8s y Rodony\u00e0 y la Bisbal del Pened\u00e8s y el Montmell. Por parte del Ayuntamiento de la Bisbal del Pened\u00e8s la Comisi\u00f3n estuvo formada por el secretario municipal, el arquitecto, los concejales Maguy Antol\u00edn y Pere Saumoy y la alcaldesa Agn\u00e8s Ferr\u00e9, que firmaron las actas los d\u00edas que tuvieron lugar las reuniones, que contaron con miembros de los equipos de gobierno de los otros ayuntamientos, t\u00e9cnicos municipales, representantes y t\u00e9cnicos de la Generalitat y el Institut Cartogr\u00e0fic y propietarios de las fincas afectadas por las delimitaciones existentes.<\/span><\/p>\n<p style=\"text-align: justify;\"><span style=\"color: #000000;\">En fecha de 3 de mayo del 2018 se celebr\u00f3 la Comisi\u00f3n de Delimitaci\u00f3n Municipal entre el Ayuntamiento de la Bisbal del Pened\u00e8s y el de Lloren\u00e7 del Pened\u00e8s. Los documentos de partida que se utilizaron eran el a\u00f1o 1919. Se reconocieron los hitos y no se modific\u00f3 ninguno.<\/span><\/p>\n<p style=\"text-align: justify;\"><span style=\"color: #000000;\">En fecha de 10 de mayo del 2018 se firm\u00f3 el acta de las operaciones de delimitaci\u00f3n con el Ayuntamiento de Rodony\u00e0. Para la delimitaci\u00f3n con el municipio de Rodony\u00e0 los documentos de partida que se emplearon eran del a\u00f1o 1921. Se aceptaron los hitos de los t\u00e9rminos, que son los mismos, y se adecu\u00f3 la l\u00ednea del t\u00e9rmino a la realidad geogr\u00e1fica del momento, sin que esto suponga ninguna modificaci\u00f3n del trazado.<\/span><\/p>\n<p style=\"text-align: justify;\"><span style=\"color: #000000;\">En fecha de 15 de mayo del 2018 se firm\u00f3 el acta de las operaciones de delimitaci\u00f3n con el Ayuntamiento del Montmell. Para la delimitaci\u00f3n con el municipio del Montmell, los documentos de partida que se utilizaron eran del a\u00f1o 1921. Se aceptaron los hitos de los t\u00e9rminos, que son los mismos.<\/span><\/p>\n<p style=\"text-align: justify;\"><span style=\"color: #000000;\"><strong>4. Aprobaci\u00f3n de la adhesi\u00f3n del Ayuntamiento a AMTU (Associaci\u00f3 de Municipis per a la Mobilitat i el Transport Urb\u00e0).<\/strong><\/span><\/p>\n<p style=\"text-align: justify;\"><span style=\"color: #000000;\"><u>Se aprueba<\/u> por mayor\u00eda con 4 votos a favor del PDeCAT, 4 votos a favor de ERC, 1 voto a favor de la concejala no adscrita y 1 voto en contra de ERC.<\/span><\/p>\n<p style=\"text-align: justify;\"><span style=\"color: #000000;\">AMTU es una asociaci\u00f3n de municipios que trabaja para la mejora de la movilidad y de las infraestructuras de transporte p\u00fablico en toda Catalunya. Esta asociaci\u00f3n presta su apoyo t\u00e9cnico, jur\u00eddico y administrativo a sus asociados en el \u00e1mbito de la movilidad, infraestructuras y transporte p\u00fablico. Tiene 100 entidades asociadas: 97 municipios y 3 Consells Comarcals. La entidad trabaja para mejorar el transporte p\u00fablico y la movilidad sostenible en el pa\u00eds.<\/span><\/p>\n<p style=\"text-align: justify;\"><span style=\"color: #000000;\">El transporte urbano es un servicio muy importante para el municipio pero que no es competencia directa del Ayuntamiento porqu\u00e9 el municipio cuenta con menos de 5000 habitantes. Con la voluntad de ofrecer el mejor servicio posible, se considera necesario contar con el soporte jur\u00eddico y profesional que ofrece AMTU. Para el 2019, la cuota de asociados con AMTU ser\u00e1 de 472\u20ac. Este importe permite que el Ayuntamiento pueda contar con el soporte t\u00e9cnico, jur\u00eddico y administrativo en t\u00e9rminos de movilidad y transporte p\u00fablico.<\/span><\/p>\n<p style=\"text-align: justify;\"><span style=\"color: #000000;\"><strong>5. Convenio con FCC Aqualia SA para crear un fondo de solidaridad para garantizar el acceso al agua potable en cumplimiento de la normativa de pobreza energ\u00e9tica.<\/strong><\/span><\/p>\n<p style=\"text-align: justify;\"><span style=\"color: #000000;\"><u>Se aprueba<\/u> por unanimidad.<\/span><\/p>\n<p style=\"text-align: justify;\"><span style=\"color: #000000;\">En marzo del 2018 se modific\u00f3, por Pleno, el Reglamento de prestaciones de urgencias sociales cumpliendo con la normativa de pobreza energ\u00e9tica. En este Pleno se plantea la aprobaci\u00f3n del convenio para la creaci\u00f3n de un fondo social de solidaridad para garantizar el acceso de toda la ciudadan\u00eda al agua potable y el cumplimiento de la normativa en materia de pobreza energ\u00e9tica por parte del Ayuntamiento de la Bisbal del Pened\u00e8s y la concesionaria del servicio de agua potable, FCC Aqualia SA, dando cumplimento a lo que se prev\u00e9 en el art\u00edculo 6.3 de la Ley 24\/2015, de aplicaci\u00f3n de las medidas de atenci\u00f3n solidaria relacionadas con el suministro b\u00e1sico de agua a personas f\u00edsicas y unidades familiares en riesgo de exclusi\u00f3n residencial.<\/span><\/p>\n<p style=\"text-align: justify;\"><span style=\"color: #000000;\">Aqualia aporta 3.500\u20ac a este Fondo Social. Este 2018 el Ayuntamiento ya lo ha prove\u00eddo para hacer frente a los casos surgidos hasta ahora.<\/span><\/p>\n<p style=\"text-align: justify;\"><span style=\"color: #000000;\"><strong>6. Moci\u00f3n para denunciar el bloqueo jur\u00eddico del Tribunal Constitucional y de soporte a los presos pol\u00edticos que hacen huelga de hambre.<\/strong><\/span><\/p>\n<p style=\"text-align: justify;\"><span style=\"color: #000000;\"><u>Se aprueba<\/u> por mayor\u00eda con 4 votos a favor del PDeCAT, 5 votos a favor de ERC y un voto en contra de la concejala no adscrita.<\/span><\/p>\n<p style=\"text-align: justify;\"><span style=\"color: #000000;\">Se trata de una moci\u00f3n que presentan AMI y la ACM a los Ayuntamientos para \u201cdenunciar el bloqueo del Tribunal Constitucional y de soporte a los presos pol\u00edticos que hacen huelga de hambre\u201d.<\/span><\/p>\n<p style=\"text-align: justify;\"><span style=\"color: #000000;\">Pueden consultar el texto en este enlace:\u00a0<a style=\"color: #000000;\" href=\"http:\/\/bisbalpenedes.com\/web\/wp-content\/uploads\/2018\/12\/Mocio-AMI-ACM-Ple-Ordinari-17-de-desembre-de-2018.pdf\">Mocio AMI &#8211; ACM &#8211; Ple Ordinari 17 de desembre de 2018<\/a><\/span><\/p>\n<p style=\"text-align: justify;\"><span style=\"color: #000000;\"><strong>7. Modificaci\u00f3n de cr\u00e9dito.<\/strong><\/span><\/p>\n<p style=\"text-align: justify;\"><span style=\"color: #000000;\"><u>Se aprueba<\/u> por unanimidad.<\/span><\/p>\n<p style=\"text-align: justify;\"><span style=\"color: #000000;\">Se aprueba inicialmente el expediente de modificaci\u00f3n de cr\u00e9dito n\u00fam. 1855\/2018 del presupuesto en vigor, en la modalidad de suplemento de cr\u00e9dito, financiado con cargo a mayores ingresos efectivamente recaudados sobre los totales previstos.<\/span><\/p>\n<p style=\"text-align: justify;\"><span style=\"color: #000000;\">A partir de una revisi\u00f3n de este a\u00f1o de un ICIO de hace a\u00f1os, se ha hecho una recaudaci\u00f3n extraordinaria de m\u00e1s de 284.000\u20ac. Como que BASE-Gesti\u00f3n de ingresos es qui\u00e9n hace la gesti\u00f3n de la recaudaci\u00f3n del ICIO, tal como se aprob\u00f3 en las dos legislaturas anteriores, un porcentaje de este importe es para BASE por la gesti\u00f3n de la revisi\u00f3n y la recaudaci\u00f3n. Esta modificaci\u00f3n de cr\u00e9dito es para este pago a BASE.<\/span><\/p>\n<p style=\"text-align: justify;\"><span style=\"color: #000000;\"><strong>8. Dar cuenta de los Decretos de alcald\u00eda.<\/strong><\/span><\/p>\n<p style=\"text-align: justify;\"><span style=\"color: #000000;\"><u>No se vota.<\/u><\/span><\/p>\n<p style=\"text-align: justify;\"><span style=\"color: #000000;\">Se da cuenta de todos los decretos de alcald\u00eda firmados desde el \u00faltimo Pleno ordinario hasta ahora. Todos estos decretos est\u00e1n disponibles en el portal de transparencia desde el mismo momento en el cual se firman.<\/span><\/p>\n<p style=\"text-align: justify;\"><span style=\"color: #000000;\"><strong>9. Informe de alcald\u00eda.<\/strong><\/span><\/p>\n<p style=\"text-align: justify;\"><span style=\"color: #000000;\"><u>No se vota.<\/u><\/span><\/p>\n<p style=\"text-align: justify;\"><span style=\"color: #000000;\">La alcaldesa Agn\u00e8s Ferr\u00e9 informa sobre dos temas: la administraci\u00f3n electr\u00f3nica en los \u00f3rganos colegiados y la incorporaci\u00f3n de una nueva secretaria-interventora.<\/span><\/p>\n<p style=\"padding-left: 30px; text-align: justify;\"><span style=\"color: #000000;\"><u>Administraci\u00f3n electr\u00f3nica<\/u><\/span><\/p>\n<p style=\"padding-left: 30px; text-align: justify;\"><span style=\"color: #000000;\">En cumplimiento de la Ley 40\/2015, del 1 de octubre, del R\u00e9gimen Jur\u00eddico del sector p\u00fablico, se implementa la administraci\u00f3n electr\u00f3nica en los entes locales. En el 2017 se empez\u00f3 a trabajar con las convocatorias electr\u00f3nicas a las Juntas de Gobierno Local y para el Pleno Ordinario de este lunes ya se ha hecho la convocatoria por v\u00eda electr\u00f3nica. Esto supone comodidad, porqu\u00e9 se puede recibir la convocatoria y tener acceso a las propuestas y expedientes desde cualquier sitio, a trav\u00e9s de un ordenador; ahorro de papel, porqu\u00e9 toda la documentaci\u00f3n est\u00e1 en formato digital y se puede consultar siempre y desde cualquier sitio y, por lo tanto, no hace falta imprimirla; y ahorro de personal, porqu\u00e9 no hace falta destinar recursos a encontrar a cada concejal para que firme la convocatoria e ir varias veces si no se le encuentra en su casa.<\/span><\/p>\n<p style=\"padding-left: 30px; text-align: justify;\"><span style=\"color: #000000;\"><u>Incorporaci\u00f3n de una nueva secreataria-interventora<\/u><\/span><\/p>\n<p style=\"padding-left: 30px; text-align: justify;\"><span style=\"color: #000000;\">El pasado mes de septiembre el Sr. Manel Pahissa, secretario-interventor municipal, comunic\u00f3 que a partir del mes de noviembre se ir\u00eda, en comisi\u00f3n de servicio, a otro municipio. Por este motivo se inici\u00f3 la convocatoria de interinaje de la plaza de secretario\/a-interventor\/a.<\/span><\/p>\n<p style=\"padding-left: 30px; text-align: justify;\"><span style=\"color: #000000;\">Se presentaron 12 candidatos\/tas a la convocatoria. Despu\u00e9s del proceso de selecci\u00f3n se le adjudic\u00f3 la plaza a la Sra. Susana Blas\u00f3n Bayo, que tomar\u00e1 posesi\u00f3n del cargo de secretaria-interventora en el mes de enero.<\/span><\/p>\n<p style=\"text-align: justify;\"><span style=\"color: #000000;\"><strong>10. Ruegos y preguntas.<\/strong><\/span><\/p>\n<p style=\"text-align: justify;\"><span style=\"color: #000000;\">Se responde a las preguntas que los concejales de ERC y la concejala no adscrita hicieron a los concejales del equipo de gobierno en el \u00faltimo pleno.<\/span><\/p>\n<p style=\"text-align: justify;\"><span style=\"color: #000000;\">Los concejales de ERC contestan a las preguntas que les ha hecho la ciudadan\u00eda.<\/span><\/p>\n<p style=\"text-align: justify;\"><span style=\"color: #000000;\">El equipo de gobierno toma nota de las preguntas que formulan los concejales de ERC y la concejala no adscrita para responderlas en el pr\u00f3ximo Pleno.<\/span><\/p>\n<p>&nbsp;<\/p>\n","protected":false},"excerpt":{"rendered":"<p>Aquest dilluns 17 de desembre de 2018 ha tingut lloc el Ple Ordinari de l\u2019Ajuntament de la Bisbal del Pened\u00e8s. En aquest ple, s\u2019ha excusat l\u2019abs\u00e8ncia del regidor Pere Saumoy &hellip; <a href=\"https:\/\/bisbalpenedes.com\/web\/2018\/12\/18\/aquest-dilluns-17-de-desembre-sha-celebrat-el-ple-ordinari-de-lajuntament-de-la-bisbal-del-penedes\/\" class=\"more-link\">Read More<\/a><\/p>\n","protected":false},"author":4,"featured_media":8105,"comment_status":"closed","ping_status":"closed","sticky":false,"template":"","format":"standard","meta":[],"categories":[2250],"tags":[874,2581,875,2530,2672,2671,906,2673,249,2674,1505],"_links":{"self":[{"href":"https:\/\/bisbalpenedes.com\/web\/wp-json\/wp\/v2\/posts\/8104"}],"collection":[{"href":"https:\/\/bisbalpenedes.com\/web\/wp-json\/wp\/v2\/posts"}],"about":[{"href":"https:\/\/bisbalpenedes.com\/web\/wp-json\/wp\/v2\/types\/post"}],"author":[{"embeddable":true,"href":"https:\/\/bisbalpenedes.com\/web\/wp-json\/wp\/v2\/users\/4"}],"replies":[{"embeddable":true,"href":"https:\/\/bisbalpenedes.com\/web\/wp-json\/wp\/v2\/comments?post=8104"}],"version-history":[{"count":4,"href":"https:\/\/bisbalpenedes.com\/web\/wp-json\/wp\/v2\/posts\/8104\/revisions"}],"predecessor-version":[{"id":8110,"href":"https:\/\/bisbalpenedes.com\/web\/wp-json\/wp\/v2\/posts\/8104\/revisions\/8110"}],"wp:featuredmedia":[{"embeddable":true,"href":"https:\/\/bisbalpenedes.com\/web\/wp-json\/wp\/v2\/media\/8105"}],"wp:attachment":[{"href":"https:\/\/bisbalpenedes.com\/web\/wp-json\/wp\/v2\/media?parent=8104"}],"wp:term":[{"taxonomy":"category","embeddable":true,"href":"https:\/\/bisbalpenedes.com\/web\/wp-json\/wp\/v2\/categories?post=8104"},{"taxonomy":"post_tag","embeddable":true,"href":"https:\/\/bisbalpenedes.com\/web\/wp-json\/wp\/v2\/tags?post=8104"}],"curies":[{"name":"wp","href":"https:\/\/api.w.org\/{rel}","templated":true}]}}